{"id":486,"date":"2015-05-05T16:44:00","date_gmt":"2015-05-05T16:44:00","guid":{"rendered":"http:\/\/fmriachuelo.observatorioess.org.ar\/index.php\/2015\/05\/05\/unisur-un-proyecto-de-tv-conjunto-de-cinco-universidades-nacionales\/"},"modified":"2025-03-28T16:09:47","modified_gmt":"2025-03-28T19:09:47","slug":"unisur-un-proyecto-de-tv-conjunto-de-cinco-universidades-nacionales","status":"publish","type":"post","link":"http:\/\/fmriachuelo.it10.com.ar\/index.php\/2015\/05\/05\/unisur-un-proyecto-de-tv-conjunto-de-cinco-universidades-nacionales\/","title":{"rendered":"UNISUR UN PROYECTO DE TV CONJUNTO DE CINCO UNIVERSIDADES NACIONALES"},"content":{"rendered":"<p><span style=\"color: red;font-family: Verdana, sans-serif;font-size: large\"><strong>ENCENDIDO SIMBOLICO:CON LAS MEJORES INTENCIONES<\/strong><\/span><br \/><span style=\"font-family: Verdana, sans-serif\"><strong>Unisur TV, el canal de cinco universidades nacionales, ya est\u00e1 en el aire<\/strong><\/span><br \/><span style=\"font-family: Verdana, sans-serif\">El nuevo canal se encuentra en el aire, en per\u00edodo de prueba, para la Regi\u00f3n Sur, en el canal 29 de la Televisi\u00f3n Digital Abierta (TDA). El \u201cencendido simb\u00f3lico\u201d, del que participaron las autoridades de las diferentes Universidades Nacionales, se realiz\u00f3 el martes 28 de abril en la Sala de Consejo Superior de la Universidad Nacional de Lan\u00fas (UNLa).<\/span><\/p>\n<div style=\"clear: both;text-align: center\"><a href=\"http:\/\/3.bp.blogspot.com\/-rVGYyP8Mmo8\/VUjypa-mzTI\/AAAAAAAAEMk\/is-B6X0Rips\/s1600\/tvsur.jpg\" style=\"clear: left;float: left;margin-bottom: 1em;margin-right: 1em\"><img loading=\"lazy\" decoding=\"async\" border=\"0\" height=\"190\" src=\"http:\/\/3.bp.blogspot.com\/-rVGYyP8Mmo8\/VUjypa-mzTI\/AAAAAAAAEMk\/is-B6X0Rips\/s320\/tvsur.jpg\" width=\"320\" \/><\/a><\/div>\n<p><span style=\"font-family: Verdana, sans-serif\">La Plata, 04 May (InfoGEI).- Unisur TV, el canal administrado por un consorcio de cinco universidades nacionales (Lan\u00fas, Avellaneda, Quilmes, Jauretche y de la Artes) ya se encuentra en el aire para la Regi\u00f3n Sur del conurbano bonaerense en el canal 29 de la Televisi\u00f3n Digital Abierta (TDA). El \u201cencendido simb\u00f3lico\u201d, del que participaron las autoridades de las diferentes casas de altos estudios se llev\u00f3 a cabo en la Sala de Consejo Superior de la UNLa.<\/span><a name='more'><\/a><span style=\"font-family: Verdana, sans-serif\"><br \/>All\u00ed estuvieron presentes el rector de la UNDAV y presidente del Consejo Interuniversitario Nacional (CIN), Ing. Jorge Calzoni; el rector de la Universidad Nacional de Quilmes (UNQ), Dr. Mario Lozano; la rectora de la Universidad Nacional de Lan\u00fas, Dra. Ana Jaramillo; la rectora de la Universidad Nacional de las Artes (UNA), Sandra Torlucci; el Lic. Rafael Ruffo, por la Universidad Nacional Arturo Jauretche (UNAJ); el secretario del Consorcio, Loc. Mario Giorgi; Mart\u00edn Garc\u00eda y Ana Cardoso, por la UNLa; y el fil\u00f3sofo, intelectual y escritor mexicano Fernando Buen Abad Dom\u00ednguez, como invitado especial.<\/p>\n<p>Cabe destacar que Unisur TV cuenta con un representante de cada universidad en el directorio. Y los equipos audiovisuales de cada una de las universidades forman la unidad de producci\u00f3n del canal de manera descentralizada. En ese sentido, el canal tampoco tendr\u00e1 un estudio central, sino que cada universidad usar\u00e1 el propio y todas transmitir\u00e1n por fibra \u00f3ptica para emitir en vivo y conformar as\u00ed la programaci\u00f3n de la se\u00f1al.<\/p>\n<p>Lo que viene<\/p>\n<p>La se\u00f1al de prueba consta de dos horas de contenido generado por las universidades, que se repite durante el transcurso del d\u00eda. De esta manera, se podr\u00e1n ver documentales, microcontenidos y especiales realizados por cada uno de los equipos audiovisuales de las instituciones.<\/p>\n<p>Adem\u00e1s, se emitir\u00e1 el programa Mundo U, un ciclo televisivo en Alta Definici\u00f3n que muestra a las universidades p\u00fablicas mediante un recorrido que incluye entrevistas a alumnos, docentes, no docentes y la comunidad en general. Una iniciativa impulsada por Red Nacional Audiovisual Universitaria (RENAU) y realizado de las propias universidades, en el marco del Plan Federal de Producci\u00f3n de Contenidos del Consejo Interuniversitario Nacional (CIN).<\/p>\n<p>Luego, comenzar\u00e1 un proceso de conformaci\u00f3n de una grilla de contenidos y en el desarrollo de producciones conjuntas. Seg\u00fan trascendi\u00f3, el canal contar\u00e1 con contenidos informativos, de entretenimiento, culturales y educativos, y una programaci\u00f3n destinada a la divulgaci\u00f3n cient\u00edfica de conocimientos y de proyectos de extensi\u00f3n.<\/p>\n<p>La gesta<\/p>\n<p>Unisur TV, una iniciativa conjunta de la UNQ, la UNDAV, la UNLa, la UNAJ y la UNA, surge en el marco de la Ley 26.522 de Servicios de Comunicaci\u00f3n Audiovisual que estipula el otorgamiento de autorizaciones a las universidades nacionales para la instalaci\u00f3n y explotaci\u00f3n de servicios de radiodifusi\u00f3n. Para la instalaci\u00f3n de los estudios de producci\u00f3n en cada universidad, el Ministerio de Educaci\u00f3n de la Naci\u00f3n realiz\u00f3 un importante aporte econ\u00f3mico. Luego, cinco rectores firmaron carta de intenci\u00f3n para avanzar en el canal.<\/p>\n<p>Durante la presentaci\u00f3n del canal, Ana Jaramillo, rectora de la Universidad Nacional de Lan\u00fas manifest\u00f3 que se trata de un hecho \u00fanico porque \u201cgeneralmente las Universidades se a\u00edslan\u201d y este hecho son cinco las universidades del sur que se han unido formando \u201cuna sudestada\u201d.<\/p>\n<p>Por su parte, Mario Lozano, rector de la Universidad Nacional de Quilmes describi\u00f3 \u201cnosotros creemos que estamos trabajando en el proceso de democratizar la palabra, de encontrar nuevas alternativas de visibilizar las necesidades de cada uno de nuestros habitantes y adem\u00e1s de romper\u00e1 esas barreras hist\u00f3ricas que separaban a las universidades de nuestro pueblo\u201d. <\/span><\/p>\n<p><span style=\"color: blue;font-family: Verdana, sans-serif\">Fuente: <\/span><span style=\"color: blue;font-family: Verdana, sans-serif\">InfoGEI , Producci\u00f3n Riachuelo<\/span><\/p>\n","protected":false},"excerpt":{"rendered":"<p>ENCENDIDO SIMBOLICO:CON LAS MEJORES INTENCIONESUnisur TV, el canal de cinco universidades nacionales, ya est\u00e1 en el aireEl nuevo canal se encuentra en el aire, en per\u00edodo de prueba, para la Regi\u00f3n Sur, en el canal 29 de la Televisi\u00f3n Digital Abierta (TDA). El \u201cencendido simb\u00f3lico\u201d, del que participaron las autoridades de las diferentes Universidades Nacionales, [&hellip;]<\/p>\n","protected":false},"author":4,"featured_media":0,"comment_status":"open","ping_status":"open","sticky":false,"template":"","format":"standard","meta":{"_monsterinsights_skip_tracking":false,"_monsterinsights_sitenote_active":false,"_monsterinsights_sitenote_note":"","_monsterinsights_sitenote_category":0,"jnews-multi-image_gallery":[],"jnews_single_post":{"format":"standard"},"jnews_primary_category":[],"_joinchat":[],"footnotes":""},"categories":[58],"tags":[159],"class_list":["post-486","post","type-post","status-publish","format-standard","hentry","category-noticiariachuelo","tag-comunicacion"],"_links":{"self":[{"href":"http:\/\/fmriachuelo.it10.com.ar\/index.php\/wp-json\/wp\/v2\/posts\/486","targetHints":{"allow":["GET"]}}],"collection":[{"href":"http:\/\/fmriachuelo.it10.com.ar\/index.php\/wp-json\/wp\/v2\/posts"}],"about":[{"href":"http:\/\/fmriachuelo.it10.com.ar\/index.php\/wp-json\/wp\/v2\/types\/post"}],"author":[{"embeddable":true,"href":"http:\/\/fmriachuelo.it10.com.ar\/index.php\/wp-json\/wp\/v2\/users\/4"}],"replies":[{"embeddable":true,"href":"http:\/\/fmriachuelo.it10.com.ar\/index.php\/wp-json\/wp\/v2\/comments?post=486"}],"version-history":[{"count":1,"href":"http:\/\/fmriachuelo.it10.com.ar\/index.php\/wp-json\/wp\/v2\/posts\/486\/revisions"}],"predecessor-version":[{"id":23378,"href":"http:\/\/fmriachuelo.it10.com.ar\/index.php\/wp-json\/wp\/v2\/posts\/486\/revisions\/23378"}],"wp:attachment":[{"href":"http:\/\/fmriachuelo.it10.com.ar\/index.php\/wp-json\/wp\/v2\/media?parent=486"}],"wp:term":[{"taxonomy":"category","embeddable":true,"href":"http:\/\/fmriachuelo.it10.com.ar\/index.php\/wp-json\/wp\/v2\/categories?post=486"},{"taxonomy":"post_tag","embeddable":true,"href":"http:\/\/fmriachuelo.it10.com.ar\/index.php\/wp-json\/wp\/v2\/tags?post=486"}],"curies":[{"name":"wp","href":"https:\/\/api.w.org\/{rel}","templated":true}]}}