{"id":4857,"date":"2017-06-25T18:22:48","date_gmt":"2017-06-25T18:22:48","guid":{"rendered":"http:\/\/fmriachuelo.com.ar\/ljkjklj\/?p=4857"},"modified":"2017-06-25T18:22:48","modified_gmt":"2017-06-25T18:22:48","slug":"a-15-anos-de-los-asesinatos-de-dario-santillan-y-maxiliano-kosteki","status":"publish","type":"post","link":"http:\/\/fmriachuelo.it10.com.ar\/index.php\/2017\/06\/25\/a-15-anos-de-los-asesinatos-de-dario-santillan-y-maxiliano-kosteki\/","title":{"rendered":"A 15 A\u00d1OS DE LOS ASESINATOS DE  DARIO SANTILLAN Y MAXILIANO KOSTEKI"},"content":{"rendered":"<p>Reproducimos y adherimos al comunicado:<\/p>\n<div>\n<div>\n<div>\n<div dir=\"ltr\">\n<div class=\"x_elided-text\">\n<div dir=\"ltr\">\n<div class=\"x_elided-text\">\n<div dir=\"ltr\">\n<div class=\"x_elided-text\">\n<div dir=\"ltr\">\n<div class=\"x_elided-text\">\n<div dir=\"ltr\">\n<div><b><span style=\"color: #ff0000;font-size: large\">Documento Jornada 25 de Junio.<\/span><\/b><\/div>\n<div>\n<div><b>\u00a0<\/b><\/div>\n<div><b>A 15 a\u00f1os de la Masacre de Avellaneda\u00a0<\/b><\/div>\n<div><b>15 a\u00f1os de Impunidad, \u202fInjusticia y \u202fComplicidades\u00a0<\/b><\/div>\n<div><b>15 a\u00f1os de Lucha, Organizaci\u00f3n y Rebeld\u00eda\u00a0<\/b><\/div>\n<div><b>C\u00e1rcel a los Responsables Pol\u00edticos de los asesinatos de Dar\u00edo Santill\u00e1n y Maximiliano Kosteki\u00a0<\/b><\/div>\n<div><\/div>\n<div>Hoy 25 de Junio, a pocas horas de cumplirse un nuevo aniversario de la represi\u00f3n ordenada por el ex presidente Eduardo Duhalde, y que le arrancara la vida a nuestros compa\u00f1eros Dar\u00edo y Maxi, nos reunimos para reivindicarlos por su militancia, por el ejemplo que nos dejaron y por la rebeld\u00eda que entregaron al pueblo, pero sobre todo a las nuevas generaciones de j\u00f3venes que inspirados en sus luchas, han levantado sus banderas como signo de identidad popular.<\/div>\n<div><\/div>\n<div>Hace 15 a\u00f1os que luchamos por Justicia. En este tiempo hemos logrado condenar a cadena perpetua a los asesinos materiales. El ex comisario de la bonaerense Alfredo Fanchiotti y el ex cabo de la misma fuerza Alejandro Acosta, hoy est\u00e1n presos por ser los asesinos directos. Tambi\u00e9n los polic\u00edas Carlos Jes\u00fas Quevedo, Mario H\u00e9ctor de la Fuente, F\u00e9lix Osvaldo Vega, Gast\u00f3n Sierra, Lorenzo Colman y Francisco Celestino Robledo fueron sentenciados a condenas menores.<\/div>\n<div><\/div>\n<div>Todas estas condenas no se deben a la benevolencia del sistema judicial. Sabemos que las condenas conseguidas a los autores materiales de la Masacre de Avellaneda se lograron gracias a la enorme movilizaci\u00f3n de nuestro pueblo. Movilizaciones, escraches, acampes, comunicados de denuncia empujaron a la justicia a que en este caso no mire hacia otro lado, como s\u00ed lo hace en la mayor\u00eda de las veces en donde se debe juzgar a los poderosos.<\/div>\n<div><\/div>\n<div>Otro logro de la lucha popular durante estos a\u00f1os significa el cambio de nombre a la estaci\u00f3n. Haber logrado dicho cambio de nombre nos permite estar hoy aqu\u00ed, en la Estaci\u00f3n Dar\u00edo Santill\u00e1n y Maximiliano Kosteki. Reemplazamos el nombre de Avellaneda, un pol\u00edtico que orden\u00f3 el exterminio de nuestros hermanos y hermanas originarias de la Patagonia, por el nombre de dos s\u00edmbolos de la lucha contra este sistema opresor: Dar\u00edo y Maxi. Esto nos permite hoy seguir desarrollando los sue\u00f1os de estos y de miles de compas, teniendo una estaci\u00f3n que es propiamente una Es-Cultura Popular, un lugar de encuentro donde el arte y el trabajo se potencian en el camino del Cambio Social.<\/div>\n<div><\/div>\n<div>En ese largo camino hacia el cambio social nos topamos con aquella jornada del 26 de junio de 2002. Ese d\u00eda el Gobierno Nacional y el de la Provincia de Buenos Aires a cargo de Felipe Sol\u00e1, llevaron a cabo un plan cuyo objetivo era disciplinar a las organizaciones populares que luch\u00e1bamos por trabajo y dignidad.<\/div>\n<div><\/div>\n<div>Por eso hirieron tambi\u00e9n con balas de plomo a m\u00e1s de cuarenta compa\u00f1eros y compa\u00f1eras, y cientos de los nuestros fueron perseguidos como si fuese una cacer\u00eda para ser luego detenidos y torturados en las comisar\u00edas de la zona. Esa era la respuesta del gobierno de Duhalde y Sol\u00e1 a la tremenda crisis econ\u00f3mica que ellos mismos, junto a otros de su cala\u00f1a, hab\u00edan provocado.<\/div>\n<div><\/div>\n<div>A seis meses del estallido social del 19 y 20 de Diciembre del 2001, donde el pueblo termin\u00f3 con el mal gobierno de De la R\u00faa y Cavallo, fue que Duhalde pretendi\u00f3 emitir una se\u00f1al a los organismos internacionales de cr\u00e9dito. Intent\u00f3 mostrar al Fondo Monetario Internacional y al Banco Mundial, que con mano dura pod\u00eda enderezar el tim\u00f3n del barco que se hund\u00eda. Sin embargo, la represi\u00f3n y las muertes se convirtieron en su propio castigo. Tuvo que adelantar las elecciones y renunciar a postularse a la presidencia.<\/div>\n<div><\/div>\n<div>Hoy tras 15 a\u00f1os volvemos a denunciar que aquel 26 de junio hubo una responsabilidad sistem\u00e1tica del Estado y de sus Instituciones en la represi\u00f3n. La crisis del modelo neoliberal que impuso el menemismo desemboc\u00f3 la formaci\u00f3n de un ej\u00e9rcito de por lo menos cinco millones de desocupados en todo el pa\u00eds. Las respuestas de los distintos gobiernos fue reprimir y asesinar. V\u00edctor Choque trabajador asesinado en 1995 en Tierra del Fuego durante una movilizaci\u00f3n de despedidos y Teresa Rodr\u00edguez en Cutral-C\u00f3 en 1997, ambos durante el gobierno de Carlos Menem.<\/div>\n<div><\/div>\n<div>El comienzo del gobierno de Fernando De la R\u00faa tuvo su bautismo de sangre en el a\u00f1o 1999 sobre el Puente General Belgrano que unen las provincias de Corrientes y Chaco. Ah\u00ed Federico Escobar y Mauro Ojeda ca\u00edan por las balas de la gendarmer\u00eda de la Alianza. En el 2000 los cortes de la ruta 34 en General Mosconi y Tartagal, en la provincia de Salta, se llevaron las vidas de Carlos Santill\u00e1n, Jos\u00e9 Oscar Barrios y la de An\u00edbal Ver\u00f3n.<\/div>\n<div><\/div>\n<div>En 2001 el gobierno del radical De La R\u00faa deja m\u00e1s de treinta muertos en las calles y unos meses despu\u00e9s el Gobierno de Duhalde planifica y ejecuta un operativo conjunto de todas las fuerzas de seguridad de la naci\u00f3n y la provincia de buenos aires, coordinados desde el poder ejecutivo para asesinar en el puente Pueyrred\u00f3n.<\/div>\n<div><\/div>\n<div>Ya en la \u00e9poca kirchnerista, los asesinatos de Carlos Fuentealba y Mariano Ferreyra, Luciano Arruga y la desaparici\u00f3n de Julio L\u00f3pez, marcan una clara responsabilidad del Estado al momento de acallar las voces que protestan y resisten, planteando un cambio de fondo al saqueo del que es v\u00edctima nuestro pueblo y la naci\u00f3n.<\/div>\n<div><\/div>\n<div>Claro que todo este escenario no hizo m\u00e1s que empeorar dr\u00e1sticamente con la asunci\u00f3n de Cambiemos a la presidencia, al mismo tiempo que en los gobiernos de varias provincias. El clima de represi\u00f3n institucional que se vive desde la asunci\u00f3n de Mauricio Macri nos recuerda a las peores \u00e9pocas de nuestro pa\u00eds. Por un lado gran parte del gabinete presidencial repite las consignas negacionistas del terrorismo de Estado: Macri, Garavano, Avruj, Lop\u00e9rfido y G\u00f3mez Centuri\u00f3n son algunos de quienes han dudado de la cifra de desaparecidos y desaparecidas, relativizado el terrorismo de Estado, y vuelto a poner en escena la decadente teor\u00eda de los dos demonios.<\/div>\n<div><\/div>\n<div>Pero no solamente respecto del pasado este gobierno profundiz\u00f3 el rol impune del Estado. En un marco de despidos, ajuste, tarifazos, rebajas salariales, reducci\u00f3n de fondos para educaci\u00f3n, \u00a0salud y protecci\u00f3n social, las escenas de la polic\u00eda ingresando recurrentemente a instituciones educativas p\u00fablicas como ocurri\u00f3 en colegios de La Matanza, Banfield, Berisso y la Capital Federal y Universidades; la represi\u00f3n dentro de comedores barriales; la toma de asistencias a docentes bonaerenses en huelga por parte de uniformados, as\u00ed como la represi\u00f3n y encarcelamientos en Tierra del Fuego, Santa Cruz, Mendoza, Formosa, Jujuy etc. representan la persecuci\u00f3n y la puesta del Estado al servicio pleno de la represi\u00f3n y el hostigamiento al campo popular.<\/div>\n<div><\/div>\n<div>En este preocupante contexto, los medios vuelven a agitar los fantasmas del 26 de junio. La figura de Dar\u00edo y Maxi es un emblema de la represi\u00f3n del mal gobierno, y de un Estado al servicio de los poderosos. A 15 a\u00f1os de la masacre de Avellaneda, resulta alarmante que recrudezca un discurso de mano dura, que a la protesta social s\u00f3lo quiere contestarle con palos, gases y represi\u00f3n.<\/div>\n<div><\/div>\n<div>Es por todo ello que repudiamos profundamente al gobierno de Mauricio Macri, que intenta llevar adelante un plan pol\u00edtico, econ\u00f3mico y cultural al servicio del \u00a0imperialismo y sus multinacionales. Sin dudas es \u00a0m\u00e1s neoliberalismo que sufrimos en nuestra historia, con medidas que solo benefician a los ricos y avasallando los derechos de los sectores populares.<\/div>\n<div><\/div>\n<div>Ante todo este escenario, seguiremos respondiendo de la misma manera: con m\u00e1s y mejor organizaci\u00f3n popular.\u00a0 Los y las que estamos ac\u00e1 somos laburantes, somos familias de los barrios, estudiantes, somos mujeres, somos organizaciones pol\u00edticas y sociales. Y estamos creando d\u00eda a d\u00eda Poder Popular.<\/div>\n<div><\/div>\n<div>Seguimos luchando para organizar al pueblo, generando trabajo, luchando por Viviendas dignas, para que a nadie le falte la comida, en contra de la trata de personas, de la violencia machista y patriarcal hacia las mujeres y para terminar con estos gobiernos corruptos y asesinos.<\/div>\n<div><\/div>\n<div>Es por todo esto que hoy, tras 15 a\u00f1os, y desde nuestra hist\u00f3rica estaci\u00f3n Dar\u00edo y Maxi decimos:<\/div>\n<div><\/div>\n<div>C\u00e1rcel a los Responsables Pol\u00edticos de la Masacre de Avellaneda.<\/div>\n<div>Por el avance del Juicio en la Justicia Federal para que se condene a los autores intelectuales.<\/div>\n<div>NO a la represi\u00f3n de la protesta social y las luchas populares<\/div>\n<div>Protestar es un derecho!<\/div>\n<div>26 de junio: represi\u00f3n estatal NUNCA MAS<\/div>\n<div><\/div>\n<\/div>\n<\/div>\n<\/div>\n<\/div>\n<\/div>\n<\/div>\n<\/div>\n<\/div>\n<\/div>\n<\/div>\n<\/div>\n<\/div>\n<\/div>\n<div>\n<div>\n<div>\n<div dir=\"ltr\">\n<div class=\"x_elided-text\">\n<div dir=\"ltr\">\n<div class=\"x_elided-text\">\n<div dir=\"ltr\">\n<div class=\"x_elided-text\">\n<div dir=\"ltr\">\n<div class=\"x_elided-text\">\n<div dir=\"ltr\">\n<div>\n<div><span style=\"font-size: large\">\u00a0<\/span><\/div>\n<div><span style=\"font-size: large\">ADHESIONES DOCUMENTO: <a href=\"mailto:adhesiones26dejunio@gmail.com\" target=\"_blank\" rel=\"noopener noreferrer\">adhesiones26dejunio@gmail.com<\/a><\/span><\/div>\n<div><\/div>\n<\/div>\n<\/div>\n<\/div>\n<\/div>\n<\/div>\n<\/div>\n<\/div>\n<\/div>\n<\/div>\n<\/div>\n<\/div>\n<\/div>\n<\/div>\n<div>\n<div>\n<div>\n<div dir=\"ltr\">\n<div class=\"x_elided-text\">\n<div dir=\"ltr\">\n<div class=\"x_elided-text\">\n<div dir=\"ltr\">\n<div class=\"x_elided-text\">\n<div dir=\"ltr\">\n<div class=\"x_elided-text\">\n<div dir=\"ltr\">\n<div><b><span style=\"font-size: large\"><a href=\"https:\/\/issuu.com\/frentepopulardariosantillan\/docs\/revista_fpds_16_hojas_mas_tapa\" target=\"_blank\" rel=\"noopener noreferrer\">PUBLICACI\u00d3N del Frente Popular Dar\u00edo Santill\u00e1n A 15 a\u00f1os de la Masacre de Avellaneda<\/a><\/span><\/b><\/div>\n<\/div>\n<\/div>\n<\/div>\n<\/div>\n<\/div>\n<\/div>\n<\/div>\n<\/div>\n<\/div>\n<\/div>\n<\/div>\n<\/div>\n","protected":false},"excerpt":{"rendered":"<p>Reproducimos y adherimos al comunicado: Documento Jornada 25 de Junio. \u00a0 A 15 a\u00f1os de la Masacre de Avellaneda\u00a0 15 a\u00f1os de Impunidad, \u202fInjusticia y \u202fComplicidades\u00a0 15 a\u00f1os de Lucha, Organizaci\u00f3n y Rebeld\u00eda\u00a0 C\u00e1rcel a los Responsables Pol\u00edticos de los asesinatos de Dar\u00edo Santill\u00e1n y Maximiliano Kosteki\u00a0 Hoy 25 de Junio, a pocas horas de [&hellip;]<\/p>\n","protected":false},"author":4,"featured_media":4858,"comment_status":"open","ping_status":"open","sticky":false,"template":"","format":"standard","meta":{"_monsterinsights_skip_tracking":false,"_monsterinsights_sitenote_active":false,"_monsterinsights_sitenote_note":"","_monsterinsights_sitenote_category":0,"jnews-multi-image_gallery":[],"jnews_single_post":[],"jnews_primary_category":[],"_joinchat":[],"footnotes":""},"categories":[75],"tags":[],"class_list":["post-4857","post","type-post","status-publish","format-standard","has-post-thumbnail","hentry","category-trabajo"],"_links":{"self":[{"href":"http:\/\/fmriachuelo.it10.com.ar\/index.php\/wp-json\/wp\/v2\/posts\/4857","targetHints":{"allow":["GET"]}}],"collection":[{"href":"http:\/\/fmriachuelo.it10.com.ar\/index.php\/wp-json\/wp\/v2\/posts"}],"about":[{"href":"http:\/\/fmriachuelo.it10.com.ar\/index.php\/wp-json\/wp\/v2\/types\/post"}],"author":[{"embeddable":true,"href":"http:\/\/fmriachuelo.it10.com.ar\/index.php\/wp-json\/wp\/v2\/users\/4"}],"replies":[{"embeddable":true,"href":"http:\/\/fmriachuelo.it10.com.ar\/index.php\/wp-json\/wp\/v2\/comments?post=4857"}],"version-history":[{"count":0,"href":"http:\/\/fmriachuelo.it10.com.ar\/index.php\/wp-json\/wp\/v2\/posts\/4857\/revisions"}],"wp:featuredmedia":[{"embeddable":true,"href":"http:\/\/fmriachuelo.it10.com.ar\/index.php\/wp-json\/"}],"wp:attachment":[{"href":"http:\/\/fmriachuelo.it10.com.ar\/index.php\/wp-json\/wp\/v2\/media?parent=4857"}],"wp:term":[{"taxonomy":"category","embeddable":true,"href":"http:\/\/fmriachuelo.it10.com.ar\/index.php\/wp-json\/wp\/v2\/categories?post=4857"},{"taxonomy":"post_tag","embeddable":true,"href":"http:\/\/fmriachuelo.it10.com.ar\/index.php\/wp-json\/wp\/v2\/tags?post=4857"}],"curies":[{"name":"wp","href":"https:\/\/api.w.org\/{rel}","templated":true}]}}