{"id":4849,"date":"2017-06-24T19:17:51","date_gmt":"2017-06-24T19:17:51","guid":{"rendered":"http:\/\/fmriachuelo.com.ar\/ljkjklj\/?p=4849"},"modified":"2017-06-24T19:17:51","modified_gmt":"2017-06-24T19:17:51","slug":"avellaneda-organizaciones-recuperan-el-valor-de-la-tradicional-fogata-de-san-juan","status":"publish","type":"post","link":"http:\/\/fmriachuelo.it10.com.ar\/index.php\/2017\/06\/24\/avellaneda-organizaciones-recuperan-el-valor-de-la-tradicional-fogata-de-san-juan\/","title":{"rendered":"AVELLANEDA, ORGANIZACIONES RECUPERAN EL VALOR DE LA TRADICIONAL FOGATA DE SAN JUAN"},"content":{"rendered":"<p>[FM Riachuelo 24\/06\/2017] En las \u00faltimas horas de la tarde (18 hs.) de hoy se realizar\u00e1, en la localidad de Avellaneda, barrio Pi\u00f1eyro, la fogata de San Juan, una celebraci\u00f3n que recupera las tradiciones populares. La actividad est\u00e1 organizada por distintas agrupaciones y contar\u00e1 con\u00a0 bandas en vivo, comida y bebidas, juegos, y la quema de un mu\u00f1eco en la Plaza Villaflor.<br \/>\nEn el programa Romp\u00e9 el Cerco Informativo, dialogamos con Hernan Bravo (coop. Cimarron) integrantes de una de las organizaciones que promueven el festejo y que nos cont\u00f3 sobre\u00a0los preparativos para la realizaci\u00f3n de esta actividad vecinal.<\/p>\n","protected":false},"excerpt":{"rendered":"<p>[FM Riachuelo 24\/06\/2017] En las \u00faltimas horas de la tarde (18 hs.) de hoy se realizar\u00e1, en la localidad de Avellaneda, barrio Pi\u00f1eyro, la fogata de San Juan, una celebraci\u00f3n que recupera las tradiciones populares. La actividad est\u00e1 organizada por distintas agrupaciones y contar\u00e1 con\u00a0 bandas en vivo, comida y bebidas, juegos, y la quema [&hellip;]<\/p>\n","protected":false},"author":4,"featured_media":4850,"comment_status":"open","ping_status":"open","sticky":false,"template":"","format":"standard","meta":{"_monsterinsights_skip_tracking":false,"_monsterinsights_sitenote_active":false,"_monsterinsights_sitenote_note":"","_monsterinsights_sitenote_category":0,"jnews-multi-image_gallery":[],"jnews_single_post":[],"jnews_primary_category":[],"_joinchat":[],"footnotes":""},"categories":[77],"tags":[],"class_list":["post-4849","post","type-post","status-publish","format-standard","has-post-thumbnail","hentry","category-soberania"],"_links":{"self":[{"href":"http:\/\/fmriachuelo.it10.com.ar\/index.php\/wp-json\/wp\/v2\/posts\/4849","targetHints":{"allow":["GET"]}}],"collection":[{"href":"http:\/\/fmriachuelo.it10.com.ar\/index.php\/wp-json\/wp\/v2\/posts"}],"about":[{"href":"http:\/\/fmriachuelo.it10.com.ar\/index.php\/wp-json\/wp\/v2\/types\/post"}],"author":[{"embeddable":true,"href":"http:\/\/fmriachuelo.it10.com.ar\/index.php\/wp-json\/wp\/v2\/users\/4"}],"replies":[{"embeddable":true,"href":"http:\/\/fmriachuelo.it10.com.ar\/index.php\/wp-json\/wp\/v2\/comments?post=4849"}],"version-history":[{"count":0,"href":"http:\/\/fmriachuelo.it10.com.ar\/index.php\/wp-json\/wp\/v2\/posts\/4849\/revisions"}],"wp:featuredmedia":[{"embeddable":true,"href":"http:\/\/fmriachuelo.it10.com.ar\/index.php\/wp-json\/"}],"wp:attachment":[{"href":"http:\/\/fmriachuelo.it10.com.ar\/index.php\/wp-json\/wp\/v2\/media?parent=4849"}],"wp:term":[{"taxonomy":"category","embeddable":true,"href":"http:\/\/fmriachuelo.it10.com.ar\/index.php\/wp-json\/wp\/v2\/categories?post=4849"},{"taxonomy":"post_tag","embeddable":true,"href":"http:\/\/fmriachuelo.it10.com.ar\/index.php\/wp-json\/wp\/v2\/tags?post=4849"}],"curies":[{"name":"wp","href":"https:\/\/api.w.org\/{rel}","templated":true}]}}