{"id":4847,"date":"2017-06-25T19:17:24","date_gmt":"2017-06-25T19:17:24","guid":{"rendered":"http:\/\/fmriachuelo.com.ar\/ljkjklj\/?p=4847"},"modified":"2017-06-25T19:17:24","modified_gmt":"2017-06-25T19:17:24","slug":"a-15-anos-de-la-masacre-de-avellaneda-proyeccion-del-documental-la-rebelion-es-justicia-por-maxi-dario-y-el-oso-cisneros","status":"publish","type":"post","link":"http:\/\/fmriachuelo.it10.com.ar\/index.php\/2017\/06\/25\/a-15-anos-de-la-masacre-de-avellaneda-proyeccion-del-documental-la-rebelion-es-justicia-por-maxi-dario-y-el-oso-cisneros\/","title":{"rendered":"A 15 A\u00d1OS DE LA MASACRE DE AVELLANEDA: PROYECCI\u00d3N DEL DOCUMENTAL LA REBELI\u00d3N ES JUSTICIA, POR MAXI, DAR\u00cdO Y EL OSO CISNEROS"},"content":{"rendered":"<p>[FM Riachuelo 25\/06\/2017] La O.S.y P. Los Pibes junto a <span style=\"color: #ff0000\"><strong>FM Riachuelo<\/strong><\/span> participar hoy, tal como lo hace cada a\u00f1o, con su presencia el homenaje a Maximiliano Kosteki y Dar\u00edo Santill\u00e1n asesinados por el poder pol\u00edtico cuando se hallaban en plena protesta social. Como parte de esta participaci\u00f3n, \u00a0el equipo audiovisual de <span style=\"color: #ff0000\"><strong>FM Riachuelo<\/strong> <\/span>estrenar\u00e1 el documental <strong><span style=\"color: #000000\">\u00abLa Rebeli\u00f3n es Justicia\u00bb<\/span><\/strong>, de producci\u00f3n propia que recupera la lucha de Mart\u00edn \u00abOso\u00bb Cisneros, militante asesinado en el barrio de La Boca.<\/p>\n<p>Difundimos comunicado:<\/p>\n<p>Esta noche a las 23 horas, en el ciclo de proyecciones que forma parte de las actividades de la vigilia en el Puente Pueyrredon, se proyectar\u00e1 el documental \u00abLa Rebeli\u00f3n es Justicia\u00bb, producci\u00f3n del equipo audiovisual de FM RIACHUELO 100.9.<\/p>\n<div id=\"x_m_-2894529888024140955gmail-m_-8719559296666423322gmail-m_1829482353016717978m_5527329622817540469m_4747999324065922837m_-1769869298654113783m_-6955877846964149537m_-3059809242860494515gmail-m_4099780405882248864m_2064242932484123040m_8983051552613965923gmail-m_-3300997178175842147gmail-yiv6868537314yui_3_16_0_ym19_1_1491571215217_60523\" dir=\"ltr\">Este material recupera el ejemplo de vida de Mart\u00edn Oso Cisneros, militante de nuestro Pueblo que, no casualmente, fue asesinado un 25 de junio de 2004, por encargo de los poderes anti-populares, mientras se preparaba para partcipar de la vigilia para repudiar los asesinatos de Dar\u00edo Santill\u00e1n y Maximiliano Kosteki en el Puente Pueyrred\u00f3n.<\/div>\n<div id=\"x_m_-2894529888024140955gmail-m_-8719559296666423322gmail-m_1829482353016717978m_5527329622817540469m_4747999324065922837m_-1769869298654113783m_-6955877846964149537m_-3059809242860494515gmail-m_4099780405882248864m_2064242932484123040m_8983051552613965923gmail-m_-3300997178175842147gmail-yiv6868537314yui_3_16_0_ym19_1_1491571215217_60523\" dir=\"ltr\"><span style=\"color: #000000;font-family: 'helvetica neue', helvetica, arial, 'lucida grande', sans-serif\">\u00a0<\/span><\/div>\n<div id=\"x_m_-2894529888024140955gmail-m_-8719559296666423322gmail-m_1829482353016717978m_5527329622817540469m_4747999324065922837m_-1769869298654113783m_-6955877846964149537m_-3059809242860494515gmail-m_4099780405882248864m_2064242932484123040m_8983051552613965923gmail-m_-3300997178175842147gmail-yiv6868537314yui_3_16_0_ym19_1_1491571215217_60523\" dir=\"ltr\"><span style=\"color: #000000;font-family: 'helvetica neue', helvetica, arial, 'lucida grande', sans-serif\">Hoy, la memoria de estos compa\u00f1eros es bandera para la reivindicaci\u00f3n del Derecho a la Protesta y contra la criminalizaci\u00f3n de la organizaci\u00f3n popular. Nos quieren sacar de la calle para realizar el ajuste sin resistencia, pero en la calle vamos a recordar a Dar\u00edo, Maxi y el Oso Cisneros. En la calle vamos a seguir luchando.<\/span><\/div>\n","protected":false},"excerpt":{"rendered":"<p>[FM Riachuelo 25\/06\/2017] La O.S.y P. Los Pibes junto a FM Riachuelo participar hoy, tal como lo hace cada a\u00f1o, con su presencia el homenaje a Maximiliano Kosteki y Dar\u00edo Santill\u00e1n asesinados por el poder pol\u00edtico cuando se hallaban en plena protesta social. Como parte de esta participaci\u00f3n, \u00a0el equipo audiovisual de FM Riachuelo estrenar\u00e1 [&hellip;]<\/p>\n","protected":false},"author":4,"featured_media":4731,"comment_status":"open","ping_status":"open","sticky":false,"template":"","format":"standard","meta":{"_monsterinsights_skip_tracking":false,"_monsterinsights_sitenote_active":false,"_monsterinsights_sitenote_note":"","_monsterinsights_sitenote_category":0,"jnews-multi-image_gallery":[],"jnews_single_post":[],"jnews_primary_category":[],"_joinchat":[],"footnotes":""},"categories":[77],"tags":[123,118],"class_list":["post-4847","post","type-post","status-publish","format-standard","has-post-thumbnail","hentry","category-soberania","tag-la-rebelion-es-justicia","tag-oso-cisneros"],"_links":{"self":[{"href":"http:\/\/fmriachuelo.it10.com.ar\/index.php\/wp-json\/wp\/v2\/posts\/4847","targetHints":{"allow":["GET"]}}],"collection":[{"href":"http:\/\/fmriachuelo.it10.com.ar\/index.php\/wp-json\/wp\/v2\/posts"}],"about":[{"href":"http:\/\/fmriachuelo.it10.com.ar\/index.php\/wp-json\/wp\/v2\/types\/post"}],"author":[{"embeddable":true,"href":"http:\/\/fmriachuelo.it10.com.ar\/index.php\/wp-json\/wp\/v2\/users\/4"}],"replies":[{"embeddable":true,"href":"http:\/\/fmriachuelo.it10.com.ar\/index.php\/wp-json\/wp\/v2\/comments?post=4847"}],"version-history":[{"count":0,"href":"http:\/\/fmriachuelo.it10.com.ar\/index.php\/wp-json\/wp\/v2\/posts\/4847\/revisions"}],"wp:featuredmedia":[{"embeddable":true,"href":"http:\/\/fmriachuelo.it10.com.ar\/index.php\/wp-json\/"}],"wp:attachment":[{"href":"http:\/\/fmriachuelo.it10.com.ar\/index.php\/wp-json\/wp\/v2\/media?parent=4847"}],"wp:term":[{"taxonomy":"category","embeddable":true,"href":"http:\/\/fmriachuelo.it10.com.ar\/index.php\/wp-json\/wp\/v2\/categories?post=4847"},{"taxonomy":"post_tag","embeddable":true,"href":"http:\/\/fmriachuelo.it10.com.ar\/index.php\/wp-json\/wp\/v2\/tags?post=4847"}],"curies":[{"name":"wp","href":"https:\/\/api.w.org\/{rel}","templated":true}]}}