{"id":484,"date":"2015-05-06T02:30:00","date_gmt":"2015-05-06T02:30:00","guid":{"rendered":"http:\/\/fmriachuelo.observatorioess.org.ar\/index.php\/2015\/05\/06\/8-de-mayo-dia-nacional-contra-la-violencia-institucional\/"},"modified":"2025-03-28T16:11:31","modified_gmt":"2025-03-28T19:11:31","slug":"8-de-mayo-dia-nacional-contra-la-violencia-institucional","status":"publish","type":"post","link":"http:\/\/fmriachuelo.it10.com.ar\/index.php\/2015\/05\/06\/8-de-mayo-dia-nacional-contra-la-violencia-institucional\/","title":{"rendered":"8 DE MAYO DIA NACIONAL CONTRA LA VIOLENCIA INSTITUCIONAL"},"content":{"rendered":"<p><span style=\"color: red;font-family: Verdana, sans-serif;font-size: large\"><strong>SIEMPRE CONTRA LOS MISMOS<\/strong><\/span><br \/><strong><span style=\"color: black;font-family: Verdana\">La violencia social es violencia institucional<\/span><\/strong><br \/><span style=\"font-family: Verdana, sans-serif\">Reproducimos Comunicado: <\/span><br \/><span style=\"font-family: Verdana, sans-serif\">El 8 de mayo tiene lugar el D\u00eda Nacional de la Lucha contra la Violencia Institucional en conmemoraci\u00f3n de los j\u00f3venes Agust\u00edn Olivera, Oscar Aredes, y Roberto Arga\u00f1araz, asesinados el 8 de mayo de 1987 a manos de la polic\u00eda bonaerense en lo que fue conocida como la Masacre de Budge 28 a\u00f1os despu\u00e9s, los docentes, trabajadores y vecinos de Sur de la Ciudad decimos que la Violencia Social es Violencia Institucional. Por acci\u00f3n y omisi\u00f3n del Estado son nuestros j\u00f3venes todav\u00eda blanco de distintas formas de violencia. En este marco denunciamos y repudiamos: Las zonas liberadas por las fuerzas de seguridad que terminan en el fusilamiento de los pibes, el abuso de poder por parte de las fuerzas de seguridad y su complicidad con los mercados criminales. La emergencia habitacional que concluye en incendios en conventillos, desesperadas tomas y desalojos. La precarizaci\u00f3n y el vaciamiento en dispositivos de atenci\u00f3n a la infancia y la adolescencia. La inacci\u00f3n del Estado ante el trabajo reglado s\u00f3lo por la voracidad empresaria del lucro y la especulaci\u00f3n que ajusta siempre en las condiciones de vida y de trabajo del trabajador, en talleres sin derechos que nos generaron dos nuevas muertes de ni\u00f1os de 7 y 10 a\u00f1os, entre muchas otras formas de violencia. Repudiamos la estigmatizaci\u00f3n recurrente de los grandes medios de comunicaci\u00f3n en la cobertura, que s\u00f3lo ayudan a reforzar la violencia en los barrios, y forjar los estereotipos que acrecientan la desigualdad y la violencia. Etiquetas que ubican a las v\u00edctimas de la violencia institucional en el lugar de victimarios o v\u00edctimas sin una nueva vida posible. Pedimos justicia por Ariel Villa del Bajo Flores, Cinthia Ayala de la Villa 21\/24, Gonzalo Reynoso de La Boca, Brian Ayaviri de Villa Lugano. Pedimos justicia para todos los j\u00f3venes asesinados en el Sur de la Ciudad. Frente a la vulneraci\u00f3n de las condiciones de vida de los barrios, exigimos a las autoridades pol\u00edticas responsables: Garantizar el derecho a una vida digna. Actuar con eficacia en la restituci\u00f3n, prevenci\u00f3n y promoci\u00f3n de derechos. Implementar pol\u00edticas p\u00fablicas integrales e inclusivas. La violencia social es violencia institucional Ni un pibe menos, ni una bala m\u00e1s. <\/span><br \/><span style=\"font-family: Verdana, sans-serif\">DOCENTES, VECINOS Y TRABAJADORES DEL SUR DE LA CIUDAD<br \/>Contacto: Santiago Asorey 1536165266<\/span><br \/><span style=\"font-family: Verdana\"><\/span><br \/><span style=\"color: blue;font-family: Verdana\">Fuente: Docentes, vecinos y trabajadores del Sur de la Ciudad, Producci\u00f3n Riachuelo<\/span><\/p>\n","protected":false},"excerpt":{"rendered":"<p>SIEMPRE CONTRA LOS MISMOSLa violencia social es violencia institucionalReproducimos Comunicado: El 8 de mayo tiene lugar el D\u00eda Nacional de la Lucha contra la Violencia Institucional en conmemoraci\u00f3n de los j\u00f3venes Agust\u00edn Olivera, Oscar Aredes, y Roberto Arga\u00f1araz, asesinados el 8 de mayo de 1987 a manos de la polic\u00eda bonaerense en lo que fue [&hellip;]<\/p>\n","protected":false},"author":4,"featured_media":0,"comment_status":"open","ping_status":"open","sticky":false,"template":"","format":"standard","meta":{"_monsterinsights_skip_tracking":false,"_monsterinsights_sitenote_active":false,"_monsterinsights_sitenote_note":"","_monsterinsights_sitenote_category":0,"jnews-multi-image_gallery":[],"jnews_single_post":{"format":"standard"},"jnews_primary_category":[],"_joinchat":[],"footnotes":""},"categories":[58],"tags":[89],"class_list":["post-484","post","type-post","status-publish","format-standard","hentry","category-noticiariachuelo","tag-violencia-institucional"],"_links":{"self":[{"href":"http:\/\/fmriachuelo.it10.com.ar\/index.php\/wp-json\/wp\/v2\/posts\/484","targetHints":{"allow":["GET"]}}],"collection":[{"href":"http:\/\/fmriachuelo.it10.com.ar\/index.php\/wp-json\/wp\/v2\/posts"}],"about":[{"href":"http:\/\/fmriachuelo.it10.com.ar\/index.php\/wp-json\/wp\/v2\/types\/post"}],"author":[{"embeddable":true,"href":"http:\/\/fmriachuelo.it10.com.ar\/index.php\/wp-json\/wp\/v2\/users\/4"}],"replies":[{"embeddable":true,"href":"http:\/\/fmriachuelo.it10.com.ar\/index.php\/wp-json\/wp\/v2\/comments?post=484"}],"version-history":[{"count":1,"href":"http:\/\/fmriachuelo.it10.com.ar\/index.php\/wp-json\/wp\/v2\/posts\/484\/revisions"}],"predecessor-version":[{"id":23380,"href":"http:\/\/fmriachuelo.it10.com.ar\/index.php\/wp-json\/wp\/v2\/posts\/484\/revisions\/23380"}],"wp:attachment":[{"href":"http:\/\/fmriachuelo.it10.com.ar\/index.php\/wp-json\/wp\/v2\/media?parent=484"}],"wp:term":[{"taxonomy":"category","embeddable":true,"href":"http:\/\/fmriachuelo.it10.com.ar\/index.php\/wp-json\/wp\/v2\/categories?post=484"},{"taxonomy":"post_tag","embeddable":true,"href":"http:\/\/fmriachuelo.it10.com.ar\/index.php\/wp-json\/wp\/v2\/tags?post=484"}],"curies":[{"name":"wp","href":"https:\/\/api.w.org\/{rel}","templated":true}]}}