{"id":4834,"date":"2017-06-23T02:48:51","date_gmt":"2017-06-23T02:48:51","guid":{"rendered":"http:\/\/fmriachuelo.com.ar\/ljkjklj\/?p=4834"},"modified":"2017-06-23T02:48:51","modified_gmt":"2017-06-23T02:48:51","slug":"bolivia-declaracion-final-de-la-conferencia-mundial-de-los-pueblos","status":"publish","type":"post","link":"http:\/\/fmriachuelo.it10.com.ar\/index.php\/2017\/06\/23\/bolivia-declaracion-final-de-la-conferencia-mundial-de-los-pueblos\/","title":{"rendered":"BOLIVIA, DECLARACI\u00d3N FINAL DE LA CONFERENCIA MUNDIAL DE LOS PUEBLOS"},"content":{"rendered":"<p>[FM Riachuelo 22\/06\/2017] Durante\u00a0tres d\u00edas se realiz\u00f3 la <strong>Conferencia Mundial de los Pueblos Por un Mundo Sin Muros Hacia una Ciudadan\u00eda Universal<\/strong> en Tiquipaya, Bolivia, en\u00a0donde confluyeron delegaciones de organizaciones y movimientos populares, \u00a0de distintas latitudes\u00a0de la patria grande. Estuvieron presentes destacados referentes como Rafael Correa, Ernesto Samper, Rodriguez Zapatero, \u00a0el presidente Evo Morales, junto a su vicepresidente Alvaro Garc\u00eda Lineras, el viceministro Alfredo Rada, entre otros. Un intenso encuentro desde donde se emiti\u00f3 como resultado un documento final.<\/p>\n<p class=\"post-title entry-title\">[Resumen Latinoamericano \/ ABI\/ 21 de junio 2017 \/\u00a0Tiquipaya, BOLIVIA]Este es el texto de la Declaraci\u00f3n final de la Conferencia Mundial de los Pueblos por un Mundo sin Muros hacia la Ciudadan\u00eda Universal, que se desarroll\u00f3 en Tiquipaya, a 400 km de La Paz, entre martes y mi\u00e9rcoles.<\/p>\n<article class=\"post-41678 post type-post status-publish format-image has-post-thumbnail hentry category-destacadas post_format-post-format-image\">\n<div class=\"post-inner group\">\n<div class=\"entry themeform share\">\n<div class=\"entry-inner\">\n<p>\u00a0\u00a0\u00a0<em> \u201cLos movimientos sociales, y ciudadanos y ciudadanas del mundo, reunidos en Tiquipaya, tras escuchar los testimonios de migrantes y refugiados, y debatir colectivamente desde nuestra memoria hist\u00f3rica y la pluralidad de nuestras identidades, aprobamos la siguiente Declaraci\u00f3n, a fin de poner de manifiesto nuestra visi\u00f3n y propuestas ante los Estados y la Comunidad Internacional con relaci\u00f3n a la denominada crisis migratoria.<\/em><\/p>\n<p><em>\u00a0\u00a0\u00a0 Los pueblos del mundo somos conscientes de la necesidad de seguir impulsando con mayor fuerza un nuevo orden mundial, cuyas caracter\u00edsticas sean:<\/em><\/p>\n<p><em>\u00a0\u00a0\u00a0 El establecimiento de las relaciones de complementariedad, equidad y solidaridad entre las personas y pueblos; el reconocimiento y universalizaci\u00f3n del acceso a los servicios b\u00e1sicos como derechos fundamentales, mismos que no pueden ser objeto de lucro y especulaci\u00f3n de grupos privados.<\/em><\/p>\n<p><em>\u00a0\u00a0\u00a0 La m\u00e1s amplia participaci\u00f3n ciudadana en la elaboraci\u00f3n e implementaci\u00f3n de las pol\u00edticas p\u00fablicas trascendiendo a las oligarqu\u00edas, dinast\u00edas, monarqu\u00edas y otras formas de jerarqu\u00edas pol\u00edticas.<\/em><\/p>\n<p><em>\u00a0\u00a0\u00a0 Una nueva arquitectura financiera internacional, donde no existan organismos multilaterales al servicio del capital transnacional y garantizar la propiedad social de los recursos naturales.<\/em><\/p>\n<p><em>\u00a0\u00a0\u00a0 La convivencia arm\u00f3nica con la Madre Tierra y el respeto de sus derechos; asumiendo que la naturaleza puede vivir sin los seres humanos, pero los seres humanos no podemos vivir al margen de ella, conculcando sus derechos y destruyendo el h\u00e1bitat.<\/em><\/p>\n<p><em>\u00a0\u00a0\u00a0 La construcci\u00f3n de la paz verdadera, que no solo es la inexistencia de conflictos b\u00e9licos, sino tambi\u00e9n la superaci\u00f3n de la violencia estructural que se traduce en el acceso equitativa de la riqueza y las oportunidades de desarrollo.<\/em><\/p>\n<p><em>\u00a0\u00a0\u00a0 Hemos verificado como principales causas de esta crisis los conflictos b\u00e9licos e intervenciones militares, el cambio clim\u00e1tico y las enormes asimetr\u00edas econ\u00f3micas entre los Estados y al interior de ellos. Estas situaciones destructivas tienen su origen en el orden mundial dominante, que en su voracidad desmedida por el lucro y la apropiaci\u00f3n de los bienes comunes genera violencia, promueve desigualdades, y destruye a la Madre Tierra. La crisis migratoria es una de las manifestaciones de la crisis integral de la globalizaci\u00f3n neoliberal.<\/em><\/p>\n<p><em>\u00a0\u00a0\u00a0 La movilidad humana es un derecho arraigado en la igualdad esencial del ser humano. Sin embargo, en la mayor parte de los casos, no responde a una decisi\u00f3n voluntaria de las personas sino a situaciones de necesidad que llegan a extremos de una migraci\u00f3n forzada. Al dolor del desarraigo se suman las situaciones de injusticia, exclusi\u00f3n, discriminaci\u00f3n y explotaci\u00f3n que sufren las personas en tr\u00e1nsito y en los pa\u00edses receptores que atentan contra su dignidad, sus derechos humanos elementales, y en no pocas ocasiones, contra su propia vida.<\/em><\/p>\n<p><em>\u00a0\u00a0\u00a0 Los discursos hegem\u00f3nicos, potenciados por las corporaciones medi\u00e1ticas trasnacionales, promueven una visi\u00f3n negativa de los migrantes, ocultando los aportes que \u00e9stos realizan a los pa\u00edses receptores en t\u00e9rminos econ\u00f3micos, demogr\u00e1ficos y socioculturales. Vemos con preocupaci\u00f3n el avance de posiciones neocoloniales, intolerantes y xenof\u00f3bicas que atentan contra la cooperaci\u00f3n entre los Pueblos y constituyen una verdadera amenaza para la paz mundial. Parad\u00f3jicamente, estas posiciones se sostienen desde los centros de poder global, principales responsables de la violencia estructural, la inequidad planetaria y el cambio clim\u00e1tico, en perjuicio de los acreedores de la deuda social y ambiental: los pobres y los pueblos pobres.<\/em><\/p>\n<p><em>\u00a0\u00a0\u00a0 Es por ello, que desde las bases sociales promovemos el siguiente dec\u00e1logo de propuestas para derribar los muros que nos dividen y construir una Ciudadan\u00eda Universal, que consagre el derecho de todos y todas a tener y gozar en plenitud de los mismos derechos, para el vivir bien de la humanidad.<\/em><\/p>\n<p><em>\u00a0\u00a0\u00a0 1. Superar la perspectiva hegem\u00f3nica de pol\u00edtica migratoria que plantea una gesti\u00f3n de las migraciones de manera \u201cregular, ordenada y segura\u201d, por una visi\u00f3n humanista que permita \u201cacoger, proteger, promover e integrar\u201d a las personas migrantes.<\/em><\/p>\n<p><em>\u00a0\u00a0\u00a0 2. Rechazar la criminalizaci\u00f3n de la migraci\u00f3n que encubre falsos enfoques de seguridad y control. De manera particular exigimos la eliminaci\u00f3n de los \u201ccentros de detenci\u00f3n de migrantes\u201d.<\/em><\/p>\n<p><em>\u00a0\u00a0\u00a0\u00a0 Exigir la destrucci\u00f3n de muros f\u00edsicos que separan a los pueblos; muros invisibles legales que persiguen y criminalizan; muros mentales que utilizan el miedo, la discriminaci\u00f3n y la xenofobia para separarnos entre hermanos. De igual manera, denunciamos los muros medi\u00e1ticos que descalifican o estigmatizan a los migrantes, y apostamos por promover la creaci\u00f3n de medios alternativos de comunicaci\u00f3n.<\/em><\/p>\n<p><em>\u00a0\u00a0\u00a0 3. Crear una Defensor\u00eda Mundial de los Pueblos por los Derechos de las personas migrantes, refugiados, asilados, ap\u00e1tridas, v\u00edctimas de trata y tr\u00e1fico, que promueva la libre movilidad y los derechos humanos.<\/em><\/p>\n<p><em>\u00a0\u00a0\u00a0 Solicitamos al pueblo y al gobierno de Bolivia, gestionar la creaci\u00f3n de una secretaria de coordinaci\u00f3n para efectivizar el cumplimiento de las resoluciones de esta declaraci\u00f3n de la Conferencia Mundial de los Pueblos por un Mundo sin Muros hacia la Ciudadan\u00eda Universal.<\/em><\/p>\n<p><em>\u00a0\u00a0\u00a0 4. Exigir a los gobiernos la creaci\u00f3n y\/o fortalecimiento de Ciudadan\u00edas Regionales que permitan la movilidad intrarregional y el pleno ejercicio de sus derechos, como puente hacia una ciudadan\u00eda universal.<\/em><\/p>\n<p><em>\u00a0\u00a0\u00a0\u00a0 5. Demandar que los gastos p\u00fablicos destinados a la guerra y la criminalizaci\u00f3n de los migrantes, sean utilizados para la creaci\u00f3n de programas de integraci\u00f3n, que garanticen el ejercicio pleno de los derechos de las personas migrantes y sus familias.<\/em><\/p>\n<p><em>\u00a0\u00a0\u00a0 6. Impulsar pol\u00edticas locales que permitan ciudades y sociedades integradoras, donde se hagan efectivos en la vida cotidiana de los migrantes los derechos a vivienda, salud, educaci\u00f3n, seguridad social, bajo los principios de complementariedad, solidaridad, hermandad y diversidad.<\/em><\/p>\n<p><em>\u00a0\u00a0\u00a0 7. Convocar a todos los gobiernos del mundo a luchar de manera conjunta contra las redes criminales que trafican con seres humanos, y declarar la trata y el tr\u00e1fico de personas como delito lesa humanidad.<\/em><\/p>\n<p><em>\u00a0\u00a0\u00a0 8. Actualizar, fortalecer y avanzar en el sistema multilateral y sus instrumentos internacionales referidos a migrantes, refugiados y sus familias, en especial:<\/em><\/p>\n<p><em>\u00a0\u00a0\u00a0 a) la \u201cConvenci\u00f3n Internacional sobre la protecci\u00f3n de los derechos de todos los trabajadores migratorios y sus familiares\u201d, ya que \u00e9sta no ha sido ratificada por ning\u00fan pa\u00eds del norte receptor de migrantes;<\/em><\/p>\n<p><em>\u00a0\u00a0\u00a0 b) la Convenci\u00f3n sobre el Estatuto de los Refugiados de ACNUR e incorporar nuevas concepciones referentes a desplazados y refugiados clim\u00e1ticos.<\/em><\/p>\n<p><em>\u00a0\u00a0\u00a0 c) Participar activamente en la negociaci\u00f3n del Pacto Mundial que se celebrar\u00e1 el 2018 en Naciones Unidas;<\/em><\/p>\n<p><em>\u00a0\u00a0\u00a0 d) Proclamar en la Asamblea General de las Naciones Unidas el Decenio Internacional para un Mundo sin Muros hacia la Ciudadan\u00eda Universal.<\/em><\/p>\n<p><em>\u00a0\u00a0\u00a0\u00a0 9. Superar el enfoque de \u201cfronteras r\u00edgidas\u201d por una visi\u00f3n que las entienda como puentes de integraci\u00f3n para la unidad entre los pueblos y la acogida de los migrantes, donde la lucha contra el crimen trasnacional organizado se encare en un marco de cooperaci\u00f3n entre los Estados.<\/em><\/p>\n<p><em>\u00a0\u00a0\u00a0 Impulsar el vivir bien en los lugares de origen de las personas migrantes, para que la movilidad sea siempre voluntaria y no forzosa como efecto de la pobreza, la violencia y el cambio clim\u00e1tico, denunciando el impacto del accionar irresponsable de las empresas trasnacionales, y aplicando sanciones a aquellas que atenten contra la permanencia de las familias en su lugar de origen.<\/em><\/p>\n<p><em>\u00a0\u00a0\u00a0 10. Promover la movilizaci\u00f3n popular a escala mundial, para que se reconozca en las instancias intra e internacionales el car\u00e1cter inalienable de los derechos de las personas en movilidad para derribar los bloqueos, intervenciones y muros, que unilateralmente levantan los poderosos para perpetuar la desigualdad y la injusticia social en el mundo.<\/em><\/p>\n<p><span style=\"color: #0000ff\"><strong><span style=\"color: #000000\">Otras noticias sobre la Conferencia:\u00a0<\/span>\u00a0\u00a0<a style=\"color: #0000ff\" href=\"http:\/\/www.resumenlatinoamericano.org\/2017\/06\/20\/bolivia-conferencia-mundial-de-pueblos-arranca-con-minuto-de-silencio-en-homenaje-a-refugiados-por-un-mundo-sin-muros-hacia-la-ciudadania-universal\/\">POR UN MUNDO SIN MUROS<\/a>\u00a0,<\/strong><\/span><span style=\"color: #0000ff\"><strong><a style=\"color: #0000ff\" href=\"http:\/\/www.resumenlatinoamericano.org\/2017\/06\/20\/bolivia-conferencia-mundial-de-los-pueblos-evo-morales-los-mismos-que-encienden-guerras-levantan-muros-contra-la-humanidad-no-criminalizar-y-chantajear-a-los-migrantesdefender-la-vida-de-mi\/\">PALABRAS DE EVO MORALES<\/a><\/strong><\/span><\/p>\n<\/div>\n<\/div>\n<\/div>\n<\/article>\n","protected":false},"excerpt":{"rendered":"<p>[FM Riachuelo 22\/06\/2017] Durante\u00a0tres d\u00edas se realiz\u00f3 la Conferencia Mundial de los Pueblos Por un Mundo Sin Muros Hacia una Ciudadan\u00eda Universal en Tiquipaya, Bolivia, en\u00a0donde confluyeron delegaciones de organizaciones y movimientos populares, \u00a0de distintas latitudes\u00a0de la patria grande. Estuvieron presentes destacados referentes como Rafael Correa, Ernesto Samper, Rodriguez Zapatero, \u00a0el presidente Evo Morales, junto [&hellip;]<\/p>\n","protected":false},"author":4,"featured_media":4835,"comment_status":"open","ping_status":"open","sticky":false,"template":"","format":"standard","meta":{"_monsterinsights_skip_tracking":false,"_monsterinsights_sitenote_active":false,"_monsterinsights_sitenote_note":"","_monsterinsights_sitenote_category":0,"jnews-multi-image_gallery":[],"jnews_single_post":[],"jnews_primary_category":[],"_joinchat":[],"footnotes":""},"categories":[79,76],"tags":[],"class_list":["post-4834","post","type-post","status-publish","format-standard","has-post-thumbnail","hentry","category-nadie-se-salva-solo","category-salud-comunitaria"],"_links":{"self":[{"href":"http:\/\/fmriachuelo.it10.com.ar\/index.php\/wp-json\/wp\/v2\/posts\/4834","targetHints":{"allow":["GET"]}}],"collection":[{"href":"http:\/\/fmriachuelo.it10.com.ar\/index.php\/wp-json\/wp\/v2\/posts"}],"about":[{"href":"http:\/\/fmriachuelo.it10.com.ar\/index.php\/wp-json\/wp\/v2\/types\/post"}],"author":[{"embeddable":true,"href":"http:\/\/fmriachuelo.it10.com.ar\/index.php\/wp-json\/wp\/v2\/users\/4"}],"replies":[{"embeddable":true,"href":"http:\/\/fmriachuelo.it10.com.ar\/index.php\/wp-json\/wp\/v2\/comments?post=4834"}],"version-history":[{"count":0,"href":"http:\/\/fmriachuelo.it10.com.ar\/index.php\/wp-json\/wp\/v2\/posts\/4834\/revisions"}],"wp:featuredmedia":[{"embeddable":true,"href":"http:\/\/fmriachuelo.it10.com.ar\/index.php\/wp-json\/"}],"wp:attachment":[{"href":"http:\/\/fmriachuelo.it10.com.ar\/index.php\/wp-json\/wp\/v2\/media?parent=4834"}],"wp:term":[{"taxonomy":"category","embeddable":true,"href":"http:\/\/fmriachuelo.it10.com.ar\/index.php\/wp-json\/wp\/v2\/categories?post=4834"},{"taxonomy":"post_tag","embeddable":true,"href":"http:\/\/fmriachuelo.it10.com.ar\/index.php\/wp-json\/wp\/v2\/tags?post=4834"}],"curies":[{"name":"wp","href":"https:\/\/api.w.org\/{rel}","templated":true}]}}