{"id":483,"date":"2015-05-06T12:59:00","date_gmt":"2015-05-06T12:59:00","guid":{"rendered":"http:\/\/fmriachuelo.observatorioess.org.ar\/index.php\/2015\/05\/06\/primer-encuentro-de-la-ctep-seccional-sudoeste\/"},"modified":"2025-03-28T16:12:45","modified_gmt":"2025-03-28T19:12:45","slug":"primer-encuentro-de-la-ctep-seccional-sudoeste","status":"publish","type":"post","link":"http:\/\/fmriachuelo.it10.com.ar\/index.php\/2015\/05\/06\/primer-encuentro-de-la-ctep-seccional-sudoeste\/","title":{"rendered":"PRIMER ENCUENTRO DE LA CTEP SECCIONAL SUDOESTE"},"content":{"rendered":"<div style=\"text-align: justify\"><strong style=\"color: red;font-family: Verdana, sans-serif;text-align: left\"><span style=\"font-size: large\">INAUGURACI\u00d3N DE LA BIBLIOTECA POL\u00cdTICA<\/span><\/strong><br \/><span style=\"color: red;font-family: Verdana, sans-serif;font-size: large\"><\/span><\/p>\n<div style=\"text-align: left\"><span style=\"color: red;font-family: Verdana, sans-serif;font-size: large\"><strong>MART\u00cdN \u00abOSO\u00bb CISNEROS<\/strong><\/span><\/div>\n<p><span style=\"color: red;font-family: Verdana, sans-serif;font-size: large\"><\/span><\/div>\n<div style=\"clear: both;text-align: center\"><a href=\"http:\/\/4.bp.blogspot.com\/-qMFoXpwEn3w\/VUoPv-jKMJI\/AAAAAAAAENQ\/oufokXdGKdA\/s1600\/oso.png\" style=\"clear: left;float: left;margin-bottom: 1em;margin-right: 1em;text-align: left\"><span style=\"font-family: Verdana, sans-serif\"><img loading=\"lazy\" decoding=\"async\" border=\"0\" height=\"240\" src=\"http:\/\/4.bp.blogspot.com\/-qMFoXpwEn3w\/VUoPv-jKMJI\/AAAAAAAAENQ\/oufokXdGKdA\/s1600\/oso.png\" width=\"320\" \/><\/span><\/a><\/div>\n<div style=\"text-align: justify\">\n<div style=\"text-align: left\"><span style=\"font-family: Verdana, sans-serif\"><strong>[FMR Martes 5\/5\/15] El s\u00e1bado 2 de mayo se realiz\u00f3 el primer Encuentro de la Confederaci\u00f3n de Trabajadores de la Econom\u00eda Popular \u2013 Seccional Sudoeste, que comprende los municipios de Ezeiza, Ca\u00f1uelas, Almirante Brown y Esteban Echeverr\u00eda. Oficiaron de anfitriones los compa\u00f1eros de la Agrupaci\u00f3n \u201cDe Frente\u201d en el predio de la Cooperativa Creer en la localidad de M\u00e1ximo Paz. Se inaugur\u00f3 la Biblioteca Pol\u00edtica Mart\u00edn \u00abOso\u00bb Cisneros.&nbsp;<\/strong><\/span><\/div>\n<p><a name='more'><\/a><span style=\"font-family: Verdana, sans-serif\"><\/span><\/p>\n<div style=\"text-align: left\"><span style=\"font-family: Verdana, sans-serif\">En una jornada que cerr\u00f3 con la inauguraci\u00f3n de la Biblioteca, en distintas mesas se debati\u00f3 sobre la vivienda, h\u00e1bitat y la econom\u00eda popular. Se hicieron presentes m\u00e1s de un centenar de representantes de diversas organizaciones pol\u00edticas y sociales como el Movimiento Evita, la Uni\u00f3n de Trabajadores de la Tierra (UTT), la Agrupaci\u00f3n De Frente, la Organizaci\u00f3n Social y Pol\u00edtica Los Pibes (OsypLP), MILES, Madre Tierra, F.U.C.V.A.M. (Federaci\u00f3n Uruguaya de Cooperativas de Vivienda por Ayuda Mutua), JPBA (Juventud Peronista Buenos Aires), FPDS (Frente Popular Dar\u00edo Santill\u00e1n) entre otras.&nbsp;<\/span><\/div>\n<p><span style=\"font-family: Verdana, sans-serif\"><\/p>\n<div style=\"text-align: left\"><\/div>\n<p><strong><\/p>\n<div style=\"text-align: left\"><strong><span style=\"color: red\">FM Riachuelo<\/span><\/strong> presente en la actividad recogi\u00f3 los siguientes testimonios.<\/div>\n<p><\/strong><\/span><\/p>\n<div style=\"text-align: center\">\n<div style=\"text-align: left\"><span style=\"color: #0072c6;font-family: Verdana, sans-serif\"><b><a href=\"http:\/\/www.mediafire.com\/listen\/j64llgyu3lm0q0v\/Diputado_Gustavo_Di_Marzio_-_FPV.mp3\" target=\"_blank\" rel=\"noopener\">GUSTAVO DI MARZIO &#8211; DIPUTADO FPV<\/a><\/b><\/span><\/div>\n<\/div>\n<div style=\"text-align: center\">\n<div style=\"text-align: left\"><span style=\"color: #0072c6;font-family: Verdana, sans-serif\"><b><a href=\"http:\/\/www.mediafire.com\/listen\/ado6d9s1drbi8pe\/Jose_Colo_Rocha_-Madre_Tierra.mp3\" target=\"_blank\" rel=\"noopener\">JOS\u00c9 ROCHA &#8211; ORGANIZACI\u00d3N SOCIAL MADRE TIERRA<\/a><\/b><\/span><\/div>\n<\/div>\n<div style=\"text-align: center\">\n<div style=\"text-align: left\"><span style=\"color: #0072c6;font-family: Verdana, sans-serif\"><b><a href=\"http:\/\/www.mediafire.com\/listen\/qb9xaji1d8rudsi\/Nahuel_Levaggi_CTEP.mp3\" target=\"_blank\" rel=\"noopener\">NAHUEL LEVAGGI &#8211; SECRETARIO DE ECONOM\u00cdA POPULAR CTEP<\/a><\/b><\/span><\/div>\n<\/div>\n<div style=\"text-align: center\">\n<div style=\"text-align: left\"><span style=\"color: #0072c6;font-family: Verdana, sans-serif\"><b><a href=\"http:\/\/www.mediafire.com\/listen\/78qtzmaoi8jjb9m\/Lito_Borello_CTEP.mp3\" target=\"_blank\" rel=\"noopener\">LITO BORELO &#8211; SECRETARIO DE TIERRA Y H\u00c1BITAT CTEP<\/a><\/b><\/span><\/div>\n<\/div>\n<\/div>\n","protected":false},"excerpt":{"rendered":"<p>INAUGURACI\u00d3N DE LA BIBLIOTECA POL\u00cdTICA MART\u00cdN \u00abOSO\u00bb CISNEROS [FMR Martes 5\/5\/15] El s\u00e1bado 2 de mayo se realiz\u00f3 el primer Encuentro de la Confederaci\u00f3n de Trabajadores de la Econom\u00eda Popular \u2013 Seccional Sudoeste, que comprende los municipios de Ezeiza, Ca\u00f1uelas, Almirante Brown y Esteban Echeverr\u00eda. Oficiaron de anfitriones los compa\u00f1eros de la Agrupaci\u00f3n \u201cDe Frente\u201d [&hellip;]<\/p>\n","protected":false},"author":4,"featured_media":0,"comment_status":"open","ping_status":"open","sticky":false,"template":"","format":"standard","meta":{"_monsterinsights_skip_tracking":false,"_monsterinsights_sitenote_active":false,"_monsterinsights_sitenote_note":"","_monsterinsights_sitenote_category":0,"jnews-multi-image_gallery":[],"jnews_single_post":{"format":"standard"},"jnews_primary_category":[],"_joinchat":[],"footnotes":""},"categories":[58],"tags":[149,86],"class_list":["post-483","post","type-post","status-publish","format-standard","hentry","category-noticiariachuelo","tag-educacion-popular","tag-noti-ctep"],"_links":{"self":[{"href":"http:\/\/fmriachuelo.it10.com.ar\/index.php\/wp-json\/wp\/v2\/posts\/483","targetHints":{"allow":["GET"]}}],"collection":[{"href":"http:\/\/fmriachuelo.it10.com.ar\/index.php\/wp-json\/wp\/v2\/posts"}],"about":[{"href":"http:\/\/fmriachuelo.it10.com.ar\/index.php\/wp-json\/wp\/v2\/types\/post"}],"author":[{"embeddable":true,"href":"http:\/\/fmriachuelo.it10.com.ar\/index.php\/wp-json\/wp\/v2\/users\/4"}],"replies":[{"embeddable":true,"href":"http:\/\/fmriachuelo.it10.com.ar\/index.php\/wp-json\/wp\/v2\/comments?post=483"}],"version-history":[{"count":1,"href":"http:\/\/fmriachuelo.it10.com.ar\/index.php\/wp-json\/wp\/v2\/posts\/483\/revisions"}],"predecessor-version":[{"id":23382,"href":"http:\/\/fmriachuelo.it10.com.ar\/index.php\/wp-json\/wp\/v2\/posts\/483\/revisions\/23382"}],"wp:attachment":[{"href":"http:\/\/fmriachuelo.it10.com.ar\/index.php\/wp-json\/wp\/v2\/media?parent=483"}],"wp:term":[{"taxonomy":"category","embeddable":true,"href":"http:\/\/fmriachuelo.it10.com.ar\/index.php\/wp-json\/wp\/v2\/categories?post=483"},{"taxonomy":"post_tag","embeddable":true,"href":"http:\/\/fmriachuelo.it10.com.ar\/index.php\/wp-json\/wp\/v2\/tags?post=483"}],"curies":[{"name":"wp","href":"https:\/\/api.w.org\/{rel}","templated":true}]}}