{"id":4829,"date":"2017-06-19T22:41:26","date_gmt":"2017-06-19T22:41:26","guid":{"rendered":"http:\/\/fmriachuelo.com.ar\/ljkjklj\/?p=4829"},"modified":"2017-06-19T22:41:26","modified_gmt":"2017-06-19T22:41:26","slug":"se-aplaza-el-juicio-oral-por-nehuen-rodriguezjusticia-por-nuestros-pibes","status":"publish","type":"post","link":"http:\/\/fmriachuelo.it10.com.ar\/index.php\/2017\/06\/19\/se-aplaza-el-juicio-oral-por-nehuen-rodriguezjusticia-por-nuestros-pibes\/","title":{"rendered":"SE APLAZA EL JUICIO ORAL POR NEHUEN RODRIGUEZ:\u00bbJUSTICIA POR NUESTROS PIBES\u00bb"},"content":{"rendered":"<p>[FM Riachuelo 19\/06\/2017] Se posterg\u00f3 la fecha de inicio del Juicio Oral por el asesinato de Nehuen Rodriguez, para el d\u00eda 22 de agosto de 2017, en los Tribunales de la calle Talcahuano 550 de esta ciudad.\u00a0En los barrios de la zona sur de esta ciudad, se repiten los casos de violencia institucional y gatillo f\u00e1cil que cada vez afectan a \u00abnuestros pibes\u00bb y que por la insistencia y lucha de familiares y las organizaciones del barrio que junto a los medios comunitarios pueden tomar mayor visibilidad p\u00fablica y salir de su ocultamiento medi\u00e1tico.<\/p>\n<p>Esta tarde conversamos en el programa <span style=\"color: #008000\"><strong><a style=\"color: #008000\" href=\"https:\/\/www.facebook.com\/algranpueblos\/\">AL GRAN PUEBLO SALUD<\/a><\/strong><\/span>\u00a0con Roxana Cainzos, mama de Nehuen Rodriguez, escuchalo a continuaci\u00f3n:<\/p>\n<p>Recordamos \u00a0que el 15 de diciembre de 2014 un patrullero de la Metropolina \u00a0a m\u00e1s de 100 km por hora, sin sirenas y en contramano mat\u00f3 a Nehuen de 18 a\u00f1os. El hecho ocurri\u00f3 el d\u00eda que el club de sus amores, Hurac\u00e1n, ascendi\u00f3 a primera divisi\u00f3n. A solo 7 di\u00e1s de haber recibido su t\u00edtulo secundario le arrebataron la vida con total impunidad, en donde las fuerzas policiales adulteraron las pruebas para evadir su responsabilidad. Gracias al enorme esfuerzo de sus familiares y la solidaridad de los vecinos, el hecho tom\u00f3 la difusi\u00f3n necesaria para que se acercaran espontaneamente testigos que ayudaron a esclarecer la verdadera situaci\u00f3n de este asesinato.<\/p>\n<p>El proximo 22 de agosto se sustanciar\u00e1 el Juicio Oral para que se haga verdadera \u00abJusticia por Nehuen\u00bb.<\/p>\n","protected":false},"excerpt":{"rendered":"<p>[FM Riachuelo 19\/06\/2017] Se posterg\u00f3 la fecha de inicio del Juicio Oral por el asesinato de Nehuen Rodriguez, para el d\u00eda 22 de agosto de 2017, en los Tribunales de la calle Talcahuano 550 de esta ciudad.\u00a0En los barrios de la zona sur de esta ciudad, se repiten los casos de violencia institucional y gatillo [&hellip;]<\/p>\n","protected":false},"author":4,"featured_media":4830,"comment_status":"open","ping_status":"open","sticky":false,"template":"","format":"standard","meta":{"_monsterinsights_skip_tracking":false,"_monsterinsights_sitenote_active":false,"_monsterinsights_sitenote_note":"","_monsterinsights_sitenote_category":0,"jnews-multi-image_gallery":[],"jnews_single_post":[],"jnews_primary_category":[],"_joinchat":[],"footnotes":""},"categories":[78,76],"tags":[],"class_list":["post-4829","post","type-post","status-publish","format-standard","has-post-thumbnail","hentry","category-economia-popular","category-salud-comunitaria"],"_links":{"self":[{"href":"http:\/\/fmriachuelo.it10.com.ar\/index.php\/wp-json\/wp\/v2\/posts\/4829","targetHints":{"allow":["GET"]}}],"collection":[{"href":"http:\/\/fmriachuelo.it10.com.ar\/index.php\/wp-json\/wp\/v2\/posts"}],"about":[{"href":"http:\/\/fmriachuelo.it10.com.ar\/index.php\/wp-json\/wp\/v2\/types\/post"}],"author":[{"embeddable":true,"href":"http:\/\/fmriachuelo.it10.com.ar\/index.php\/wp-json\/wp\/v2\/users\/4"}],"replies":[{"embeddable":true,"href":"http:\/\/fmriachuelo.it10.com.ar\/index.php\/wp-json\/wp\/v2\/comments?post=4829"}],"version-history":[{"count":0,"href":"http:\/\/fmriachuelo.it10.com.ar\/index.php\/wp-json\/wp\/v2\/posts\/4829\/revisions"}],"wp:featuredmedia":[{"embeddable":true,"href":"http:\/\/fmriachuelo.it10.com.ar\/index.php\/wp-json\/"}],"wp:attachment":[{"href":"http:\/\/fmriachuelo.it10.com.ar\/index.php\/wp-json\/wp\/v2\/media?parent=4829"}],"wp:term":[{"taxonomy":"category","embeddable":true,"href":"http:\/\/fmriachuelo.it10.com.ar\/index.php\/wp-json\/wp\/v2\/categories?post=4829"},{"taxonomy":"post_tag","embeddable":true,"href":"http:\/\/fmriachuelo.it10.com.ar\/index.php\/wp-json\/wp\/v2\/tags?post=4829"}],"curies":[{"name":"wp","href":"https:\/\/api.w.org\/{rel}","templated":true}]}}