{"id":4822,"date":"2017-06-19T18:32:48","date_gmt":"2017-06-19T18:32:48","guid":{"rendered":"http:\/\/fmriachuelo.com.ar\/ljkjklj\/?p=4822"},"modified":"2017-06-19T18:32:48","modified_gmt":"2017-06-19T18:32:48","slug":"festival-solidario-contra-el-desalojo-de-grotte-773","status":"publish","type":"post","link":"http:\/\/fmriachuelo.it10.com.ar\/index.php\/2017\/06\/19\/festival-solidario-contra-el-desalojo-de-grotte-773\/","title":{"rendered":"FESTIVAL SOLIDARIO CONTRA EL DESALOJO DE GROTTE 773"},"content":{"rendered":"<p>[Fm Riachuelo 19\/06\/2017] En el d\u00eda de hoy se realiz\u00f3 un festival solidario contra el desalojo de 13 familias que habitan el conventillo de Grotte 773. Organizados en la Cooperativa de Vivienda Nueva Esperanza, los vecinos reclaman, a partir de la Ley 341, poder acceder a cr\u00e9ditos para comprar y mejorar el inmueble y mantener as\u00ed el derecho a poder seguir vivienda dignamente y en el barrio donde viven hace m\u00e1s de 20 a\u00f1os, en algunos casos.<\/p>\n<p><a href=\"http:\/\/fmriachuelo.com.ar\/ljkjklj\/wp-content\/uploads\/2017\/06\/jimena.jpg\"><img loading=\"lazy\" decoding=\"async\" class=\"alignleft  wp-image-4825\" src=\"http:\/\/fmriachuelo.com.ar\/ljkjklj\/wp-content\/uploads\/2017\/06\/jimena-150x150.jpg\" alt=\"\" width=\"186\" height=\"186\" \/><\/a>La actividad cont\u00f3 con un gran apoyo de vecinos y organizaciones del barrio que se acercaron a apoyar la decisi\u00f3n de los habitantes de Grotte. Entre las organizaciones estuvieron presentes la Mesa Gremial 19 y 20 de la CTEP, la Organizaci\u00f3n Social y Pol\u00ectica Los Pibes, la CCC de la Villa 31 bis, el PTP de Retiro 31 bis, la Boca Resiste Y Propone, el Movimiento Popular la Dignidad, las Cooperativas de Vivienda La Pacha, El Surco y la Nueva Esperanza, el Movimiento Ocupantes Inquilinos, la Campora de Barracas, entre otras.<\/p>\n<p>Cerca de las 11 el pasaje Grotte fue ocupado por los vecinos que, al ritmo de la m\u00fasica, compartieron con los presentes torta frita, empanadas, guiso y choripanes. Mientras tanto, los m\u00e1s peque\u00f1os pudieron disfrutar de un pelotero inflable para acompa\u00f1ar la jornada.<\/p>\n<p><a href=\"http:\/\/fmriachuelo.com.ar\/ljkjklj\/wp-content\/uploads\/2017\/06\/tapa-2.jpg\"><img loading=\"lazy\" decoding=\"async\" class=\"aligncenter wp-image-4826 size-large\" src=\"http:\/\/fmriachuelo.com.ar\/ljkjklj\/wp-content\/uploads\/2017\/06\/tapa-2-1024x683.jpg\" alt=\"\" width=\"640\" height=\"427\" \/><\/a><\/p>\n<p>Mientras se aguarda la decisi\u00f3n judicial sobre un conventillo ubicado al lado de una obra del IVC que a\u00f9n no tiene adjudicados los destinarios, la Cooperativa Nueva Esperanza sigue sumando apoyos para poder acceder a la Ley 341 y que el derecho constitucional al habitat digno no se una vez m\u00e1s atropellado en el barrio de La Boca.<\/p>\n<p><a href=\"http:\/\/fmriachuelo.com.ar\/ljkjklj\/wp-content\/uploads\/2017\/06\/cooperativista.jpg\"><img loading=\"lazy\" decoding=\"async\" class=\"aligncenter wp-image-4824 size-large\" src=\"http:\/\/fmriachuelo.com.ar\/ljkjklj\/wp-content\/uploads\/2017\/06\/cooperativista-1024x678.jpg\" alt=\"\" width=\"640\" height=\"424\" \/><\/a><\/p>\n","protected":false},"excerpt":{"rendered":"<p>[Fm Riachuelo 19\/06\/2017] En el d\u00eda de hoy se realiz\u00f3 un festival solidario contra el desalojo de 13 familias que habitan el conventillo de Grotte 773. Organizados en la Cooperativa de Vivienda Nueva Esperanza, los vecinos reclaman, a partir de la Ley 341, poder acceder a cr\u00e9ditos para comprar y mejorar el inmueble y mantener [&hellip;]<\/p>\n","protected":false},"author":4,"featured_media":4827,"comment_status":"open","ping_status":"open","sticky":false,"template":"","format":"standard","meta":{"_monsterinsights_skip_tracking":false,"_monsterinsights_sitenote_active":false,"_monsterinsights_sitenote_note":"","_monsterinsights_sitenote_category":0,"jnews-multi-image_gallery":[],"jnews_single_post":[],"jnews_primary_category":[],"_joinchat":[],"footnotes":""},"categories":[78,76,74],"tags":[],"class_list":["post-4822","post","type-post","status-publish","format-standard","has-post-thumbnail","hentry","category-economia-popular","category-salud-comunitaria","category-san-cayetano"],"_links":{"self":[{"href":"http:\/\/fmriachuelo.it10.com.ar\/index.php\/wp-json\/wp\/v2\/posts\/4822","targetHints":{"allow":["GET"]}}],"collection":[{"href":"http:\/\/fmriachuelo.it10.com.ar\/index.php\/wp-json\/wp\/v2\/posts"}],"about":[{"href":"http:\/\/fmriachuelo.it10.com.ar\/index.php\/wp-json\/wp\/v2\/types\/post"}],"author":[{"embeddable":true,"href":"http:\/\/fmriachuelo.it10.com.ar\/index.php\/wp-json\/wp\/v2\/users\/4"}],"replies":[{"embeddable":true,"href":"http:\/\/fmriachuelo.it10.com.ar\/index.php\/wp-json\/wp\/v2\/comments?post=4822"}],"version-history":[{"count":0,"href":"http:\/\/fmriachuelo.it10.com.ar\/index.php\/wp-json\/wp\/v2\/posts\/4822\/revisions"}],"wp:featuredmedia":[{"embeddable":true,"href":"http:\/\/fmriachuelo.it10.com.ar\/index.php\/wp-json\/"}],"wp:attachment":[{"href":"http:\/\/fmriachuelo.it10.com.ar\/index.php\/wp-json\/wp\/v2\/media?parent=4822"}],"wp:term":[{"taxonomy":"category","embeddable":true,"href":"http:\/\/fmriachuelo.it10.com.ar\/index.php\/wp-json\/wp\/v2\/categories?post=4822"},{"taxonomy":"post_tag","embeddable":true,"href":"http:\/\/fmriachuelo.it10.com.ar\/index.php\/wp-json\/wp\/v2\/tags?post=4822"}],"curies":[{"name":"wp","href":"https:\/\/api.w.org\/{rel}","templated":true}]}}