{"id":4810,"date":"2017-06-18T18:19:35","date_gmt":"2017-06-18T18:19:35","guid":{"rendered":"http:\/\/fmriachuelo.com.ar\/ljkjklj\/?p=4810"},"modified":"2017-06-18T18:19:35","modified_gmt":"2017-06-18T18:19:35","slug":"trienio-en-rojo-y-negro-presentacion-en-la-fm-riachuelo","status":"publish","type":"post","link":"http:\/\/fmriachuelo.it10.com.ar\/index.php\/2017\/06\/18\/trienio-en-rojo-y-negro-presentacion-en-la-fm-riachuelo\/","title":{"rendered":"TRIENIO EN ROJO Y NEGRO: PRESENTACI\u00d3N Y MATE DEBATE EN LA FM RIACHUELO"},"content":{"rendered":"<p>[FM Riachuelo 18\/06\/2017] En la noche del viernes, en el sal\u00f3n de <span style=\"color: #ff0000\"><strong>FM Riachuelo<\/strong><\/span> ubicado en Suarez 421, barrio porte\u00f1o de La Boca, se llev\u00f3 adelante una nueva presentaci\u00f3n del libro de Roberto Perd\u00eda y Horacio Ricardo Silva, \u00abTrienio en Rojo y Negro\u00bb que recupera las luchas de los trabajadores de la Patagonia, de la Forestal y de la Semana Tr\u00e1gica en los a\u00f1os 19, 20 y 21 del siglo XX. Durante la actividad, tambi\u00e9n se record\u00f3 el violento y antipopular bombardeo a la Plaza de Mayo ocurrido el 16 de junio de 1955 como parte del plan de derrocamiento del gobierno de Per\u00f3n.<\/p>\n<p><span style=\"color: #0000ff\"><strong><a style=\"color: #0000ff\" href=\"https:\/\/www.facebook.com\/pg\/fmriachuelo\/photos\/?tab=album&amp;album_id=1424103934311484\">IMAGENES PRESENTACI\u00d3N #TRIENIO<\/a><\/strong><\/span><\/p>\n<p>En un colmado sal\u00f3n y con transmisi\u00f3n en vivo por <span style=\"color: #ff0000\"><strong>FM Riachuelo<\/strong><\/span>, luego de la proyecci\u00f3n del documental La Forestal, hicieron uso de la palabra Lito Borello, Secretario de DDHH de la CTEP, Carlos Aznarez, Director de Resumen Latinoamericano, y Roberto Perd\u00eda, co-autor del libro, en un panel moderado por Nadia Martinez, Directora de la FM Riachuelo. En la actividad estuvieron presentes vecinos y distintas organizaciones del barrio como la Cooperativa de Vivienda Nueva Esperanza, la Casa Popular el Patio, la Cooperativa de Vivienda Los Pibes, Cooperativa Letra del Sur, entre otras. Tambi\u00e9n se acerc\u00f3 el Secretario de Derechos Humanos de ATE, Hector Carrica, y militantes estudiantiles de la Organizaci\u00f3n Juvenil Sim\u00f3n Bolivar.<\/p>\n<p>Las intervenciones rondaron el tema de la trascendencia hist\u00f3rica de las luchas de nuestro Pueblo, buscando recuperar el hilo de la resistencia y los sue\u00f1os de los pueblos que subsiste en una historia invisibilizada por el poder dominante. En la apertura de la actividad, Borello se\u00f1al\u00f3 que \u00ablos pueblos no s\u00f3lo tienen la capacidad y la fuerza para resistir, tambi\u00e9n para construir ese otro mundo posible\u00bb. Tambi\u00e9n, en el recorrido de ese hilo hist\u00f3rico, rescat\u00f3 la historia de vida de los autores del libro, que no s\u00f3lo se preocuparon de recuperar esas historias de lucha sino que tambi\u00e9n \u00abfueron ellos mismos ejemplos de vida. Fueron aquellos que algunas decadas atr\u00e1s enarbolaron aquella voluntad que nosotros, sin entender mucho de pol\u00edtica, dijimos: yo quiero ser como ellos, ese es mi modelo\u00bb.<\/p>\n<p><a href=\"http:\/\/fmriachuelo.com.ar\/ljkjklj\/wp-content\/uploads\/2017\/06\/nadia.jpg\"><img loading=\"lazy\" decoding=\"async\" class=\"aligncenter wp-image-4812 size-large\" src=\"http:\/\/fmriachuelo.com.ar\/ljkjklj\/wp-content\/uploads\/2017\/06\/nadia-1024x678.jpg\" alt=\"\" width=\"640\" height=\"424\" \/><\/a><\/p>\n<p>Por su parte, Carlos Aznarez inici\u00f3 su intervenci\u00f3n solidariz\u00e1ndose una vez m\u00e1s con la situaci\u00f3n que enfrenta Lito Borello, judicializado injustamente por la protesta que tuvo lugar en el a\u00f1o 2004 en la Comisar\u00eda 24 de La Boca tras el asesinato del Oso Cisneros, reconocido militante popular de la Organizaci\u00f3n Los Pibes. Para Aznarez, Perd\u00eda y Silva marcaron con su obra \u00abun nuevo jal\u00f3n en el revisionismo hist\u00f3rico, desmitificando un partido, el radicalismo que vaya si ha dado que hablar en la historia argentina\u00bb. El director de Resumen Latinoamericano argument\u00f3 a partir de las recurrentes medidas antipopulares que ese partido llev\u00f3 adelante en distintas y significativas etapas de la historia de la Argentina. Como conclusi\u00f3n incluso se\u00f1al\u00f3 la conexi\u00f3n entre los acontecimientos del Trienio como expresi\u00f3n huelgu\u00edstica de la lucha popular, reprimidas por el gobierno de Yrigoyen, y la b\u00fasqueda de medidas anti-huelga que impuls\u00f3 el radicalismo cordob\u00e9s frente a la lucha reciente de los ch\u00f3feres de colectivo de aquella provincia.<\/p>\n<p>Roberto Perd\u00eda, en el cierre y rescatando las palabras que lo antecedieron, comenz\u00f3 su intervenci\u00f3n interpelando una forma de encarar las tragedias hist\u00f3ricas, colectivas, desde el \u00abPara qu\u00e9\u00bb, desde el \u00abNo cambi\u00f3 nada\u00bb. Por el contrario, el autor de Trienio plante\u00f3: \u00abLa memoria nos hace falta para entender que la lucha ni empieza ni termina con nosotros. La lucha es de los Pueblos, y los Pueblos vencer\u00e1n; y en el momento de la victoria todas estas luchas, todas estas tragedia, tendr\u00e1n su valor y todos ellos ser\u00e1n redimidos de una u otra manera. Ese es el sentido de este libro\u00bb. Perd\u00eda tambi\u00e9n advirti\u00f3 sobre la cuesti\u00f3n de la represi\u00f3n desplegada en aquel entonces, pero a la luz del contexto actual: \u00absiempre que los Pueblos lucharon, hubo represi\u00f3n. La represi\u00f3n es exactamente correlativa al nivel de riesgo que padece el sistema. El poder olig\u00e1rquico act\u00faa seg\u00fan el riesgo que corre\u00bb. Para concluir, Perd\u00eda apel\u00f3 a una importante tarea \u00abde todo lo que hay que desarmar\u00bb respecto de un proceso de colonizaci\u00f3n cultural, que comienza en la escuela, y que tiene repartidos por todo el pa\u00eds monumentos y aquellas que expresan dolorosas mentiras de nuestra historia: \u00abtenemos que pensar como hacemos un sistema educativo propio. Si el Pueblo no arma su propio sistema educativo, c\u00f3mo podemos transformar el existente\u00bb.<\/p>\n<p><a href=\"http:\/\/fmriachuelo.com.ar\/ljkjklj\/wp-content\/uploads\/2017\/06\/negra.jpg\"><img loading=\"lazy\" decoding=\"async\" class=\"aligncenter wp-image-4813 size-large\" src=\"http:\/\/fmriachuelo.com.ar\/ljkjklj\/wp-content\/uploads\/2017\/06\/negra-1024x683.jpg\" alt=\"\" width=\"640\" height=\"427\" \/><\/a><\/p>\n<p>La actividad, que estuvo siempre acompa\u00f1ada por mate y pan casero a cargo de un emprendimiento gastron\u00f3mico del Paseo de la Econom\u00eda Popular Mart\u00edn Oso Cisneros, finaliz\u00f3 con una ronda de debate donde los asistentes pudieron realizar sus aportes y preguntas a los expositores.<\/p>\n<p><a href=\"http:\/\/fmriachuelo.com.ar\/ljkjklj\/wp-content\/uploads\/2017\/06\/cierre.jpg\"><img loading=\"lazy\" decoding=\"async\" class=\"aligncenter wp-image-4811 size-large\" src=\"http:\/\/fmriachuelo.com.ar\/ljkjklj\/wp-content\/uploads\/2017\/06\/cierre-1024x678.jpg\" alt=\"\" width=\"640\" height=\"424\" \/><\/a><\/p>\n<p>&nbsp;<\/p>\n<p>&nbsp;<\/p>\n","protected":false},"excerpt":{"rendered":"<p>[FM Riachuelo 18\/06\/2017] En la noche del viernes, en el sal\u00f3n de FM Riachuelo ubicado en Suarez 421, barrio porte\u00f1o de La Boca, se llev\u00f3 adelante una nueva presentaci\u00f3n del libro de Roberto Perd\u00eda y Horacio Ricardo Silva, \u00abTrienio en Rojo y Negro\u00bb que recupera las luchas de los trabajadores de la Patagonia, de la [&hellip;]<\/p>\n","protected":false},"author":4,"featured_media":4814,"comment_status":"open","ping_status":"open","sticky":false,"template":"","format":"standard","meta":{"_monsterinsights_skip_tracking":false,"_monsterinsights_sitenote_active":false,"_monsterinsights_sitenote_note":"","_monsterinsights_sitenote_category":0,"jnews-multi-image_gallery":[],"jnews_single_post":[],"jnews_primary_category":[],"_joinchat":[],"footnotes":""},"categories":[78,79,76,77],"tags":[],"class_list":["post-4810","post","type-post","status-publish","format-standard","has-post-thumbnail","hentry","category-economia-popular","category-nadie-se-salva-solo","category-salud-comunitaria","category-soberania"],"_links":{"self":[{"href":"http:\/\/fmriachuelo.it10.com.ar\/index.php\/wp-json\/wp\/v2\/posts\/4810","targetHints":{"allow":["GET"]}}],"collection":[{"href":"http:\/\/fmriachuelo.it10.com.ar\/index.php\/wp-json\/wp\/v2\/posts"}],"about":[{"href":"http:\/\/fmriachuelo.it10.com.ar\/index.php\/wp-json\/wp\/v2\/types\/post"}],"author":[{"embeddable":true,"href":"http:\/\/fmriachuelo.it10.com.ar\/index.php\/wp-json\/wp\/v2\/users\/4"}],"replies":[{"embeddable":true,"href":"http:\/\/fmriachuelo.it10.com.ar\/index.php\/wp-json\/wp\/v2\/comments?post=4810"}],"version-history":[{"count":0,"href":"http:\/\/fmriachuelo.it10.com.ar\/index.php\/wp-json\/wp\/v2\/posts\/4810\/revisions"}],"wp:featuredmedia":[{"embeddable":true,"href":"http:\/\/fmriachuelo.it10.com.ar\/index.php\/wp-json\/"}],"wp:attachment":[{"href":"http:\/\/fmriachuelo.it10.com.ar\/index.php\/wp-json\/wp\/v2\/media?parent=4810"}],"wp:term":[{"taxonomy":"category","embeddable":true,"href":"http:\/\/fmriachuelo.it10.com.ar\/index.php\/wp-json\/wp\/v2\/categories?post=4810"},{"taxonomy":"post_tag","embeddable":true,"href":"http:\/\/fmriachuelo.it10.com.ar\/index.php\/wp-json\/wp\/v2\/tags?post=4810"}],"curies":[{"name":"wp","href":"https:\/\/api.w.org\/{rel}","templated":true}]}}