{"id":4802,"date":"2017-06-16T17:39:55","date_gmt":"2017-06-16T17:39:55","guid":{"rendered":"http:\/\/fmriachuelo.com.ar\/ljkjklj\/?p=4802"},"modified":"2017-06-16T17:39:55","modified_gmt":"2017-06-16T17:39:55","slug":"acto-de-solidaridad-con-el-pueblo-venezolano-y-la-revolucion-bolivariana","status":"publish","type":"post","link":"http:\/\/fmriachuelo.it10.com.ar\/index.php\/2017\/06\/16\/acto-de-solidaridad-con-el-pueblo-venezolano-y-la-revolucion-bolivariana\/","title":{"rendered":"ACTO DE SOLIDARIDAD CON EL PUEBLO VENEZOLANO Y LA REVOLUCI\u00d3N BOLIVARIANA"},"content":{"rendered":"<p>[FM Riachuelo 16\/06\/2017] En la tarde de ayer se realiz\u00f3 un \u201cActo de Solidaridad con el Pueblo Venezonalo y la Revoluci\u00f3n Bolivariana\u201d en el Sal\u00f3n Mabel Gutierrez del Espacio por la Memoria, ex Esma, convocado por distintos organismos de derechos humanos. Con un panel central donde estuvieron Jos\u00e9 Schulman de la Liga Argentina por los Derechos del Hombre, Adriana Taboada de la Comisi\u00f3n de Memoria Zona Norte, Amy Rice de H.I.J.O.S. y del directorio del organismo de DD.HH. de la ex Esma.<\/p>\n<p>&nbsp;<\/p>\n<p>El embajador, Carlos Martinez Mendoza, \u00a0destac\u00f3 y agradeci\u00f3 esta actividad de solidaridad y expres\u00f3 que \u201cratifican el compromiso con el respeto\u201d y adem\u00e1s fue enf\u00e1tico con \u201cla necesidad de aislar esa violencia que ha desatado un sector de la oposici\u00f3n y traer el compromiso de garant\u00eda de paz que ha tomado el gobierno de Nicol\u00e1s Maduro\u201d.<\/p>\n<p>Escuch\u00e1 a continuaci\u00f3n <span style=\"color: #ff0000\"><strong>Cobertura Riachuelo<\/strong><\/span> con los testimonios centrales:<\/p>\n<p><a href=\"http:\/\/fmriachuelo.com.ar\/ljkjklj\/wp-content\/uploads\/2017\/06\/WhatsApp-Image-2017-06-15-at-19.36.19.jpeg\"><img loading=\"lazy\" decoding=\"async\" class=\"alignleft size-thumbnail wp-image-4805\" src=\"http:\/\/fmriachuelo.com.ar\/ljkjklj\/wp-content\/uploads\/2017\/06\/WhatsApp-Image-2017-06-15-at-19.36.19-150x150.jpeg\" alt=\"\" width=\"150\" height=\"150\" \/><\/a><\/p>\n<p><a href=\"http:\/\/fmriachuelo.com.ar\/ljkjklj\/wp-content\/uploads\/2017\/06\/WhatsApp-Image-2017-06-15-at-19.36.14.jpeg\"><img loading=\"lazy\" decoding=\"async\" class=\"alignleft size-thumbnail wp-image-4803\" src=\"http:\/\/fmriachuelo.com.ar\/ljkjklj\/wp-content\/uploads\/2017\/06\/WhatsApp-Image-2017-06-15-at-19.36.14-150x150.jpeg\" alt=\"\" width=\"150\" height=\"150\" \/><\/a><\/p>\n<p>En el d\u00eda de ayer se realiz\u00f3 un acto en apoyo y solidaridad\u00a0 con el pueblo venezolano y la revoluci\u00f3n bolivariana, en\u00a0el Espacio de la Memoria, \u00a0Ex Esma, \u00a0en momentos en que en la hermana rep\u00fablica est\u00e1n transitando por la intensificaci\u00f3n de\u00a0situaci\u00f3n de violencia provocada por un sector de la oposici\u00f3n contra el gobierno de Nicol\u00e1s Maduro.\u00a0 El acto fue convocado por \u00a0distintos organismos de derechos humanos, organizaciones sociales, pol\u00edticas y gremiales y cont\u00f3 con una gran cantidad de adhesiones, no solo de los all\u00ed presentes sino que se sumaron, legisladores, diputados, agrupaciones del campo de la cultura.\u00a0\u00a0Estuvieron presentes medios de comunicaci\u00f3n popular, \u00a0para visibilizar esta actividad, \u00a0que\u00a0de otra manera no tendr\u00eda ninguna difusi\u00f3n y que no ha sido reflejado por otros medios.<\/p>\n<p>&nbsp;<\/p>\n<p>&nbsp;<\/p>\n","protected":false},"excerpt":{"rendered":"<p>[FM Riachuelo 16\/06\/2017] En la tarde de ayer se realiz\u00f3 un \u201cActo de Solidaridad con el Pueblo Venezonalo y la Revoluci\u00f3n Bolivariana\u201d en el Sal\u00f3n Mabel Gutierrez del Espacio por la Memoria, ex Esma, convocado por distintos organismos de derechos humanos. Con un panel central donde estuvieron Jos\u00e9 Schulman de la Liga Argentina por los [&hellip;]<\/p>\n","protected":false},"author":4,"featured_media":4806,"comment_status":"open","ping_status":"open","sticky":false,"template":"","format":"standard","meta":{"_monsterinsights_skip_tracking":false,"_monsterinsights_sitenote_active":false,"_monsterinsights_sitenote_note":"","_monsterinsights_sitenote_category":0,"jnews-multi-image_gallery":[],"jnews_single_post":[],"jnews_primary_category":[],"_joinchat":[],"footnotes":""},"categories":[79,76,77],"tags":[],"class_list":["post-4802","post","type-post","status-publish","format-standard","has-post-thumbnail","hentry","category-nadie-se-salva-solo","category-salud-comunitaria","category-soberania"],"_links":{"self":[{"href":"http:\/\/fmriachuelo.it10.com.ar\/index.php\/wp-json\/wp\/v2\/posts\/4802","targetHints":{"allow":["GET"]}}],"collection":[{"href":"http:\/\/fmriachuelo.it10.com.ar\/index.php\/wp-json\/wp\/v2\/posts"}],"about":[{"href":"http:\/\/fmriachuelo.it10.com.ar\/index.php\/wp-json\/wp\/v2\/types\/post"}],"author":[{"embeddable":true,"href":"http:\/\/fmriachuelo.it10.com.ar\/index.php\/wp-json\/wp\/v2\/users\/4"}],"replies":[{"embeddable":true,"href":"http:\/\/fmriachuelo.it10.com.ar\/index.php\/wp-json\/wp\/v2\/comments?post=4802"}],"version-history":[{"count":0,"href":"http:\/\/fmriachuelo.it10.com.ar\/index.php\/wp-json\/wp\/v2\/posts\/4802\/revisions"}],"wp:featuredmedia":[{"embeddable":true,"href":"http:\/\/fmriachuelo.it10.com.ar\/index.php\/wp-json\/"}],"wp:attachment":[{"href":"http:\/\/fmriachuelo.it10.com.ar\/index.php\/wp-json\/wp\/v2\/media?parent=4802"}],"wp:term":[{"taxonomy":"category","embeddable":true,"href":"http:\/\/fmriachuelo.it10.com.ar\/index.php\/wp-json\/wp\/v2\/categories?post=4802"},{"taxonomy":"post_tag","embeddable":true,"href":"http:\/\/fmriachuelo.it10.com.ar\/index.php\/wp-json\/wp\/v2\/tags?post=4802"}],"curies":[{"name":"wp","href":"https:\/\/api.w.org\/{rel}","templated":true}]}}