{"id":4792,"date":"2017-06-14T23:38:40","date_gmt":"2017-06-14T23:38:40","guid":{"rendered":"http:\/\/fmriachuelo.com.ar\/ljkjklj\/?p=4792"},"modified":"2017-06-14T23:38:40","modified_gmt":"2017-06-14T23:38:40","slug":"ate-salud-y-organizaciones-sociales-contra-el-ajuste-movilizacion-y-olla-popular","status":"publish","type":"post","link":"http:\/\/fmriachuelo.it10.com.ar\/index.php\/2017\/06\/14\/ate-salud-y-organizaciones-sociales-contra-el-ajuste-movilizacion-y-olla-popular\/","title":{"rendered":"ATE SALUD Y ORGANIZACIONES SOCIALES CONTRA EL AJUSTE, MOVILIZACI\u00d3N Y OLLA POPULAR"},"content":{"rendered":"<p><span class=\"goog-text-highlight\">[Fm Riachuelo 14\/06\/2017]Hoy se realiz\u00f3 una medida de fuerza en todo el pa\u00eds de las y los trabajadores agremiados en la Asociaci\u00f3n de Trabajadores Estatales (ATE Salud). En la Ciudad de Buenos Aires junto a la CTA-A y organizaciones sociales, nucleadas en la Mesa Gremial 19 y 20 de la CTEP, realizaron una actividad de protesta que se inici\u00f3 frente a las puertas del Ministerio de Salud de la Naci\u00f3n. Bajo\u00a0la consigna de: JORNADA DE LUCHA Y OLLA POPULAR\u00a0\u00a0los trabajadores y trabajadoras del Ministerio de Salud denunciaron a los medios de prensa y las organizaciones sociales la falta de pago de m\u00e1s de 500 trabajadores de esa dependencia y la amenaza de cierre de programas. Luego marcharon por la Avenida 9 de Julio hacia el Congreso Nacional.\u00a0<\/span><\/p>\n<p><a href=\"http:\/\/fmriachuelo.com.ar\/ljkjklj\/wp-content\/uploads\/2017\/06\/WhatsApp-Image-2017-06-14-at-16.46.52.jpeg\"><img loading=\"lazy\" decoding=\"async\" class=\"alignleft size-medium wp-image-4793\" src=\"http:\/\/fmriachuelo.com.ar\/ljkjklj\/wp-content\/uploads\/2017\/06\/WhatsApp-Image-2017-06-14-at-16.46.52-300x225.jpeg\" alt=\"\" width=\"300\" height=\"225\" \/><\/a>Una importante cantidad de trabajadores y trabajadoras se manifestaron para expresar la grave situaci\u00f3n que viven por la falta de pago de sus salarios, al tiempo que se produce el desfinanciamiento del sistema de salud que pone en riesgo a la poblaci\u00f3n en general y en particular afecta a los sectores m\u00e1s vulnerables, que no tienen acceso a otros recursos.\u00a0Con una olla popular como s\u00edmbolo de la uni\u00f3n de la lucha sindical y de los barrios \u00a0se inici\u00f3 la actividad en horas del medio d\u00eda.<\/p>\n<p>Se hicieron presentes en la convocatoria, pacientes afectados, sus familiares y tambi\u00e9n trabajadores de la econom\u00eda popular, nucleados en organizaciones sociales de la Mesa Gremial 19 y 20 de la CTEP para manifestar su solidaridad y expresarse con gran preocupaci\u00f3n por una situaci\u00f3n que parece agravarse, con el incremento de enfermedades estacionales, que afectan con mayor virulencia a los m\u00e1s debiles del sistema.<\/p>\n<p><a href=\"http:\/\/fmriachuelo.com.ar\/ljkjklj\/wp-content\/uploads\/2017\/06\/WhatsApp-Image-2017-06-14-at-16.46.14.jpeg\"><img loading=\"lazy\" decoding=\"async\" class=\"alignleft wp-image-4794 size-thumbnail\" src=\"http:\/\/fmriachuelo.com.ar\/ljkjklj\/wp-content\/uploads\/2017\/06\/WhatsApp-Image-2017-06-14-at-16.46.14-150x150.jpeg\" alt=\"\" width=\"150\" height=\"150\" \/><\/a> <a href=\"http:\/\/fmriachuelo.com.ar\/ljkjklj\/wp-content\/uploads\/2017\/06\/WhatsApp-Image-2017-06-14-at-16.47.04.jpeg\"><img loading=\"lazy\" decoding=\"async\" class=\"alignleft wp-image-4795 size-thumbnail\" src=\"http:\/\/fmriachuelo.com.ar\/ljkjklj\/wp-content\/uploads\/2017\/06\/WhatsApp-Image-2017-06-14-at-16.47.04-150x150.jpeg\" alt=\"\" width=\"150\" height=\"150\" \/><\/a><\/p>\n<p>Frente a las puertas del Ministerio en un acto se expresaron los principales referentes presentes. \u00a0<strong><span style=\"color: #000000\">Graciela R\u00edos, Secretaria General de ATE Salud<\/span><\/strong>, indic\u00f3 que son los casi 500 compa\u00f1eros que hacen el trabajo territorial que est\u00e1n sin cobrar desde hace dos meses,\u00a0\u00a0y adem\u00e1s la certeza de que esos programas corren el riesgo de ser cerrados\u00bb. Tambi\u00e9n fue enf\u00e1tica al afirmar:\u00a0\u00abla persecuci\u00f3n que sufren sobre todo las trabajadoras mujeres cuando faltan, \u00a0que no tienen el derecho de cuidar a sus hijos que en esta \u00e9poca esta \u00e9poca del a\u00f1o est\u00e1n enfermos\u00bb. <strong>Hector Carrica, Secretario de DD.HH. de ATE<\/strong>, expres\u00f3 que la medida de fuerza es \u00abcontra el intento de retirar al estado de la participaci\u00f3n necesaria en el cuidado de salud de la poblaci\u00f3n, en defensa de los programas de abordaje territorial en todo el pa\u00eds. Estos programas est\u00e1n en riesgo porque se ha reducido el presupuesto, por lo que se reduce el presupuesto sanitario en medio de una emergencia sanitaria\u00bb. <strong>Lito Borello, Secretario de DD. HH. de la CTEP<\/strong>, afirm\u00f3\u00a0que \u00abeste pueblo rebelde se expresa en las calles, m\u00e1s all\u00e1 de sus dirigencias&#8230;es el pueblo en la calle que est\u00e1 marcando el camino\u00bb. <strong>Luciano Alvarez, de la O.S.y P. Los Pibes y la Mesa Gremial 19 y 20 CTEP<\/strong>, dijo que se acercaron por la convocatoria de trabajadores y trabajadoras de ATE para expresarse \u00abcontra el ajuste en todos los programas que tienen que ver con la asistencia territorial que repercute directamente en nuestros\u00a0barrios\u00bb. <strong>Belen de La Sim\u00f3n Bolivar y la Mesa Gremial 19 y 20<\/strong>, destac\u00f3\u00a0\u00abla unidad de las y los trabajadores en las calles\u00bb.<\/p>\n<p><span style=\"color: #0000ff\"><strong><a style=\"color: #0000ff\" href=\"https:\/\/www.facebook.com\/pg\/fmriachuelo\/photos\/?tab=album&amp;album_id=1421947821193762\">GALER\u00cdA FOTOGR\u00c1FICA<\/a><\/strong><\/span><\/p>\n<p>Tal como lo expresan las y los trabajadores de ATE Salud\u00a0en el comunicado que se reproduce a continuaci\u00f3n:<\/p>\n<p>14 DE JUNIO A PARTIR DE LAS 12 horas<br \/>\nJORNADA DE LUCHA Y OLLA POPULAR EN AV 9 DE JULIO FRENTE A LAS PUERTAS DEL MINISTERIO DE SALUD<br \/>\nFrente al ajuste que acecha a los\/as trabajadores\/as del ministerio de salud.<br \/>\nDenunciamos a los medios de prensa y organizaciones sociales la falta de pago de m\u00e1s de 500 trabajadores del Ministerio de Salud y la amenaza de cierre de programas.<br \/>\nATE Salud- En el marco del brote de enfermedades respiratorias e inundaciones de nuestro pa\u00eds a m\u00e1s de 500 trabajadores y trabajadoras, quienes en su mayor\u00eda realizan tareas territoriales, se les adeuda el salario de abril y mayo, y los vi\u00e1ticos desde el mes de setiembre del 2016.<br \/>\nEstos trabajadores y trabajadoras son la cara visible del Ministerio de Salud de la Naci\u00f3n frente a la poblaci\u00f3n en su conjunto, y trabajan bajo una modalidad contractual sumamente precaria como son los contratos por Convenios de Universidad.<br \/>\nEsto se suma la persecuci\u00f3n a los trabajadores y trabajadoras del ministerio a partir de las medidas implementadas por el Ministerio de Modernizaci\u00f3n, la paritaria a la baja y la implementaci\u00f3n del presentismo que afecta sobre todo a la mujer trabajadora. En un contexto donde el presidente Macri le ha solicitado a los ministros el achicamiento del estado con cierres de programas.<br \/>\nResponsabilizamos al Ministro de Salud Jorge Lemus por el atraso en los pagos salariales y al Presidente de la Naci\u00f3n, Mauricio Macri como responsable de la precarizaci\u00f3n laboral, la falta de derechos hacia estos trabajadores, y la falta de asistencia sanitaria a los sectores m\u00e1s vulnerable de la sociedad.<br \/>\nSe suman a esta actividad organizaciones sociales y territoriales, que son quienes principalmente se ven afectados por las consecuencias de la situaci\u00f3n que viven los trabajadores y trabajadoras y el desfinanciamiento y cierre de programas de este Ministerio.<br \/>\nSe agradece difusi\u00f3n.<br \/>\nATE Salud de la Naci\u00f3n.<br \/>\nContactos de prensa:<br \/>\nSecretaria General Junta Interna de Delegados MSAL:<br \/>\nGraciela Rios: 155817 6164 prensa.atesalud@gmail.com<\/p>\n","protected":false},"excerpt":{"rendered":"<p>[Fm Riachuelo 14\/06\/2017]Hoy se realiz\u00f3 una medida de fuerza en todo el pa\u00eds de las y los trabajadores agremiados en la Asociaci\u00f3n de Trabajadores Estatales (ATE Salud). En la Ciudad de Buenos Aires junto a la CTA-A y organizaciones sociales, nucleadas en la Mesa Gremial 19 y 20 de la CTEP, realizaron una actividad de [&hellip;]<\/p>\n","protected":false},"author":4,"featured_media":4796,"comment_status":"open","ping_status":"open","sticky":false,"template":"","format":"standard","meta":{"_monsterinsights_skip_tracking":false,"_monsterinsights_sitenote_active":false,"_monsterinsights_sitenote_note":"","_monsterinsights_sitenote_category":0,"jnews-multi-image_gallery":[],"jnews_single_post":[],"jnews_primary_category":[],"_joinchat":[],"footnotes":""},"categories":[78],"tags":[68],"class_list":["post-4792","post","type-post","status-publish","format-standard","has-post-thumbnail","hentry","category-economia-popular","tag-de-los-trabajadores"],"_links":{"self":[{"href":"http:\/\/fmriachuelo.it10.com.ar\/index.php\/wp-json\/wp\/v2\/posts\/4792","targetHints":{"allow":["GET"]}}],"collection":[{"href":"http:\/\/fmriachuelo.it10.com.ar\/index.php\/wp-json\/wp\/v2\/posts"}],"about":[{"href":"http:\/\/fmriachuelo.it10.com.ar\/index.php\/wp-json\/wp\/v2\/types\/post"}],"author":[{"embeddable":true,"href":"http:\/\/fmriachuelo.it10.com.ar\/index.php\/wp-json\/wp\/v2\/users\/4"}],"replies":[{"embeddable":true,"href":"http:\/\/fmriachuelo.it10.com.ar\/index.php\/wp-json\/wp\/v2\/comments?post=4792"}],"version-history":[{"count":0,"href":"http:\/\/fmriachuelo.it10.com.ar\/index.php\/wp-json\/wp\/v2\/posts\/4792\/revisions"}],"wp:featuredmedia":[{"embeddable":true,"href":"http:\/\/fmriachuelo.it10.com.ar\/index.php\/wp-json\/"}],"wp:attachment":[{"href":"http:\/\/fmriachuelo.it10.com.ar\/index.php\/wp-json\/wp\/v2\/media?parent=4792"}],"wp:term":[{"taxonomy":"category","embeddable":true,"href":"http:\/\/fmriachuelo.it10.com.ar\/index.php\/wp-json\/wp\/v2\/categories?post=4792"},{"taxonomy":"post_tag","embeddable":true,"href":"http:\/\/fmriachuelo.it10.com.ar\/index.php\/wp-json\/wp\/v2\/tags?post=4792"}],"curies":[{"name":"wp","href":"https:\/\/api.w.org\/{rel}","templated":true}]}}