{"id":4767,"date":"2017-06-09T13:07:00","date_gmt":"2017-06-09T13:07:00","guid":{"rendered":"http:\/\/fmriachuelo.com.ar\/ljkjklj\/?p=4767"},"modified":"2017-06-09T13:07:00","modified_gmt":"2017-06-09T13:07:00","slug":"cordoba-sin-medios-de-transporte-publico-se-suman-otros-gremios","status":"publish","type":"post","link":"http:\/\/fmriachuelo.it10.com.ar\/index.php\/2017\/06\/09\/cordoba-sin-medios-de-transporte-publico-se-suman-otros-gremios\/","title":{"rendered":"CORDOBA SIN MEDIOS DE TRANSPORTE P\u00daBLICO, SE SUMAN OTROS GREMIOS"},"content":{"rendered":"<p>[FM Riachuelo 09\/06\/2017] En la prov. de C\u00f3rdoba se registra un paro de los choferes de transporte p\u00fablico que ya lleva 5 d\u00edas y amenaza con agudizarse, mientras se suman otros gremios en solidaridad con el justo reclamo de los trabajadores: salarios dignos y la normalizaci\u00f3n de sus autoridades. Tambi\u00e9n la Confederaci\u00f3n de Trabajadores de la Econom\u00eda Popular (CTEP) \u00a0sum\u00f3 su adhesi\u00f3n y solidaridad.<\/p>\n<p>Ayer entrevistamos a Mariano Pacheco, periodista, desde C\u00f3rdoba:<\/p>\n<p><strong>Informe de Mariano Pacheco, desde C\u00f3rdoba, para La Luna con Gatillo y Resumen Latinoamericano, 8 junio 2017.-<\/strong><\/p>\n<p>Desde que Ram\u00f3n Mestre asumi\u00f3 la intendencia de la capital provincial, el boleto de colectivos pas\u00f3 a costar de $2,50 a $12, 55. El a\u00f1o pasado, la paritaria nacional cerr\u00f3 en 27%, mientras que la inflaci\u00f3n anual fue del 35%. A esto debemos sumarle que en septiembre pasado la seccional C\u00f3rdoba de la Uni\u00f3n Tranviaria Automotor (UTA) fue intervenida por la conducci\u00f3n nacional del gremio. Este es el contexto de fondo en el cual se inscribe la lucha actual de los choferes de colectivo y las conductoras de trolebuses que esta semana han paralizado el servicio de transporte p\u00fablico de pasajeros en C\u00f3rdoba capital por cuatro d\u00edas consecutivos. Hoy viernes se cumple el sexto d\u00eda de lucha (las protestas comenzaron el pasado viernes) en reclamo por el pago en una sola cuota del 21% de aumento salarial que la UTA Nacional acord\u00f3 con el gobierno en tres cuotas. Sumado a esto los trabajadores reclaman el pago retroactivo al mes de enero y que sea aplicado a la escala nominal de C\u00f3rdoba, con lo que el aumento salarial rondar\u00eda un 32%. Tras estos \u00e1lgidos d\u00edas de lucha tambi\u00e9n reclaman la reincorporaci\u00f3n de los despedidos de las empresas de transporte local (unas 80 personas en total) y repudian la detenci\u00f3n que han padecido tres trabajadores.<br \/>\nMientras esperan que se destrabe el conflicto contin\u00faan con su acampe frente a la seccional C\u00f3rdoba de UTA. All\u00ed, sobre calle Velez Sarfield (casi esquina San Luis) La Luna con Gatillo convers\u00f3 con Yolanda Aimino (Inspectora de Trolebuses, con 28 a\u00f1os de servicio):<\/p>\n<p>NI los despidos de las empresas, ni las intimidaciones del gobiernos del radical amarilllo Ram\u00f3n Mestre, ni la obstinaci\u00f3n de la burocracia sindical de la UTA por quedarse atornillados a sus sillones han podido hasta ahora con los laburantes que, lenta y pacientemente, vienen haciendo un proceso de organizaci\u00f3n de base que hoy se expresa en esta coyuntura con una lucha ejemplar que ya ha sumado las adhesiones y apoyos de otros sindicatos y movimientos sociales.<br \/>\nEl discurso del sentido com\u00fan apunta a desgastar la huelga y enfrentar a trabajadores entre s\u00ed. No importa cu\u00e1nto nos afecte a cada uno en particular que no haya colectivos en la capital provincial, porque lo que est\u00e1 en juego va m\u00e1s all\u00e1 de cada uno de nosotros, y a su vez, nos involucra a cada uno en pleno, puesto que esta es una batalla de la clase trabajadora cordobesa contra las fuerzas del orden cordobesistas.<\/p>\n","protected":false},"excerpt":{"rendered":"<p>[FM Riachuelo 09\/06\/2017] En la prov. de C\u00f3rdoba se registra un paro de los choferes de transporte p\u00fablico que ya lleva 5 d\u00edas y amenaza con agudizarse, mientras se suman otros gremios en solidaridad con el justo reclamo de los trabajadores: salarios dignos y la normalizaci\u00f3n de sus autoridades. Tambi\u00e9n la Confederaci\u00f3n de Trabajadores de [&hellip;]<\/p>\n","protected":false},"author":4,"featured_media":4768,"comment_status":"open","ping_status":"open","sticky":false,"template":"","format":"standard","meta":{"_monsterinsights_skip_tracking":false,"_monsterinsights_sitenote_active":false,"_monsterinsights_sitenote_note":"","_monsterinsights_sitenote_category":0,"jnews-multi-image_gallery":[],"jnews_single_post":[],"jnews_primary_category":[],"_joinchat":[],"footnotes":""},"categories":[75],"tags":[],"class_list":["post-4767","post","type-post","status-publish","format-standard","has-post-thumbnail","hentry","category-trabajo"],"_links":{"self":[{"href":"http:\/\/fmriachuelo.it10.com.ar\/index.php\/wp-json\/wp\/v2\/posts\/4767","targetHints":{"allow":["GET"]}}],"collection":[{"href":"http:\/\/fmriachuelo.it10.com.ar\/index.php\/wp-json\/wp\/v2\/posts"}],"about":[{"href":"http:\/\/fmriachuelo.it10.com.ar\/index.php\/wp-json\/wp\/v2\/types\/post"}],"author":[{"embeddable":true,"href":"http:\/\/fmriachuelo.it10.com.ar\/index.php\/wp-json\/wp\/v2\/users\/4"}],"replies":[{"embeddable":true,"href":"http:\/\/fmriachuelo.it10.com.ar\/index.php\/wp-json\/wp\/v2\/comments?post=4767"}],"version-history":[{"count":0,"href":"http:\/\/fmriachuelo.it10.com.ar\/index.php\/wp-json\/wp\/v2\/posts\/4767\/revisions"}],"wp:featuredmedia":[{"embeddable":true,"href":"http:\/\/fmriachuelo.it10.com.ar\/index.php\/wp-json\/"}],"wp:attachment":[{"href":"http:\/\/fmriachuelo.it10.com.ar\/index.php\/wp-json\/wp\/v2\/media?parent=4767"}],"wp:term":[{"taxonomy":"category","embeddable":true,"href":"http:\/\/fmriachuelo.it10.com.ar\/index.php\/wp-json\/wp\/v2\/categories?post=4767"},{"taxonomy":"post_tag","embeddable":true,"href":"http:\/\/fmriachuelo.it10.com.ar\/index.php\/wp-json\/wp\/v2\/tags?post=4767"}],"curies":[{"name":"wp","href":"https:\/\/api.w.org\/{rel}","templated":true}]}}