{"id":4764,"date":"2017-06-09T12:52:12","date_gmt":"2017-06-09T12:52:12","guid":{"rendered":"http:\/\/fmriachuelo.com.ar\/ljkjklj\/?p=4764"},"modified":"2017-06-09T12:52:12","modified_gmt":"2017-06-09T12:52:12","slug":"venezuela-asamblea-constituyente-para-enfrentar-las-armas-de-la-derecha","status":"publish","type":"post","link":"http:\/\/fmriachuelo.it10.com.ar\/index.php\/2017\/06\/09\/venezuela-asamblea-constituyente-para-enfrentar-las-armas-de-la-derecha\/","title":{"rendered":"VENEZUELA, ASAMBLEA CONSTITUYENTE PARA ENFRENTAR LAS ARMAS DE LA DERECHA"},"content":{"rendered":"<p>[Resumen Latinoamericano\/Ciudad CCS, 9 de Junio 2017] El ministro del Poder Popular para las Comunas, Arist\u00f3bulo Ist\u00fariz, lament\u00f3 que la oposici\u00f3n pol\u00edtica venezolana haya dejado a un lado el car\u00e1cter democr\u00e1tico y el di\u00e1logo sincero para tomar el camino de la violencia y de las armas.<\/p>\n<div class=\"row vc_row in-container\">\n<div class=\"medium-8 column left\">\n<article id=\"post-48951\">\n<div class=\"row collapse article-content-wrap\">\n<div class=\"small-12 medium-9 right column\">\n<div class=\"article-content\">\n<div class=\"post-body  xt-post-content\">\n<p>As\u00ed lo manifest\u00f3 en horas de la tarde de ayer en el Palacio de Miraflores, durante el recibimiento de una movilizaci\u00f3n de trabajadores del Servicio Administrativo de Identificaci\u00f3n, Migraci\u00f3n y Extranjer\u00eda (SAIME), que march\u00f3 en respaldo a la Asamblea Nacional Constituyente.<\/p>\n<p>\u201cEl mundo entero ha sido testigo de la actitud de la oposici\u00f3n y de la derecha fascista venezolana. La derecha fascista en Venezuela abandon\u00f3 el campo de la pol\u00edtica y asumi\u00f3 el campo de la violencia, de las armas, de la destrucci\u00f3n\u201d, manifest\u00f3.<\/p>\n<p>Sostuvo que las acciones irracionales de los sectores que se oponen a la Revoluci\u00f3n Bolivariana han enlutado, entristecido y llenado de sangre al pueblo venezolano<\/p>\n<p>Durante su exposici\u00f3n sobre el porqu\u00e9 es necesaria la Asamblea Nacional Constituyente, Ist\u00fariz advirti\u00f3 que en Venezuela, como en ninguna otra \u00e9poca, se han visto delitos con alto grado de ensa\u00f1amiento.<\/p>\n<p>Al respecto, asever\u00f3 que los sectores radicales pretenden imponer el odio entre los venezolanos por factores como la militancia pol\u00edtica, las ideas, la condici\u00f3n social y el color de la piel.<\/p>\n<p>\u201cHemos visto acciones terroristas. Por primera vez hemos visto en Venezuela que a alguien se le ocurra echarle gasolina a una persona y prenderle un f\u00f3sforo.<\/p>\n<p>Es terrorismo para meterle miedo a los dem\u00e1s. Por primera vez hemos visto c\u00f3mo se agarra a un preescolar o a un centro educativo y se le ataca con armas y con candela para sembrar el terror\u201d, dijo.<\/p>\n<p>Explic\u00f3 que estas acciones constituyen un claro ejemplo de fascismo y de racismo y al respecto acot\u00f3 que esta \u00faltima condici\u00f3n no est\u00e1 exclusivamente determinada por el color de la piel, sino por la creencia de que hay \u201cunos seres privilegiados que se creen que pertenecen a una raza superior al ser humano y que est\u00e1n por encima de los dem\u00e1s\u201d.<\/p>\n<p><strong>LA CONSTITUYENTE COMO OPCI\u00d3N DE PAZ<\/strong><\/p>\n<p>El tambi\u00e9n vicepresidente para el Socialismo Territorial expuso que ante la intransigencia de la oposici\u00f3n de volver a sentarse en la mesa de di\u00e1logo con el Gobierno, el presidente de la Rep\u00fablica, Nicol\u00e1s Maduro, recurri\u00f3 a la opci\u00f3n de convocar a una Asamblea Nacional Constituyente, con el objeto de reforzar los fundamentos de la doctrina del Comandante Ch\u00e1vez, basada en el poder del pueblo.<\/p>\n<p>\u201cLa Constituyente es un legado del presidente Ch\u00e1vez, por eso el presidente Maduro nos ha recordado a todos: \u2018el poder que yo tengo me viene del pueblo, me lo dio el pueblo (\u2026) hoy no podemos permitir m\u00e1s muertes en Venezuela, no podemos permitir m\u00e1s enfrentamientos, no podemos permitir m\u00e1s intolerancia, y no habiendo m\u00e1s posibilidad de di\u00e1logo, el poder que el pueblo me dio yo se lo devuelvo, para que sea el pueblo, como depositario del Poder Originario, quien decida el dilema que hoy vive la Patria\u2019\u201d, precis\u00f3.<\/p>\n<p>Resalt\u00f3 que los revolucionarios est\u00e1n en la obligaci\u00f3n y el compromiso de preservar la paz ante la constante amenaza de provocar una guerra entre los venezolanos.<\/p>\n<p>\u201cEl plan del imperialismo , de la oligarqu\u00eda internacional est\u00e1 en que los actores que est\u00e1n en Venezuela, la derecha fascista, provoque un enfrentamiento entre venezolanos y entre venezolanas, es decir que provoquen una guerra civil para decirle al mundo que en Venezuela no hay gobernabilidad y que es necesaria la intervenci\u00f3n extranjera\u201d, denunci\u00f3.<\/p>\n<p>La nota completa en:\u00a0<a href=\"http:\/\/www.resumenlatinoamericano.org\/2017\/06\/09\/venezuela-la-derecha-tomo-el-camino-de-las-armas\/\">www.resumenlatinoamericano.org\/2017\/06\/09\/venezuela-la-derecha-tomo-el-camino-de-las-armas\/<\/a><\/p>\n<p>&nbsp;<\/p>\n<\/div>\n<\/div>\n<\/div>\n<\/div>\n<\/article>\n<\/div>\n<\/div>\n","protected":false},"excerpt":{"rendered":"<p>[Resumen Latinoamericano\/Ciudad CCS, 9 de Junio 2017] El ministro del Poder Popular para las Comunas, Arist\u00f3bulo Ist\u00fariz, lament\u00f3 que la oposici\u00f3n pol\u00edtica venezolana haya dejado a un lado el car\u00e1cter democr\u00e1tico y el di\u00e1logo sincero para tomar el camino de la violencia y de las armas. As\u00ed lo manifest\u00f3 en horas de la tarde de [&hellip;]<\/p>\n","protected":false},"author":4,"featured_media":4765,"comment_status":"open","ping_status":"open","sticky":false,"template":"","format":"standard","meta":{"_monsterinsights_skip_tracking":false,"_monsterinsights_sitenote_active":false,"_monsterinsights_sitenote_note":"","_monsterinsights_sitenote_category":0,"jnews-multi-image_gallery":[],"jnews_single_post":[],"jnews_primary_category":[],"_joinchat":[],"footnotes":""},"categories":[79],"tags":[84],"class_list":["post-4764","post","type-post","status-publish","format-standard","has-post-thumbnail","hentry","category-nadie-se-salva-solo","tag-la-verdad-de-venezuela"],"_links":{"self":[{"href":"http:\/\/fmriachuelo.it10.com.ar\/index.php\/wp-json\/wp\/v2\/posts\/4764","targetHints":{"allow":["GET"]}}],"collection":[{"href":"http:\/\/fmriachuelo.it10.com.ar\/index.php\/wp-json\/wp\/v2\/posts"}],"about":[{"href":"http:\/\/fmriachuelo.it10.com.ar\/index.php\/wp-json\/wp\/v2\/types\/post"}],"author":[{"embeddable":true,"href":"http:\/\/fmriachuelo.it10.com.ar\/index.php\/wp-json\/wp\/v2\/users\/4"}],"replies":[{"embeddable":true,"href":"http:\/\/fmriachuelo.it10.com.ar\/index.php\/wp-json\/wp\/v2\/comments?post=4764"}],"version-history":[{"count":0,"href":"http:\/\/fmriachuelo.it10.com.ar\/index.php\/wp-json\/wp\/v2\/posts\/4764\/revisions"}],"wp:featuredmedia":[{"embeddable":true,"href":"http:\/\/fmriachuelo.it10.com.ar\/index.php\/wp-json\/"}],"wp:attachment":[{"href":"http:\/\/fmriachuelo.it10.com.ar\/index.php\/wp-json\/wp\/v2\/media?parent=4764"}],"wp:term":[{"taxonomy":"category","embeddable":true,"href":"http:\/\/fmriachuelo.it10.com.ar\/index.php\/wp-json\/wp\/v2\/categories?post=4764"},{"taxonomy":"post_tag","embeddable":true,"href":"http:\/\/fmriachuelo.it10.com.ar\/index.php\/wp-json\/wp\/v2\/tags?post=4764"}],"curies":[{"name":"wp","href":"https:\/\/api.w.org\/{rel}","templated":true}]}}