{"id":4760,"date":"2017-06-09T03:05:48","date_gmt":"2017-06-09T03:05:48","guid":{"rendered":"http:\/\/fmriachuelo.com.ar\/ljkjklj\/?p=4760"},"modified":"2017-06-09T03:05:48","modified_gmt":"2017-06-09T03:05:48","slug":"protesta-de-trabajadores-de-prensa-marcharon-hasta-el-ministerio-de-trabajo","status":"publish","type":"post","link":"http:\/\/fmriachuelo.it10.com.ar\/index.php\/2017\/06\/09\/protesta-de-trabajadores-de-prensa-marcharon-hasta-el-ministerio-de-trabajo\/","title":{"rendered":"PROTESTA DE TRABAJADORES DE PRENSA,  MARCHARON HASTA EL MINISTERIO DE TRABAJO"},"content":{"rendered":"<p>[FM Riachuelo 08\/06\/2017] Los trabajadores de prensa nucleados en la Mesa Nacional de Trabajadores de Prensa, en la semana del d\u00eda del periodista, \u00a0marcharon hoy en CABA, desde el Obelisco hasta el Ministerio de Trabajo, en Av. Callao al 100,\u00a0por las condiciones laborales y los salarios, en defensa de convenios y estatutos, contra la multitarea y la precarizaci\u00f3n,\u00a0y porque sin trabajo no hay libertad de expresi\u00f3n. Con una importante convocatoria se realiz\u00f3 la marcha, con la amenazante presencia policial frente a la pac\u00edfica m\u00e1rcha. Las distintas expresiones gremiales presentes destacaron la unidad en la lucha por la defensa del trabajo y los derechos laborales.<\/p>\n<p><span style=\"color: #0000ff\"><strong><a style=\"color: #0000ff\" href=\"https:\/\/www.facebook.com\/pg\/fmriachuelo\/photos\/?tab=album&amp;album_id=1416113641777180\">IM\u00c1GENES #8J PARO Y MOVILIZACI\u00d3N DE TRABAJADORES DE PRENSA<\/a><\/strong><\/span><\/p>\n<p>Escuch\u00e1 la <span style=\"color: #ff0000\"><strong>Cobertura Riachuelo<\/strong><\/span>, con las principales voces de la jornada:<\/p>\n<p>Con una convocatoria que desbord\u00f3 las expectativas, se llev\u00f3 adelante la medida de fuerza con cese de tareas y marcha hasta el Ministerio de Trabajo, a la que se sumaron asociaciones gremiales de prensa, que llegaron desde diferentes lugares del pa\u00eds, acompa\u00f1ados por los medios de comunicaci\u00f3n popular, \u00a0que hicieron propio el reclamo por la libertad de expresi\u00f3n, \u00a0que se ve cercenada cotidianamente con falta de recursos e incautaci\u00f3n creciente de equipos.\u00a0Tambi\u00e9n estuvieron presentes solidariz\u00e1ndose otros gremios.<\/p>\n<p><a href=\"http:\/\/fmriachuelo.com.ar\/ljkjklj\/wp-content\/uploads\/2017\/06\/WhatsApp-Image-2017-06-08-at-16.46.04.jpeg\"><img loading=\"lazy\" decoding=\"async\" class=\"alignleft size-medium wp-image-4762\" src=\"http:\/\/fmriachuelo.com.ar\/ljkjklj\/wp-content\/uploads\/2017\/06\/WhatsApp-Image-2017-06-08-at-16.46.04-300x225.jpeg\" alt=\"\" width=\"300\" height=\"225\" \/><\/a><\/p>\n<p>Las distintas voces destacaron la unidad de los trabajadores para enfrentar las pol\u00edticas que atentan contra\u00a0el leg\u00edtimo derecho de los trabajadores y todas sus hist\u00f3ricas conquistas. Asimismo hubo un repudio generalizado contra el cierre de la Revista Veintitres que se produjo en el d\u00eda de ayer.<\/p>\n<p>Fue llamativa la desmedida\u00a0presencia policial en actitud de amedrentamiento y provocaci\u00f3n contra la\u00a0\u00a0p\u00e1cifica movilizaci\u00f3n de trabajadores.<\/p>\n<p>&nbsp;<\/p>\n<p>Algunas de las principales expresiones:<\/p>\n<p>Tomas Eliaschev, de Sipreba y Revista Veintitres, record\u00f3 que hasta ahora se han perdido 2500 puestos de trabajo y que en el d\u00eda del periodista se perdieron 14 puestos de trabajo en la Revista Veintitres, \u00a0que cerr\u00f3, \u00a0porque sin trabajo no hay libertad de expresi\u00f3n. Juan Pablo Pisceta delegado de INFOBAE mencion\u00f3 como se fue agravando la situaci\u00f3n laboral, \u00a0como afecta esto a la libertad de expresi\u00f3n y la posibilidad de informarse. \u00a0Tambi\u00e9n delegados de los gremios de prensa de distintas partes del pa\u00eds que coincidieron en afirmar la delicada situaci\u00f3n para los trabajadores de prensa. Asimismo, el delegado de Telam, Raul Ferrari, destac\u00f3 el trabajo del Sipreba y la falta de legitimidad del gremio de prensa (UTPBA) que sin verdadera representatividad ha firmado una paritaria desfavorable para los trabajadores. En el acto central habl\u00f3 Tato Dondero, secretario gral. de Sipreba, (Sindicato de prensa de Buenos Aires) y destac\u00f3 la critica situaci\u00f3n que viven los trabajadores en los distintos lugares del pa\u00eds, que ven amenazada su subsistencia. Eduardo Carmona del Sindicato de Prensa de Rosario, adem\u00e1s de las reivindicaciones comunes destac\u00f3 la situaci\u00f3n de creciente precarizaci\u00f3n de los trabajadores de Radio Nacional y el cierre continuo de los medios en Santa Fe. Pablo Jimenez de Santa Fe, destac\u00f3 la unidad de los trabajadores en la calle reclamando por sus derechos.<\/p>\n<p>&nbsp;<\/p>\n","protected":false},"excerpt":{"rendered":"<p>[FM Riachuelo 08\/06\/2017] Los trabajadores de prensa nucleados en la Mesa Nacional de Trabajadores de Prensa, en la semana del d\u00eda del periodista, \u00a0marcharon hoy en CABA, desde el Obelisco hasta el Ministerio de Trabajo, en Av. Callao al 100,\u00a0por las condiciones laborales y los salarios, en defensa de convenios y estatutos, contra la multitarea [&hellip;]<\/p>\n","protected":false},"author":4,"featured_media":4761,"comment_status":"open","ping_status":"open","sticky":false,"template":"","format":"standard","meta":{"_monsterinsights_skip_tracking":false,"_monsterinsights_sitenote_active":false,"_monsterinsights_sitenote_note":"","_monsterinsights_sitenote_category":0,"jnews-multi-image_gallery":[],"jnews_single_post":[],"jnews_primary_category":[],"_joinchat":[],"footnotes":""},"categories":[78,77],"tags":[],"class_list":["post-4760","post","type-post","status-publish","format-standard","has-post-thumbnail","hentry","category-economia-popular","category-soberania"],"_links":{"self":[{"href":"http:\/\/fmriachuelo.it10.com.ar\/index.php\/wp-json\/wp\/v2\/posts\/4760","targetHints":{"allow":["GET"]}}],"collection":[{"href":"http:\/\/fmriachuelo.it10.com.ar\/index.php\/wp-json\/wp\/v2\/posts"}],"about":[{"href":"http:\/\/fmriachuelo.it10.com.ar\/index.php\/wp-json\/wp\/v2\/types\/post"}],"author":[{"embeddable":true,"href":"http:\/\/fmriachuelo.it10.com.ar\/index.php\/wp-json\/wp\/v2\/users\/4"}],"replies":[{"embeddable":true,"href":"http:\/\/fmriachuelo.it10.com.ar\/index.php\/wp-json\/wp\/v2\/comments?post=4760"}],"version-history":[{"count":0,"href":"http:\/\/fmriachuelo.it10.com.ar\/index.php\/wp-json\/wp\/v2\/posts\/4760\/revisions"}],"wp:featuredmedia":[{"embeddable":true,"href":"http:\/\/fmriachuelo.it10.com.ar\/index.php\/wp-json\/"}],"wp:attachment":[{"href":"http:\/\/fmriachuelo.it10.com.ar\/index.php\/wp-json\/wp\/v2\/media?parent=4760"}],"wp:term":[{"taxonomy":"category","embeddable":true,"href":"http:\/\/fmriachuelo.it10.com.ar\/index.php\/wp-json\/wp\/v2\/categories?post=4760"},{"taxonomy":"post_tag","embeddable":true,"href":"http:\/\/fmriachuelo.it10.com.ar\/index.php\/wp-json\/wp\/v2\/tags?post=4760"}],"curies":[{"name":"wp","href":"https:\/\/api.w.org\/{rel}","templated":true}]}}