{"id":476,"date":"2015-05-08T01:30:00","date_gmt":"2015-05-08T01:30:00","guid":{"rendered":"http:\/\/fmriachuelo.observatorioess.org.ar\/index.php\/2015\/05\/08\/movilizacion-a-la-subsecretaria-laboral-del-gcba\/"},"modified":"2025-03-28T16:22:46","modified_gmt":"2025-03-28T19:22:46","slug":"movilizacion-a-la-subsecretaria-laboral-del-gcba","status":"publish","type":"post","link":"http:\/\/fmriachuelo.it10.com.ar\/index.php\/2015\/05\/08\/movilizacion-a-la-subsecretaria-laboral-del-gcba\/","title":{"rendered":"MOVILIZACI\u00d3N A LA SUBSECRETAR\u00cdA LABORAL DEL GCBA"},"content":{"rendered":"<div style=\"text-align: justify\">\n<div style=\"text-align: left\"><span style=\"color: red;font-family: Verdana, sans-serif;font-size: large\"><strong>CUANDO LA INCLUSI\u00d3N SE PAGA CON LA VIDA<\/strong><\/span><\/div>\n<\/div>\n<div style=\"clear: both;text-align: center\"><a href=\"http:\/\/1.bp.blogspot.com\/-eJWRbeTi5HM\/VUwd36eyEII\/AAAAAAAAEPQ\/9beGRvJqb7s\/s1600\/explot.png\" style=\"clear: left;float: left;margin-bottom: 1em;margin-right: 1em;text-align: left\"><span style=\"font-family: Verdana, sans-serif\"><img loading=\"lazy\" decoding=\"async\" border=\"0\" height=\"213\" src=\"http:\/\/1.bp.blogspot.com\/-eJWRbeTi5HM\/VUwd36eyEII\/AAAAAAAAEPQ\/9beGRvJqb7s\/s320\/explot.png\" width=\"320\" \/><\/span><\/a><\/div>\n<div style=\"text-align: left\"><strong style=\"text-align: justify\"><span style=\"font-family: Verdana, sans-serif\">[FMR Jueves 7\/5\/15] Hoy a partir de las 14 hs. se realizar\u00e1 una marcha al Ministerio de Desarrollo Econ\u00f3mico de la Ciudad Aut\u00f3noma de Buenos Aires donde funciona la Subsecretar\u00eda de Trabajo ubicada en Mitre 575.<\/span><\/strong><\/div>\n<div style=\"text-align: justify\">\n<div style=\"text-align: left\"><\/div>\n<\/div>\n<div style=\"text-align: justify\">\n<div style=\"text-align: left\"><strong><span style=\"font-family: Verdana, sans-serif\">Por <span style=\"color: red\">Fm Riachuelo<\/span> entrevistamos a:<\/span><\/strong><\/div>\n<\/div>\n<div style=\"text-align: center\">\n<div style=\"text-align: left\"><span style=\"color: #0b5394;font-weight: bold\"><a href=\"http:\/\/www.mediafire.com\/listen\/mj7lcl9is4inuq0\/2015-05-07_-_SERGIO_LESGUEBERIS_-_CASONA_DE_FLORES.mp3\" target=\"_blank\" rel=\"noopener\"><span style=\"color: #0072c6;font-family: Verdana, sans-serif\">SERGIO LESGUEBERIS de LA CASONA DE FLORES<\/span><\/a><\/span><\/div>\n<\/div>\n<div style=\"text-align: justify\">\n<div style=\"text-align: left\"><span style=\"font-family: Verdana, sans-serif\"><br \/><\/span><\/div>\n<p><a name='more'><\/a><\/p>\n<div style=\"text-align: left\"><span style=\"font-family: Verdana, sans-serif\"><br \/><\/span><\/div>\n<p><span style=\"font-family: Verdana, sans-serif\"><\/p>\n<div style=\"text-align: left\">Convocada por organizaciones sociales y sindicales, cooperativas de trabajo y familiares de las v\u00edctimas del incendio del taller textil marchan desde Diagonal Norte y Florida exigiendo la renuncia de Fernando Macchi.<\/div>\n<p><\/span><\/div>\n<div style=\"text-align: justify\">\n<div style=\"text-align: left\"><span style=\"font-family: Verdana, sans-serif\"><b><span style=\"color: red\">MATEANDO EN EL RIACHUELO,<\/span> <\/b>programa matutino de <span style=\"color: red;font-weight: bold\">FM Riachuelo (lunes a viernes de 10 a 12 hs.)<\/span> entrevist\u00f3 a <span style=\"color: #0b5394\"><b>SERGIO LESGUEBERIS de LA&nbsp;CASONA&nbsp;DE FLORES<\/b><\/span>, una de las organizaciones que convocan a la movilizaci\u00f3n, parte de una campa\u00f1a destinada a visibilizar y dar soluci\u00f3n a la problem\u00e1tica de estos trabajadores.<\/span><\/div>\n<\/div>\n<p><span style=\"color: blue;font-family: Verdana, sans-serif\">Fuente: Producci\u00f3n Riachuelo<\/span><\/p>\n<div style=\"text-align: justify\">\n<div style=\"text-align: left\"><\/div>\n<\/div>\n","protected":false},"excerpt":{"rendered":"<p>CUANDO LA INCLUSI\u00d3N SE PAGA CON LA VIDA [FMR Jueves 7\/5\/15] Hoy a partir de las 14 hs. se realizar\u00e1 una marcha al Ministerio de Desarrollo Econ\u00f3mico de la Ciudad Aut\u00f3noma de Buenos Aires donde funciona la Subsecretar\u00eda de Trabajo ubicada en Mitre 575. Por Fm Riachuelo entrevistamos a: SERGIO LESGUEBERIS de LA CASONA DE [&hellip;]<\/p>\n","protected":false},"author":4,"featured_media":0,"comment_status":"open","ping_status":"open","sticky":false,"template":"","format":"standard","meta":{"_monsterinsights_skip_tracking":false,"_monsterinsights_sitenote_active":false,"_monsterinsights_sitenote_note":"","_monsterinsights_sitenote_category":0,"jnews-multi-image_gallery":[],"jnews_single_post":{"format":"standard"},"jnews_primary_category":[],"_joinchat":[],"footnotes":""},"categories":[58],"tags":[148],"class_list":["post-476","post","type-post","status-publish","format-standard","hentry","category-noticiariachuelo","tag-trabajo"],"_links":{"self":[{"href":"http:\/\/fmriachuelo.it10.com.ar\/index.php\/wp-json\/wp\/v2\/posts\/476","targetHints":{"allow":["GET"]}}],"collection":[{"href":"http:\/\/fmriachuelo.it10.com.ar\/index.php\/wp-json\/wp\/v2\/posts"}],"about":[{"href":"http:\/\/fmriachuelo.it10.com.ar\/index.php\/wp-json\/wp\/v2\/types\/post"}],"author":[{"embeddable":true,"href":"http:\/\/fmriachuelo.it10.com.ar\/index.php\/wp-json\/wp\/v2\/users\/4"}],"replies":[{"embeddable":true,"href":"http:\/\/fmriachuelo.it10.com.ar\/index.php\/wp-json\/wp\/v2\/comments?post=476"}],"version-history":[{"count":1,"href":"http:\/\/fmriachuelo.it10.com.ar\/index.php\/wp-json\/wp\/v2\/posts\/476\/revisions"}],"predecessor-version":[{"id":23390,"href":"http:\/\/fmriachuelo.it10.com.ar\/index.php\/wp-json\/wp\/v2\/posts\/476\/revisions\/23390"}],"wp:attachment":[{"href":"http:\/\/fmriachuelo.it10.com.ar\/index.php\/wp-json\/wp\/v2\/media?parent=476"}],"wp:term":[{"taxonomy":"category","embeddable":true,"href":"http:\/\/fmriachuelo.it10.com.ar\/index.php\/wp-json\/wp\/v2\/categories?post=476"},{"taxonomy":"post_tag","embeddable":true,"href":"http:\/\/fmriachuelo.it10.com.ar\/index.php\/wp-json\/wp\/v2\/tags?post=476"}],"curies":[{"name":"wp","href":"https:\/\/api.w.org\/{rel}","templated":true}]}}