{"id":4757,"date":"2017-06-08T14:21:31","date_gmt":"2017-06-08T14:21:31","guid":{"rendered":"http:\/\/fmriachuelo.com.ar\/ljkjklj\/?p=4757"},"modified":"2017-06-08T14:21:31","modified_gmt":"2017-06-08T14:21:31","slug":"opinion-el-estado-robocop","status":"publish","type":"post","link":"http:\/\/fmriachuelo.it10.com.ar\/index.php\/2017\/06\/08\/opinion-el-estado-robocop\/","title":{"rendered":"OPINI\u00d3N: EL ESTADO ROBOCOP"},"content":{"rendered":"<p>[FM Riachuelo 08\/06\/2017] Jorge Falcone, militante social, integrante de la coordinadora Resistir y Luchar, public\u00f3 hace pocos d\u00edas una nota de opini\u00f3n sobre la actual situaci\u00f3n pol\u00edtica nacional, \u00a0en el contexto de la pol\u00edtica a nivel global. Lo entrevistamos y lo escuchamos a continuaci\u00f3n:<\/p>\n<p><strong>LA COALICI\u00d3N GOBERNANTE MUESTRA APETITO DE ETERNIDAD<\/strong><\/p>\n<p>[Jorge Falcone, 01\/06\/2017] En su informe pol\u00edtico econ\u00f3mico sobre el primer trimestre de 2017 (que no alcanz\u00f3 a incluir las consecuencias que podr\u00eda acarrearnos la severa crisis institucional brasile\u00f1a), la consultora Macroc\u00f3nsul CDL, que dirige Daniel Sebasti\u00e1n Carbonetto Kolln, comienza describiendo el siguiente panorama: <em>\u00abEl sector industrial y comercial sigue a la baja mientras que el sector agropecuario, financiero y de servicios mostrar\u00eda una muy leve recuperaci\u00f3n. El promedio, le permite al gobierno hablar de brotes verdes. El problema es que, esos sectores, no generan empleo y el descontento social aumenta. Seg\u00fan diversas consultoras de opini\u00f3n, la imagen del gobierno tambi\u00e9n se derrumba, perdiendo m\u00e1s de veinte puntos en sus primeros quince meses de gesti\u00f3n. La estrategia del reciclaje elitista parece fracasar pese al anclaje del tipo de cambio y la reactivaci\u00f3n de la obra p\u00fablica. Con tasas de inter\u00e9s por encima del 20% anual, el mejor negocio es el mercado financiero y no la econom\u00eda real. Las empresas se achican o cierran, reducen stock y empleo, y se dedican a la inversi\u00f3n financiera. Los ingresos fiscales se reducen en t\u00e9rminos reales y el d\u00e9ficit fiscal crece. En este marco, el endeudamiento es lo \u00fanico que sostiene a la macroeconom\u00eda. Lo anterior se agrava con el d\u00e9ficit cuasifiscal del BCRA que viene creciendo aceleradamente. El temor al desempleo y la p\u00e9rdida de poder adquisitivo aumenta entre las familias y ya se ubica entre las principales preocupaciones de la sociedad\u00bb.<\/em><\/p>\n<p>En plena cuenta regresiva hacia la oficializaci\u00f3n de candidat@s para las legislativas de octubre, mientras kirchnerismo y PJ se debaten entre unidad o internas, el oficialismo viene tejiendo alianzas sin prisa y sin pausa. Prueba de ello fue el acto del D\u00eda del Trabajador, en el que compartieron tribuna el Presidente de la Naci\u00f3n y el garante de las patronales rurales Ger\u00f3nimo \u00abMomo\u00bb Venegas &#8211; obscena expresi\u00f3n de un gremialismo empresarial que ya no merece calificarse ni como burocracia sindical -, circunstancia que tanto tension\u00f3 la alianza con la depreciada UCR como permite aventurar una inclinaci\u00f3n de Cambiemos hacia el aparentemente m\u00e1s rendidor estrechamiento de lazos de largo aliento con gobernadores del PJ: Sin ir m\u00e1s lejos, coron\u00f3 dicha reuni\u00f3n una pancarta que rezaba Macri 2019 (cualquiera que hile fino en el an\u00e1lisis de la coalici\u00f3n gobernante advertir\u00e1 su evoluci\u00f3n de partido cuasi vecinal a movimiento en ciernes, cuya armadora m\u00e1s eficaz &#8211; no ide\u00f3loga &#8211; hoy es <strong>Mar\u00eda Eugenia Vidal<\/strong>) Como si ello fuera poco, en su reciente gira por China, el primer mandatario aventur\u00f3 que su gesti\u00f3n inaugurar\u00eda una nueva central nuclear en la Patagonia con capitales de aquel pa\u00eds para el a\u00f1o 2020, momento en el que tambi\u00e9n se promete lanzar al espacio el sat\u00e9lite Arsat 3.<\/p>\n<p>En consonancia con ese desembozado af\u00e1n de perpetuidad, a falta de \u00ablluvia de inversiones\u00bb el Ejecutivo viene conminando a apostar por su gesti\u00f3n a hist\u00f3ricos aliados en el rapi\u00f1aje de nuestra econom\u00eda, cuyos apellidos quedaron te\u00f1idos de sangre a partir de los ping\u00fces dividendos obtenidos durante la \u00faltima dictadura:\u00a0 <strong>Rocca<\/strong>, <strong>Bulgheroni<\/strong>, <strong>P\u00e9rez Companc<\/strong>, <strong>Blaquier<\/strong>, por citar s\u00f3lo a un pu\u00f1ado.<\/p>\n<p><strong>LEGITIMAR EL GENOCIDIO<\/strong><\/p>\n<p><strong>PARA REPRIMIR AL PUEBLO CON CONSENSO SOCIAL<\/strong><\/p>\n<p>El correlato cultural de dichos teje y maneje busca permear a una clase media saturada con ese relato setentista que nunca lleg\u00f3 a ser debate fundamentado y a fondo mediante una l\u00f3gica negacionista que apunta a <strong>legitimar el genocidio para, en consecuencia, hacer lo propio con la imprescindible ola represiva sin la cual ser\u00e1 pr\u00e1cticamente imposible sostener el paquete de medidas impopulares que el gobierno se apresta a aplicar tras los pr\u00f3ximos comicios si la suerte lo acompa\u00f1a<\/strong>.<\/p>\n<p>A ese respecto, cabe destacar que desde el 12 de diciembre de 2015 en que la Confluencia <strong>Movimiento Popular La Dignidad<\/strong> &#8211;<strong>Movimiento Tupac Katari<\/strong> llen\u00f3 la Plaza de Mayo con representantes de diversos colectivos gremiales, sociales y culturales, a efectos de debatir el flamante escenario nacional, hasta el primer paro masivo de la CGT contra el gobierno de Macri, asistimos a embates represivos aislados &#8211; como la carga contra los municipales platenses, el hostigamiento a activistas de <strong>La Garganta Poderosa<\/strong>, o la balacera contra una murga de la Villa 31 -, posibles globos de ensayo aparentemente destinados a intimidar a la base militante. Pero resulta harto evidente que, a partir de la protesta del 6 de abril de 2017 esa Ministra de Seguridad que debutara con el papel\u00f3n de la grotesca persecuci\u00f3n a los \u00abpr\u00f3fugos de la efedrina\u00bb descarg\u00f3 sobre las espaldas de trabajadores y trabajadoras en huelga toda la sa\u00f1a de un <strong>Protocolo Antidisturbios<\/strong> articulado con el Mossad, que vino para quedarse, como m\u00e1s tarde lo comprobaron l@s maestr@s en Plaza Congreso. Y, si \u00abpara muestra basta un bot\u00f3n\u00bb, la gobernaci\u00f3n bonaerense acaba de sacar a la calle un millar de efectivos policiales a distribuir en puntos claves de su geograf\u00eda social, conducidos por el <strong>Grupo Halc\u00f3n<\/strong>en el marco de una pol\u00edtica cuya denominaci\u00f3n exime de agregar comentarios: <strong>Modelo Disuasorio de Ocupaci\u00f3n Territorial<\/strong>.<\/p>\n<p>As\u00ed, esta oligarqu\u00eda del Siglo XXI encumbrada por el voto &#8211; que seg\u00fan el analista Jorge As\u00eds goza del apoyo de \u00abla familia militar\u00bb, al punto de haberle proporcionado fiscales para la elecci\u00f3n que la consagr\u00f3 al mando del pa\u00eds &#8211; genera un escenario tan novedoso como el de la volatilizaci\u00f3n del Estado al tiempo en que parad\u00f3jicamente se reivindican las instituciones republicanas.<\/p>\n<p><strong>OCTUBRE SER\u00c1 LA CONTRACARA DE MARZO<\/strong><\/p>\n<p>El frente popular trabajosamente gestado hasta ahora mediante la unidad en la acci\u00f3n, una vez m\u00e1s dar\u00e1 paso a la acostumbrada fragmentaci\u00f3n (propiciada por la convicci\u00f3n de la izquierda institucional y &#8211; penosamente &#8211; de buena parte de la autodenominada independiente) acerca de que la organizaci\u00f3n popular no adquiere <em>status<\/em> pol\u00edtico hasta que coteja sus frutos en una elecci\u00f3n. La moraleja es conocida. 15&#8242; de fama en los medios m\u00e1s permisivos esperando la palabra despu\u00e9s de que la usen l@s candidat@s del sistema, y modestos recursos econ\u00f3micos para propaganda suministrados por un Estado concebido por la clase dominante para prevalecer como est\u00e1.<\/p>\n<p>Ora con alguna aguerrida referente social doblegada tras\u00a0 su paso por \u00abBailando por un Sue\u00f1o\u00bb, ora con alguna intransigente luchadora por los DDHH complicada con negociados espurios, <strong>este sistema ha infligido m\u00e1s bajas por destrucci\u00f3n de voluntades o cooptaci\u00f3n para sost\u00e9n de su <em>statu quo<\/em> que la propia dictadura con su sistem\u00e1tico plan de exterminio.<\/strong><\/p>\n<p>Ocurre que la democracia formal ha demostrado en toda Nuestra Am\u00e9rica ser un obst\u00e1culo para la emancipaci\u00f3n de los pueblos: Durante la d\u00e9cada del 80, el movimiento rebelde M 19, liderado por <strong>Jaime Bateman Cay\u00f3n<\/strong> sufri\u00f3 incontables bajas en un brev\u00edsimo lapso de tiempo al intentar su tr\u00e1nsito de la lucha guerrillera a la parlamentaria en Colombia, cuyo actual proceso de paz se ve tan asediado por el paramilitarismo como por los promotores de la sojizaci\u00f3n compulsiva, que apuestan a extender su modelo regional hacia los territorios que vaya liberando la insurgencia. Y no deja de ser un dilema con final abierto en qu\u00e9 ha de derivar el prop\u00f3sito zapatista de promover a una mujer originaria como candidata a la Primer Magistratura del narco-estado mexicano.<\/p>\n<p>Pero lo cierto es que, desde que recuperamos el orden constitucional, la lucha ha venido demostrando\u00a0 que f\u00e1bricas, escuelas y barrios no constituyen el \u00fanico territorio en disputa, sino tambi\u00e9n la subjetividad. Las duras lecciones de los a\u00f1os de plomo han dejado, entre otros saldos, la convicci\u00f3n de que deberemos <strong>transformar la vieja noci\u00f3n de zona liberada en zona pol\u00edticamente controlada por las organizaciones sociales<\/strong>.<\/p>\n<p>A punto de conmemorarse el centenario del asalto al Palacio de Invierno de San Petersburgo, acaso la m\u00e1s novedosa ense\u00f1anza del zapatismo chiapaneco sea la de ensayar una econom\u00eda autogestiva a escala humana y defender la nueva sociabilidad que de ella emana con todas las herramientas a que fueron capaces de recurrir las clases subalternas a lo largo de la Historia.-<\/p>\n<p><strong>JORGE FALCONE<\/strong><\/p>\n","protected":false},"excerpt":{"rendered":"<p>[FM Riachuelo 08\/06\/2017] Jorge Falcone, militante social, integrante de la coordinadora Resistir y Luchar, public\u00f3 hace pocos d\u00edas una nota de opini\u00f3n sobre la actual situaci\u00f3n pol\u00edtica nacional, \u00a0en el contexto de la pol\u00edtica a nivel global. Lo entrevistamos y lo escuchamos a continuaci\u00f3n: LA COALICI\u00d3N GOBERNANTE MUESTRA APETITO DE ETERNIDAD [Jorge Falcone, 01\/06\/2017] En [&hellip;]<\/p>\n","protected":false},"author":4,"featured_media":4758,"comment_status":"open","ping_status":"open","sticky":false,"template":"","format":"standard","meta":{"_monsterinsights_skip_tracking":false,"_monsterinsights_sitenote_active":false,"_monsterinsights_sitenote_note":"","_monsterinsights_sitenote_category":0,"jnews-multi-image_gallery":[],"jnews_single_post":[],"jnews_primary_category":[],"_joinchat":[],"footnotes":""},"categories":[79],"tags":[],"class_list":["post-4757","post","type-post","status-publish","format-standard","has-post-thumbnail","hentry","category-nadie-se-salva-solo"],"_links":{"self":[{"href":"http:\/\/fmriachuelo.it10.com.ar\/index.php\/wp-json\/wp\/v2\/posts\/4757","targetHints":{"allow":["GET"]}}],"collection":[{"href":"http:\/\/fmriachuelo.it10.com.ar\/index.php\/wp-json\/wp\/v2\/posts"}],"about":[{"href":"http:\/\/fmriachuelo.it10.com.ar\/index.php\/wp-json\/wp\/v2\/types\/post"}],"author":[{"embeddable":true,"href":"http:\/\/fmriachuelo.it10.com.ar\/index.php\/wp-json\/wp\/v2\/users\/4"}],"replies":[{"embeddable":true,"href":"http:\/\/fmriachuelo.it10.com.ar\/index.php\/wp-json\/wp\/v2\/comments?post=4757"}],"version-history":[{"count":0,"href":"http:\/\/fmriachuelo.it10.com.ar\/index.php\/wp-json\/wp\/v2\/posts\/4757\/revisions"}],"wp:featuredmedia":[{"embeddable":true,"href":"http:\/\/fmriachuelo.it10.com.ar\/index.php\/wp-json\/"}],"wp:attachment":[{"href":"http:\/\/fmriachuelo.it10.com.ar\/index.php\/wp-json\/wp\/v2\/media?parent=4757"}],"wp:term":[{"taxonomy":"category","embeddable":true,"href":"http:\/\/fmriachuelo.it10.com.ar\/index.php\/wp-json\/wp\/v2\/categories?post=4757"},{"taxonomy":"post_tag","embeddable":true,"href":"http:\/\/fmriachuelo.it10.com.ar\/index.php\/wp-json\/wp\/v2\/tags?post=4757"}],"curies":[{"name":"wp","href":"https:\/\/api.w.org\/{rel}","templated":true}]}}