{"id":4747,"date":"2017-06-07T01:45:06","date_gmt":"2017-06-07T01:45:06","guid":{"rendered":"http:\/\/fmriachuelo.com.ar\/ljkjklj\/?p=4747"},"modified":"2017-06-07T01:45:06","modified_gmt":"2017-06-07T01:45:06","slug":"en-el-dia-del-periodista-la-peor-noticia-perdida-de-una-fuente-de-trabajo","status":"publish","type":"post","link":"http:\/\/fmriachuelo.it10.com.ar\/index.php\/2017\/06\/07\/en-el-dia-del-periodista-la-peor-noticia-perdida-de-una-fuente-de-trabajo\/","title":{"rendered":"EN EL D\u00cdA DEL PERIODISTA, LA PEOR NOTICIA: PERDIDA DE UNA FUENTE DE TRABAJO"},"content":{"rendered":"<p>[FM Riachuelo 07\/06\/2017] Hoy 7 de junio se celebra el d\u00eda del periodista y los trabajadores de Cr\u00f3nica recibieron la peor noticia: la p\u00e9rdida de su fuente de trabajo. \u00abUna nueva voz que se calla\u00bb tal lo expres\u00f3 Tom\u00e1s Eliaschev, trabajador de la Revista Veintitres, \u00a0que hoy cerr\u00f3 sus puertas. Ma\u00f1ana se realizar\u00e1 una medida de protesta de los trabajadores de prensa convocados por\u00a0Sipreba y la federaci\u00f3n que los nuclea, \u00a0por la creciente p\u00e9rdida de fuentes de trabajo y la falta de paritarias libres.\u00a0Nos solidarizamos y apoyamos la lucha de los trabajadores y trabajadoras de la Revista Veintitr\u00e9s y adherimos a la medida de fuerza que se realizar\u00e1 en el d\u00eda de ma\u00f1ana.<\/p>\n<p>Escuch\u00e1 la entrevista a Tom\u00e1s Eliaschev, de la Revista Veintitres y Sec. DD.HH. de Sipreba:<\/p>\n<p>Nos solidarizamos y apoyamos la lucha de los trabajadores y trabajadoras de la Revista Veintitr\u00e9s, que en un d\u00eda de reivindicaci\u00f3n de la lucha y el periodismo popular reciben la noticia del cierre de un nuevo medio y ven su fuente de trabajo amenazada. En momentos de resistencia es fundamental continuar avanzando en la construcci\u00f3n de nuevos paradigmas para una comunicaci\u00f3n que sea herramienta de la lucha de nuestro Pueblo. Lo construiremos tal como lo hicimos con todas las conquistas populares: con <strong>Organizaci\u00f3n, Unidad y Lucha<\/strong>.<\/p>\n<div class=\"text_exposed_show\">\n<p>Ma\u00f1ana acompa\u00f1aremos la convocatoria de <a class=\"profileLink\" href=\"https:\/\/www.facebook.com\/sindicatoprensaba\/?fref=mentions\">Sipreba. Sindicato de Prensa de Buenos Aires<\/a> que concentra a las 14 horas en el Obelisco para marchar al Ministerio de Trabajo y reclamar BASTA DE DESPIDOS.<\/p>\n<p>&nbsp;<\/p>\n<\/div>\n","protected":false},"excerpt":{"rendered":"<p>[FM Riachuelo 07\/06\/2017] Hoy 7 de junio se celebra el d\u00eda del periodista y los trabajadores de Cr\u00f3nica recibieron la peor noticia: la p\u00e9rdida de su fuente de trabajo. \u00abUna nueva voz que se calla\u00bb tal lo expres\u00f3 Tom\u00e1s Eliaschev, trabajador de la Revista Veintitres, \u00a0que hoy cerr\u00f3 sus puertas. Ma\u00f1ana se realizar\u00e1 una medida [&hellip;]<\/p>\n","protected":false},"author":4,"featured_media":4748,"comment_status":"open","ping_status":"open","sticky":false,"template":"","format":"standard","meta":{"_monsterinsights_skip_tracking":false,"_monsterinsights_sitenote_active":false,"_monsterinsights_sitenote_note":"","_monsterinsights_sitenote_category":0,"jnews-multi-image_gallery":[],"jnews_single_post":[],"jnews_primary_category":[],"_joinchat":[],"footnotes":""},"categories":[77],"tags":[],"class_list":["post-4747","post","type-post","status-publish","format-standard","has-post-thumbnail","hentry","category-soberania"],"_links":{"self":[{"href":"http:\/\/fmriachuelo.it10.com.ar\/index.php\/wp-json\/wp\/v2\/posts\/4747","targetHints":{"allow":["GET"]}}],"collection":[{"href":"http:\/\/fmriachuelo.it10.com.ar\/index.php\/wp-json\/wp\/v2\/posts"}],"about":[{"href":"http:\/\/fmriachuelo.it10.com.ar\/index.php\/wp-json\/wp\/v2\/types\/post"}],"author":[{"embeddable":true,"href":"http:\/\/fmriachuelo.it10.com.ar\/index.php\/wp-json\/wp\/v2\/users\/4"}],"replies":[{"embeddable":true,"href":"http:\/\/fmriachuelo.it10.com.ar\/index.php\/wp-json\/wp\/v2\/comments?post=4747"}],"version-history":[{"count":0,"href":"http:\/\/fmriachuelo.it10.com.ar\/index.php\/wp-json\/wp\/v2\/posts\/4747\/revisions"}],"wp:featuredmedia":[{"embeddable":true,"href":"http:\/\/fmriachuelo.it10.com.ar\/index.php\/wp-json\/"}],"wp:attachment":[{"href":"http:\/\/fmriachuelo.it10.com.ar\/index.php\/wp-json\/wp\/v2\/media?parent=4747"}],"wp:term":[{"taxonomy":"category","embeddable":true,"href":"http:\/\/fmriachuelo.it10.com.ar\/index.php\/wp-json\/wp\/v2\/categories?post=4747"},{"taxonomy":"post_tag","embeddable":true,"href":"http:\/\/fmriachuelo.it10.com.ar\/index.php\/wp-json\/wp\/v2\/tags?post=4747"}],"curies":[{"name":"wp","href":"https:\/\/api.w.org\/{rel}","templated":true}]}}