{"id":4744,"date":"2017-06-08T02:44:55","date_gmt":"2017-06-08T02:44:55","guid":{"rendered":"http:\/\/fmriachuelo.com.ar\/ljkjklj\/?p=4744"},"modified":"2017-06-08T02:44:55","modified_gmt":"2017-06-08T02:44:55","slug":"cuestionada-designacion-al-frente-de-direccion-provincial-de-ordenamiento-urbano","status":"publish","type":"post","link":"http:\/\/fmriachuelo.it10.com.ar\/index.php\/2017\/06\/08\/cuestionada-designacion-al-frente-de-direccion-provincial-de-ordenamiento-urbano\/","title":{"rendered":"CUESTIONADA DESIGNACI\u00d3N AL FRENTE DE DIRECCI\u00d3N PROVINCIAL DE ORDENAMIENTO URBANO"},"content":{"rendered":"<p>[FM Riachuelo 07\/06\/2017] En la provincia de Buenos Aires\u00a0designaron a Dante Galeazzi al frente de la Direcci\u00f3n Provincial de Ordenamiento Urbano, dependiente de la Subsecretar\u00eda Social de Tierras, Urbanismo y Vivienda del Ministerio de Infraestructura y Vivienda. Alertan sobre el nombramiento de un empresario ligado al sector inmobiliario al frente de un \u00e1rea clave para controlarlo, en una nueva designaci\u00f3n que implica un claro conflicto de intereses.<\/p>\n<p>Entrevistamos al arquitecto Eduardo Reese,\u00a0\u00a0arquitecto y especialista en planificaci\u00f3n urbana y regional. Co-responsable t\u00e9cnico y asesor de planes y proyectos urbanos en m\u00e1s de 30 ciudades argentinas. Con una larga trayectoria en la funci\u00f3n p\u00fablica ligado al urbanismo y la planificaci\u00f3n.\u00a0Escuch\u00e1lo a continuaci\u00f3n:<\/p>\n<p>Mediante un decreto se design\u00f3 al frente de la Direcci\u00f3n Provincial de Ordenamiento Urbano a un representante de los mayores emprendimientos inmobiliarios, ex directivo de Nordelta, actual integrante de la Fundaci\u00f3n Nordelta y ligado a la C\u00e1mara de desarrolladores urbanos.<\/p>\n","protected":false},"excerpt":{"rendered":"<p>[FM Riachuelo 07\/06\/2017] En la provincia de Buenos Aires\u00a0designaron a Dante Galeazzi al frente de la Direcci\u00f3n Provincial de Ordenamiento Urbano, dependiente de la Subsecretar\u00eda Social de Tierras, Urbanismo y Vivienda del Ministerio de Infraestructura y Vivienda. Alertan sobre el nombramiento de un empresario ligado al sector inmobiliario al frente de un \u00e1rea clave para [&hellip;]<\/p>\n","protected":false},"author":4,"featured_media":4745,"comment_status":"open","ping_status":"open","sticky":false,"template":"","format":"standard","meta":{"_monsterinsights_skip_tracking":false,"_monsterinsights_sitenote_active":false,"_monsterinsights_sitenote_note":"","_monsterinsights_sitenote_category":0,"jnews-multi-image_gallery":[],"jnews_single_post":[],"jnews_primary_category":[],"_joinchat":[],"footnotes":""},"categories":[74],"tags":[],"class_list":["post-4744","post","type-post","status-publish","format-standard","has-post-thumbnail","hentry","category-san-cayetano"],"_links":{"self":[{"href":"http:\/\/fmriachuelo.it10.com.ar\/index.php\/wp-json\/wp\/v2\/posts\/4744","targetHints":{"allow":["GET"]}}],"collection":[{"href":"http:\/\/fmriachuelo.it10.com.ar\/index.php\/wp-json\/wp\/v2\/posts"}],"about":[{"href":"http:\/\/fmriachuelo.it10.com.ar\/index.php\/wp-json\/wp\/v2\/types\/post"}],"author":[{"embeddable":true,"href":"http:\/\/fmriachuelo.it10.com.ar\/index.php\/wp-json\/wp\/v2\/users\/4"}],"replies":[{"embeddable":true,"href":"http:\/\/fmriachuelo.it10.com.ar\/index.php\/wp-json\/wp\/v2\/comments?post=4744"}],"version-history":[{"count":0,"href":"http:\/\/fmriachuelo.it10.com.ar\/index.php\/wp-json\/wp\/v2\/posts\/4744\/revisions"}],"wp:featuredmedia":[{"embeddable":true,"href":"http:\/\/fmriachuelo.it10.com.ar\/index.php\/wp-json\/"}],"wp:attachment":[{"href":"http:\/\/fmriachuelo.it10.com.ar\/index.php\/wp-json\/wp\/v2\/media?parent=4744"}],"wp:term":[{"taxonomy":"category","embeddable":true,"href":"http:\/\/fmriachuelo.it10.com.ar\/index.php\/wp-json\/wp\/v2\/categories?post=4744"},{"taxonomy":"post_tag","embeddable":true,"href":"http:\/\/fmriachuelo.it10.com.ar\/index.php\/wp-json\/wp\/v2\/tags?post=4744"}],"curies":[{"name":"wp","href":"https:\/\/api.w.org\/{rel}","templated":true}]}}