{"id":4736,"date":"2017-06-06T02:47:23","date_gmt":"2017-06-06T02:47:23","guid":{"rendered":"http:\/\/fmriachuelo.com.ar\/ljkjklj\/?p=4736"},"modified":"2017-06-06T02:47:23","modified_gmt":"2017-06-06T02:47:23","slug":"ctep-dd-hh-encuentro-de-debate-derecho-a-la-protesta-social","status":"publish","type":"post","link":"http:\/\/fmriachuelo.it10.com.ar\/index.php\/2017\/06\/06\/ctep-dd-hh-encuentro-de-debate-derecho-a-la-protesta-social\/","title":{"rendered":"CTEP DD.HH.: ENCUENTRO DE DEBATE \u00abDERECHO A LA PROTESTA SOCIAL,"},"content":{"rendered":"<p>[ FM Riachuelo 05\/06\/2017] Ma\u00f1ana, 6 de junio a las 18 hs., \u00a0se realizar\u00e1 el <strong>Encuentro de Debate \u00abDerecho a la Protesta Social\u00bb<\/strong> organizado por la Secretar\u00eda de Derechos Humanos de la CTEP, en su sede de Pedro Echague 1265, CABA. En una mesa plenaria en donde diversas organizaciones: \u00a0de la econom\u00eda popular, de defensa de derechos humanos, \u00a0dedicadas a la lucha contra la violencia institucional, del colectivo <a href=\"https:\/\/soundcloud.com\/tags\/NiUnaMenos\">#NiUnaMenos<\/a>, junto a algunos\u00a0referentes de los curas villeros, \u00a0comprometidos con la tarea pastoral en los barrios m\u00e1s humildes.<\/p>\n<p>Escuch\u00e1 la entrevista a Lito Borello, secretario de DD.HH. de CTEP:<\/p>\n<p>Con el fin de concer\u00a0la actividad, entrevistamos a Lito Borello, secretario de DD.HH. de la CTEP, organizadores de la actividad. Durante la entrevista, Borello se refiri\u00f3 a distintos aspectos de la actual coyuntura de gobierno actual. Por una parte se refiri\u00f3 al\u00a0derecho a la protesta, mientras la democracia de Cambiemos avanza para que se enriquezcan los sectores de mayores ingresos. A la vez se\u00f1al\u00f3 la gravedad del momento pol\u00edtico, \u00a0para los sectores populares donde la ofensiva de los poderes f\u00e1cticos busca la criminalizaci\u00f3n y judicializaci\u00f3n de la protesta para poder llevar adelante las pol\u00edticas de explotaci\u00f3n y exclusi\u00f3n del Pueblo: \u00abtratan de construir que es imposible organizarse para construir otro mundo. Pero la gomera de David puede derrotar a Goliath, y eso se libra en la calle\u00bb.<\/p>\n<p>La invitaci\u00f3n al Encuentro de Debate \u00abDerecho a la Protesta\u00bb ser\u00e1 el\u00a0martes 6 de junio, en la sede de Constituci\u00f3n de la CTEP, a las 18 horas-<\/p>\n","protected":false},"excerpt":{"rendered":"<p>[ FM Riachuelo 05\/06\/2017] Ma\u00f1ana, 6 de junio a las 18 hs., \u00a0se realizar\u00e1 el Encuentro de Debate \u00abDerecho a la Protesta Social\u00bb organizado por la Secretar\u00eda de Derechos Humanos de la CTEP, en su sede de Pedro Echague 1265, CABA. En una mesa plenaria en donde diversas organizaciones: \u00a0de la econom\u00eda popular, de defensa [&hellip;]<\/p>\n","protected":false},"author":4,"featured_media":4737,"comment_status":"open","ping_status":"open","sticky":false,"template":"","format":"standard","meta":{"_monsterinsights_skip_tracking":false,"_monsterinsights_sitenote_active":false,"_monsterinsights_sitenote_note":"","_monsterinsights_sitenote_category":0,"jnews-multi-image_gallery":[],"jnews_single_post":[],"jnews_primary_category":[],"_joinchat":[],"footnotes":""},"categories":[78],"tags":[122,119],"class_list":["post-4736","post","type-post","status-publish","format-standard","has-post-thumbnail","hentry","category-economia-popular","tag-derecho-a-la-protesta-social","tag-derechos-humanos"],"_links":{"self":[{"href":"http:\/\/fmriachuelo.it10.com.ar\/index.php\/wp-json\/wp\/v2\/posts\/4736","targetHints":{"allow":["GET"]}}],"collection":[{"href":"http:\/\/fmriachuelo.it10.com.ar\/index.php\/wp-json\/wp\/v2\/posts"}],"about":[{"href":"http:\/\/fmriachuelo.it10.com.ar\/index.php\/wp-json\/wp\/v2\/types\/post"}],"author":[{"embeddable":true,"href":"http:\/\/fmriachuelo.it10.com.ar\/index.php\/wp-json\/wp\/v2\/users\/4"}],"replies":[{"embeddable":true,"href":"http:\/\/fmriachuelo.it10.com.ar\/index.php\/wp-json\/wp\/v2\/comments?post=4736"}],"version-history":[{"count":0,"href":"http:\/\/fmriachuelo.it10.com.ar\/index.php\/wp-json\/wp\/v2\/posts\/4736\/revisions"}],"wp:featuredmedia":[{"embeddable":true,"href":"http:\/\/fmriachuelo.it10.com.ar\/index.php\/wp-json\/"}],"wp:attachment":[{"href":"http:\/\/fmriachuelo.it10.com.ar\/index.php\/wp-json\/wp\/v2\/media?parent=4736"}],"wp:term":[{"taxonomy":"category","embeddable":true,"href":"http:\/\/fmriachuelo.it10.com.ar\/index.php\/wp-json\/wp\/v2\/categories?post=4736"},{"taxonomy":"post_tag","embeddable":true,"href":"http:\/\/fmriachuelo.it10.com.ar\/index.php\/wp-json\/wp\/v2\/tags?post=4736"}],"curies":[{"name":"wp","href":"https:\/\/api.w.org\/{rel}","templated":true}]}}