{"id":4730,"date":"2017-06-04T19:43:20","date_gmt":"2017-06-04T19:43:20","guid":{"rendered":"http:\/\/fmriachuelo.com.ar\/ljkjklj\/?p=4730"},"modified":"2017-06-04T19:43:20","modified_gmt":"2017-06-04T19:43:20","slug":"tercer-capitulo-de-la-serie-documental-la-rebelion-es-justicia","status":"publish","type":"post","link":"http:\/\/fmriachuelo.it10.com.ar\/index.php\/2017\/06\/04\/tercer-capitulo-de-la-serie-documental-la-rebelion-es-justicia\/","title":{"rendered":"TERCER CAP\u00cdTULO DE LA SERIE DOCUMENTAL \u00abLA REBELI\u00d3N ES JUSTICIA\u00bb"},"content":{"rendered":"<p>En un contexto en el cual el poder y el gobierno nacional insiste y avanza en criminalizar a las organizaciones populares\u00a0y a todo el pueblo que lucha, reivindicamos la protesta social como un derecho humano.<\/p>\n<p>Un Derecho que est\u00e1 siendo vulnerado de diversas formas: nos reprimen, nos matan, nos persiguen y tambi\u00e9n nos enjuician.<\/p>\n<p>Las organizaciones populares construimos a diario una sociedad distinta.<br \/>\nEl cap\u00edtulo 3 de la serie documental \u00abLa rebeli\u00f3n es justicia\u00bb nos muestra la historia de esa lucha<br \/>\na trav\u00e9s de los 21 a\u00f1os de la Organizaci\u00f3n Social y Pol\u00edtica Los Pibes. En \u00e9lla nuestro compa\u00f1ero Mart\u00edn \u00abOso\u00bb Cisneros, asesinado por el mismo poder que hoy nos enjuicia, sembr\u00f3 las semillas de la solidaridad, el compromiso militante, la unidad y la organizaci\u00f3n popular.<\/p>\n<div class=\"epyt-video-wrapper\"><iframe loading=\"lazy\"  id=\"_ytid_80673\"  width=\"800\" height=\"450\"  data-origwidth=\"800\" data-origheight=\"450\"  data-relstop=\"1\" src=\"https:\/\/www.youtube.com\/embed\/4aObPiYP08w?enablejsapi=1&#038;autoplay=0&#038;cc_load_policy=0&#038;cc_lang_pref=&#038;iv_load_policy=1&#038;loop=0&#038;modestbranding=0&#038;rel=0&#038;fs=1&#038;playsinline=0&#038;autohide=2&#038;theme=dark&#038;color=red&#038;controls=1&#038;\" class=\"__youtube_prefs__  epyt-is-override  no-lazyload\" title=\"YouTube player\"  allow=\"fullscreen; accelerometer; autoplay; clipboard-write; encrypted-media; gyroscope; picture-in-picture\" allowfullscreen data-no-lazy=\"1\" data-skipgform_ajax_framebjll=\"\"><\/iframe><\/div>\n<p><strong>CONTRA LA CRIMINALIZACI\u00d3N DE LA PROTESTA Y LA ORGANIZACI\u00d3N POPULAR<\/strong><\/p>\n<p>Agradecemos la difusi\u00f3n de este material en apoyo a nuestro dirigente Lito Borello judicializado, junto a Luis D&#8217;el\u00eda y Luis Bord\u00f3n, por protestar en la comisar\u00eda 24 luego de que \u00e9sta protegiera al asesino del Oso Cisneros el 25 de junio de 2004.<br \/>\n<strong>SI TOCAN A UNO NOS TOCAN A TODOS<\/strong><\/p>\n","protected":false},"excerpt":{"rendered":"<p>En un contexto en el cual el poder y el gobierno nacional insiste y avanza en criminalizar a las organizaciones populares\u00a0y a todo el pueblo que lucha, reivindicamos la protesta social como un derecho humano. Un Derecho que est\u00e1 siendo vulnerado de diversas formas: nos reprimen, nos matan, nos persiguen y tambi\u00e9n nos enjuician. Las [&hellip;]<\/p>\n","protected":false},"author":4,"featured_media":4731,"comment_status":"open","ping_status":"open","sticky":false,"template":"","format":"standard","meta":{"_monsterinsights_skip_tracking":false,"_monsterinsights_sitenote_active":false,"_monsterinsights_sitenote_note":"","_monsterinsights_sitenote_category":0,"jnews-multi-image_gallery":[],"jnews_single_post":[],"jnews_primary_category":[],"_joinchat":[],"footnotes":""},"categories":[76,77],"tags":[118],"class_list":["post-4730","post","type-post","status-publish","format-standard","has-post-thumbnail","hentry","category-salud-comunitaria","category-soberania","tag-oso-cisneros"],"_links":{"self":[{"href":"http:\/\/fmriachuelo.it10.com.ar\/index.php\/wp-json\/wp\/v2\/posts\/4730","targetHints":{"allow":["GET"]}}],"collection":[{"href":"http:\/\/fmriachuelo.it10.com.ar\/index.php\/wp-json\/wp\/v2\/posts"}],"about":[{"href":"http:\/\/fmriachuelo.it10.com.ar\/index.php\/wp-json\/wp\/v2\/types\/post"}],"author":[{"embeddable":true,"href":"http:\/\/fmriachuelo.it10.com.ar\/index.php\/wp-json\/wp\/v2\/users\/4"}],"replies":[{"embeddable":true,"href":"http:\/\/fmriachuelo.it10.com.ar\/index.php\/wp-json\/wp\/v2\/comments?post=4730"}],"version-history":[{"count":0,"href":"http:\/\/fmriachuelo.it10.com.ar\/index.php\/wp-json\/wp\/v2\/posts\/4730\/revisions"}],"wp:featuredmedia":[{"embeddable":true,"href":"http:\/\/fmriachuelo.it10.com.ar\/index.php\/wp-json\/"}],"wp:attachment":[{"href":"http:\/\/fmriachuelo.it10.com.ar\/index.php\/wp-json\/wp\/v2\/media?parent=4730"}],"wp:term":[{"taxonomy":"category","embeddable":true,"href":"http:\/\/fmriachuelo.it10.com.ar\/index.php\/wp-json\/wp\/v2\/categories?post=4730"},{"taxonomy":"post_tag","embeddable":true,"href":"http:\/\/fmriachuelo.it10.com.ar\/index.php\/wp-json\/wp\/v2\/tags?post=4730"}],"curies":[{"name":"wp","href":"https:\/\/api.w.org\/{rel}","templated":true}]}}