{"id":4721,"date":"2017-06-04T19:35:13","date_gmt":"2017-06-04T19:35:13","guid":{"rendered":"http:\/\/fmriachuelo.com.ar\/ljkjklj\/?p=4721"},"modified":"2017-06-04T19:35:13","modified_gmt":"2017-06-04T19:35:13","slug":"casa-popular-el-patio-se-inauguro-el-espacio-de-apoyo-escolar","status":"publish","type":"post","link":"http:\/\/fmriachuelo.it10.com.ar\/index.php\/2017\/06\/04\/casa-popular-el-patio-se-inauguro-el-espacio-de-apoyo-escolar\/","title":{"rendered":"CASA POPULAR EL PATIO, SE INAUGUR\u00d3 EL ESPACIO DE APOYO ESCOLAR"},"content":{"rendered":"<p>[FM Riachuelo 03\/06\/2017] Ayer se inaugur\u00f3 el espacio de apoyo escolar, en la <span style=\"color: #000000\"><strong>Casa Popular El Patio<\/strong><\/span>, Lamadrid 1053, que se organizan todos los s\u00e1bados a partir de las 11 hs., \u00a0dirigido a todas las edades. En esta primera jornada hubo\u00a0una importante asistencia de ni\u00f1as, ni\u00f1os, adolescentes y adultos que se acercaron para resolver sus dudas con otr@s. Al finalizar la actividad se ofreci\u00f3 un almuerzo comunitario, que compartieron todas y todos los asistentes: profes, habitantes de El Patio y los integrantes de la cooperativa Letra del Sur.<\/p>\n<p>Escuch\u00e1 de que se trata la actividad de apoyo escolar, en una entrevista que se realiz\u00f3 en el programa\u00a0<span style=\"color: #008000\"><strong><a style=\"color: #008000\" href=\"https:\/\/www.facebook.com\/algranpueblos\/\">AL GRAN PUEBLO SALUD<\/a>:<\/strong><\/span><\/p>\n<p>Minutos antes de las 11 hs. ya se fueron acercando pibas, \u00a0pibes, adolescentes y hasta adultos, \u00a0que est\u00e1n estudiando, que ven\u00edan con sus cuadernos y sus preguntas para resolver. La mesa del Patio se fue llenando, y con unas medialunas calentitas se inici\u00f3 el apoyo junto a Claudia, Patricia, Julieta y Paulo que acompa\u00f1aron a los asistentes que se acercaron.<\/p>\n<p>Apoyo escolar es parte de una serie de actividades que se inserta en el marco general de la salud comunitaria, como una pr\u00e1ctica que permite mejorar nuestras vidas, prevenir, contener y mejorar los lazos entre las personas, que nos ayuden\u00a0construir otro mundo posible. \u00abNo estar solo, estar con otros para resolver lo que se presente\u00bb, es la idea de del apoyo escolar y de la salud que anima la propuesta, as\u00ed lo expres\u00f3 una de las maestras, Claudia, cuando le preguntaron que era el apoyo escolar, \u00abporque estar solo te enferma\u00bb.<\/p>\n<p>Desde el mes de abril (2017\u00a0 la <span style=\"color: #ff6600\"><strong><a style=\"color: #ff6600\" href=\"https:\/\/www.facebook.com\/LETRADELSUR.Cooperativa\/\">Cooperativa Letra del Sur<\/a><\/strong><\/span>, junto a la <strong><span style=\"color: #333300\"><a style=\"color: #333300\" href=\"https:\/\/www.facebook.com\/Lospibeslaboca\/\">Organizaci\u00f3n Social y Pol\u00edtica Los Pibes <\/a><\/span><\/strong>est\u00e1 ofreciendo una serie de talleres, \u00a0<span style=\"color: #0000ff\"><strong>De Boca en Boca,\u00a0<span style=\"color: #000000\">\u00a0<\/span><\/strong><span style=\"color: #000000\">abiertos a<\/span><span style=\"color: #000000\">\u00a0toda la comunidad, de manera libre y gratuita. \u00a0Estos talleres,\u00a0 que se ofrecen a la comunidad, se acompa\u00f1an con una merienda o almuerzo para los asistentes. Proximamente se sumar\u00e1n m\u00e1s talleres, a la oferta.\u00a0 <\/span><\/span><\/p>\n<p><span style=\"color: #0000ff\"><span style=\"color: #000000\"> Los talleres se realizan en el barrio de La Boca, en dos espacios: <strong>Casa Popular El Patio<\/strong> y <span style=\"color: #ff0000\"><strong>FM Riachuelo.\u00a0<\/strong><\/span><\/span><\/span><\/p>\n<p><strong>En Casa Popular El Patio: (Lamadrid 1053, pasillo adentro)<\/strong><\/p>\n<ul>\n<li><span style=\"color: #0000ff\"><span style=\"color: #000000\"><span style=\"color: #ff0000\"><span style=\"color: #000000\">Taller de experimentaci\u00f3n fotogr\u00e1fica, \u00a0martes de 14 a 16.30 hs.<\/span><\/span><\/span><\/span><\/li>\n<li>Taller de artes pl\u00e1sticas para ni\u00f1os y ni\u00f1as, martes de 17 a 19 hs.<\/li>\n<li>Fileteado porte\u00f1o, miercoles de 19 a 21 hs.<\/li>\n<li>Apoyo escolar, s\u00e1bados a las 11 hs.<\/li>\n<li>Orientaci\u00f3n en salud, lunes de 14 a 16 hs.<\/li>\n<\/ul>\n<p><span style=\"color: #ff0000\"><strong>FM Riachuelo:<\/strong><\/span><\/p>\n<ul>\n<li>Serigraf\u00eda, martes desde las 18 hs.<\/li>\n<\/ul>\n<p>&nbsp;<\/p>\n","protected":false},"excerpt":{"rendered":"<p>[FM Riachuelo 03\/06\/2017] Ayer se inaugur\u00f3 el espacio de apoyo escolar, en la Casa Popular El Patio, Lamadrid 1053, que se organizan todos los s\u00e1bados a partir de las 11 hs., \u00a0dirigido a todas las edades. En esta primera jornada hubo\u00a0una importante asistencia de ni\u00f1as, ni\u00f1os, adolescentes y adultos que se acercaron para resolver sus [&hellip;]<\/p>\n","protected":false},"author":4,"featured_media":4725,"comment_status":"open","ping_status":"open","sticky":false,"template":"","format":"standard","meta":{"_monsterinsights_skip_tracking":false,"_monsterinsights_sitenote_active":false,"_monsterinsights_sitenote_note":"","_monsterinsights_sitenote_category":0,"jnews-multi-image_gallery":[],"jnews_single_post":[],"jnews_primary_category":[],"_joinchat":[],"footnotes":""},"categories":[78],"tags":[],"class_list":["post-4721","post","type-post","status-publish","format-standard","has-post-thumbnail","hentry","category-economia-popular"],"_links":{"self":[{"href":"http:\/\/fmriachuelo.it10.com.ar\/index.php\/wp-json\/wp\/v2\/posts\/4721","targetHints":{"allow":["GET"]}}],"collection":[{"href":"http:\/\/fmriachuelo.it10.com.ar\/index.php\/wp-json\/wp\/v2\/posts"}],"about":[{"href":"http:\/\/fmriachuelo.it10.com.ar\/index.php\/wp-json\/wp\/v2\/types\/post"}],"author":[{"embeddable":true,"href":"http:\/\/fmriachuelo.it10.com.ar\/index.php\/wp-json\/wp\/v2\/users\/4"}],"replies":[{"embeddable":true,"href":"http:\/\/fmriachuelo.it10.com.ar\/index.php\/wp-json\/wp\/v2\/comments?post=4721"}],"version-history":[{"count":0,"href":"http:\/\/fmriachuelo.it10.com.ar\/index.php\/wp-json\/wp\/v2\/posts\/4721\/revisions"}],"wp:featuredmedia":[{"embeddable":true,"href":"http:\/\/fmriachuelo.it10.com.ar\/index.php\/wp-json\/"}],"wp:attachment":[{"href":"http:\/\/fmriachuelo.it10.com.ar\/index.php\/wp-json\/wp\/v2\/media?parent=4721"}],"wp:term":[{"taxonomy":"category","embeddable":true,"href":"http:\/\/fmriachuelo.it10.com.ar\/index.php\/wp-json\/wp\/v2\/categories?post=4721"},{"taxonomy":"post_tag","embeddable":true,"href":"http:\/\/fmriachuelo.it10.com.ar\/index.php\/wp-json\/wp\/v2\/tags?post=4721"}],"curies":[{"name":"wp","href":"https:\/\/api.w.org\/{rel}","templated":true}]}}