{"id":4718,"date":"2017-06-05T18:16:32","date_gmt":"2017-06-05T18:16:32","guid":{"rendered":"http:\/\/fmriachuelo.com.ar\/ljkjklj\/?p=4718"},"modified":"2017-06-05T18:16:32","modified_gmt":"2017-06-05T18:16:32","slug":"ni-una-menos-documento-de-organizaciones-convocantes","status":"publish","type":"post","link":"http:\/\/fmriachuelo.it10.com.ar\/index.php\/2017\/06\/05\/ni-una-menos-documento-de-organizaciones-convocantes\/","title":{"rendered":"\u00a1NI UNA MENOS! COBERTURA FM RIACHUELO Y DOCUMENTO DE ORGANIZACIONES CONVOCANTES"},"content":{"rendered":"<p>[FM Riachuelo 05\/06\/2017] El s\u00e1bado pasado (3-6) se realiz\u00f3 la tercera edici\u00f3n de la marcha #NiUnaMenos que reivindica los derechos de las mujeres, contra la violencia y los femicidios, a la vez que responsabiliza al estado por la complicidad con el sistema que avala la desigualdad de\u00a0las mujeres, \u00a0junto a las minor\u00edas y diversidades sexuales,\u00a0que visibilizan la necesidad del\u00a0derecho a un trabajo digno y el derecho a disponer libremente de sus cuerpos. En ese contexto se movilizaron las y los trabajadorxs de la econom\u00eda popular que tambi\u00e9n se hicieron presentes desde sus identidades populares.<\/p>\n<p>Escuch\u00e1 la Cobertura Riachuelo, con las voces de la econom\u00eda popular:<\/p>\n<p>Documento del acto:<\/p>\n<p>[FM Riachuelo\/Resumen Latinoamericano] Contra la violencia patriarcal y contra la violencia del Estado, basta de represi\u00f3n y criminalizaci\u00f3n; trabajo digno para todas, basta de ajuste, exclusi\u00f3n y endeudamiento. Basta de femicidios y travesticidios. \u00a1Ni Una Menos!<br \/>\nLas enormes movilizaciones que gestamos, que atravesaron nuestro pa\u00eds y el continente desde el 3 de junio de 2015, con el grito Ni una menos, fueron la voz de nuestro hartazgo: Basta, basta de violencia machista, basta de complicidad estatal para esas violencias. Reclamamos prevenci\u00f3n y cuidado, igualdad y justicia social. La demanda al Estado, tanto al Gobierno de Mauricio Macri y la alianza Cambiemos como a los gobiernos provinciales, es clara: se trata de las pol\u00edticas integrales de prevenci\u00f3n de la violencia patriarcal y respuesta adecuada a las v\u00edctimas. Nunca pedimos el endurecimiento de las penas: tampoco menos libertades. Hablan por nosotras y dicen que queremos menos libertades sociales a cambio de una protecci\u00f3n que nunca llega, pero esos pedidos siempre se vuelven contra el pueblo; sobre todo contra nosotras, que a la vez que nos dejan indefensas, nos criminalizan cuando queremos defendernos y nos persiguen cuando hacemos o\u00edr nuestro grito.<\/p>\n<p>No nos callan. Por tercera vez marchamos un 3 de junio. Porque todos los d\u00edas una mujer, una ni\u00f1a, una travesti, aparece muerta. El patriarcado se sostiene con esa violencia sobre nuestros cuerpos. Y no nos vamos a creer que es culpa de manifestarnos que la violencia crece, ahora m\u00e1s que antes, tenemos que seguir la misma huella. Tenemos que seguir ese camino que nos abrieron hasta esta plaza las luchas protagonizadas por las Madres y Abuelas de Plaza de Mayo. Ellas nos llevaron muy lejos. Con ellas fuimos parte, hace menos de un mes, del cuerpo colectivo que repudi\u00f3 masiva y claramente el 2\u00d71 para los genocidas, para seguir diciendo basta a la impunidad al terrorismo de estado y sus secuelas.<\/p>\n<p>Estamos en las calles, estamos resistiendo y no nos vencieron. A la crueldad femicida le oponemos feminismo y organizaci\u00f3n, la revuelta que dice \u00a1Basta!: Ni una v\u00edctima m\u00e1s. Ni una menos. Libertad, autonom\u00eda, deseo y revoluci\u00f3n. Emancipaci\u00f3n del patriarcado!<\/p>\n<p>Traemos con nosotras las experiencias, las discusiones y los lazos que hemos construido entre todas en los Encuentros Nacionales de Mujeres y en a\u00f1os de organizaci\u00f3n popular en diversos \u00e1mbitos. Nos reconocemos en las luchas latinoamericanas, originarias y afrodescendientes: remarcamos el protagonismo de las mujeres en las luchas comunitarias por la vida y los territorios. Homenajeamos a las asesinadas: Bety Cari\u00f1o en M\u00e9xico (2010), Berta C\u00e1ceres en Honduras (2016), Laura Leonor Vasquez Pineda (2017) y a las -al menos- 41 ni\u00f1as quemadas vivas por el Estado en Guatemala el mismo 8 de marzo, abrazamos a sus familias como abrazamos al pueblo de Brasil, que est\u00e1 sufriendo las consecuencias de un golpe institucional de derecha y machista.<\/p>\n<p>Las demandas que exigimos al Estado el 3 de junio de 2015 siguen pendientes. Y nosotras somos cada vez m\u00e1s. Despu\u00e9s del primer 3J la marea feminista no par\u00f3 de crecer: el #7N en Espa\u00f1a, el #24A en M\u00e9xico, el #1J en Brasil, el #3J2016 en Argentina, el 13 de agosto Ni Una Menos Per\u00fa, el 3 de octubre en Polonia, el 19 de octubre el primer paro de mujeres en Argentina, el #26N en Italia, la Marcha de las Mujeres en Estados Unidos el 21 de enero y el #8M con el Paro Internacional de Mujeres, que reuni\u00f3 a m\u00e1s de 50 pa\u00edses en todo el mundo. La marea feminista no se detiene.<\/p>\n<p>Sin embargo, a nuestra marea, el Estado le responde con represi\u00f3n. A nuestras demandas, con manipulaciones. Quieren convertir la lucha de las mujeres en adorno cosm\u00e9tico de una pol\u00edtica excluyente antes que en efectivas estrategias de cuidado de la vida. El Estado participa del pacto de complicidad machista que incluye al femicida, pero tambi\u00e9n a los agentes judiciales machistas que no creen en la palabra de la v\u00edctima, los medios de comunicaci\u00f3n que solo nos reconocen como v\u00edctimas para su show del horror, los pol\u00edticos que nos usan de excusa para quitar derechos. No s\u00f3lo las demandas del 3 de junio siguen sin cumplirse. Peor: el ritmo de los femicidios y travesticidios se aceler\u00f3, no tenemos un s\u00f3lo d\u00eda que no est\u00e9 marcado por el duelo. Y tambi\u00e9n empeoraron nuestras condiciones de vida: nos sustrajeron derechos y m\u00faltiples amenazas se ciernen sobre nosotras y sobre todxs. Hoy en la argentina, dos presas paradigm\u00e1ticas, Higui, presa pol\u00edtica del patriarcado por defenderse de sus violadores, y Milagro Sala, por protestar contra el gobierno, son demandas inclaudicables de este movimiento.<\/p>\n<p>J\u00f3venes activistas son perseguidxs y antiguxs militantes encarceladxs. Filman asambleas de estudiantes secundarixs, hostigan a las pibas en los barrios y persiguen a mujeres que abortan. Denunciamos el plan sistem\u00e1tico de persecuci\u00f3n a las feministas en toda Am\u00e9rica Latina, y en Argentina en particular. Al mismo tiempo, el Estado no busca a las j\u00f3venes desaparecidas, supliendo la desidia con gestos, como publicar en el Bolet\u00edn Oficial una recompensa por los datos sobre Araceli casi dos semanas despu\u00e9s de que su cuerpo hab\u00eda aparecido. Fueron las organizaciones sociales las que buscaron a Araceli, fueron mujeres las que detuvieron a su asesino, son las militantes ahora quienes organizan el transporte por los barrios para que las pibas puedan moverse seguras. El Estado no est\u00e1 ausente, se presenta bajo su cara represiva y pretende usar la ley penal para resolver la conflictividad social.<\/p>\n<p>En nuestros lugares de trabajo, a la amenaza siempre existente del despido se agregan las llamadas \u201ccl\u00e1usulas de productividad\u201d, que cercenan derechos laborales. La paritaria de empleados estatales, que quita premios durante meses por una ausencia laboral, ampl\u00eda la desigualdad laboral y como consecuencia empeora la brecha salarial entre hombres y mujeres. Porque sabemos que somos nosotras las que faltamos cuando hay que resolver cuestiones familiares o dom\u00e9sticas.<\/p>\n<p>La deuda externa crece como una bola de nieve, encadenando nuestras vidas y las de nuestrxs hijxs a su pago. La deuda se paga con nuestro tiempo y nuestro esfuerzo, con la postergaci\u00f3n de la edad jubilatoria, el aumento de intereses en los pr\u00e9stamos que toman los sectores populares, la pobreza creciente, el ajuste. La transferencia de recursos es parte de un mapa en que el Estado es responsable. Dicen deuda y nosotras escuchamos que vienen por los pedazos de nuestro cuerpo.<\/p>\n<p>La Educaci\u00f3n Sexual integral, llave para construir una educaci\u00f3n no patriarcal y prevenir que los noviazgos, por ejemplo, sean el comienzo de vidas signadas por la violencia, es desfinanciada y su aplicaci\u00f3n dilatada. A lo largo de todos los a\u00f1os del secundario, pibes y pibas reciben en promedio s\u00f3lo 2 horas de Educaci\u00f3n Sexual Integral.<\/p>\n<p>Mientras, m\u00e1s mujeres son denunciadas por abortar. El a\u00f1o pasado obtuvimos una victoria que celebramos tambi\u00e9n en esta plaza, cuando el movimiento de mujeres logr\u00f3 la liberaci\u00f3n de Bel\u00e9n, criminalizada por un aborto espont\u00e1neo. Desde esa victoria avanzamos y no nos detenemos hasta que nuestra democracia contemple el derecho aborto en condiciones dignas. Debemos estar alertas ante una ofensiva represiva que niega nuestro derecho a decidir sobre nuestros cuerpos, deseos y maternidades. As\u00ed como el feminismo avanza en toda Am\u00e9rica Latina, tambi\u00e9n intentan avanzar quienes nos denuncian como difusoras de la llamada \u201cideolog\u00eda de g\u00e9nero\u201d: son los sectores conservadores que tejen acuerdos con los Estados y las corporaciones, para detener a nuestros feminismos y quitarnos derechos.<\/p>\n<p>Nos quieren quietas, mudas, disciplinadas. Por eso los femicidas y las patotas salen de caza y la polic\u00eda de razzia despu\u00e9s de las marchas. Pero Ni Una Menos es grito y abrazo com\u00fan que hace temblar cada uno de los espacios de nuestras vidas y desborda en las calles. Juntas y para nosotras nos hacemos poderosas. Por eso hoy volvemos a decir \u00a1Basta!<\/p>\n<p>Por todo esto, venimos a esta plaza a reclamar.<br \/>\n1. VIOLENCIAS<br \/>\n#BASTA DE FEMICIDIOS Y TRAVESTICIDIOS<br \/>\n\u2013 Basta de femicidios y travesticidios: el machismo, la misoginia, el odio hacia las lesbianas, las travestis, las bisexuales y las trans matan.<\/p>\n<p>\u2013 Justicia por Diana Sacay\u00e1n! Pepa Gait\u00e1n y Lohana Berkins, presentes!<\/p>\n<p>\u2013 Justicia por Araceli, Micaela, Melina, Camila, justicia para todas las que hoy no pueden gritar. Basta de persecusi\u00f3n a Melody, sobreviviente perseguida por el poder judicial de San Mart\u00edn. Justicia tambi\u00e9n por Paulina Lebbos: exigimos que se inicie el juicio oral, basta de impunidad para los hijos del poder. Justicia por Camila Cabrera.<\/p>\n<p>-Exigimos que se reglamente y se cumpla la ley de Patrocinio jur\u00eddico gratuito para mujeres victimizadas por la violencia machista.<\/p>\n<p>\u2013 Contra la violencia obst\u00e9trica: exigimos el no desmantelamiento de la Maternidad Carlotto y el cumplimiento efectivo de la ley de parto humanizado en todos los establecimientos de salud. Nosotras elegimos cu\u00e1ndo, c\u00f3mo, d\u00f3nde y con qui\u00e9n parir.<\/p>\n<p>\u2013 Repudiamos que las mujeres seamos encarceladas por delitos menores que criminalizan formas de supervivencia, mientras los cr\u00edmenes de las corporaciones y el narcotr\u00e1fico quedan impunes porque benefician al capital.<\/p>\n<p>-Repudiamos la reforma por decreto de la ley de migraciones que no s\u00f3lo vulnera derechos y estigmatiza, sino que busca dividirnos violentando nuestros hist\u00f3ricos lazos de hermandad. Exigimos la anulaci\u00f3n del Decreto de Necesidad y Urgencia 70\/2017 y la eliminaci\u00f3n del Centro de Detenci\u00f3n Migrante.<\/p>\n<p>-Nos pronunciamos contra la violencia simb\u00f3lica que ejercen los medios de comunicaci\u00f3n, la cristalizaci\u00f3n de los estereotipos de g\u00e9nero, la estigmatizaci\u00f3n de nuestras decisiones, la invisibilizaci\u00f3n de nuestras luchas. \u00a1No somos adornos! Queremos m\u00e1s voces feministas en todos los debates pol\u00edticos, econ\u00f3micos, sociales, culturales, somos productoras de sentidos y luchas en todos los \u00e1mbitos \u00a1Dejen de hablar por nosotras!<\/p>\n<p>-Contra el despojo violento de tierras de comunidades ind\u00edgenas y campesinas, contra el extractivismo, contra la intoxicaci\u00f3n por agrot\u00f3xicos que nos envenena y nos mata. Por la defensa de las semillas y la diversidad de nuestros recursos naturales.<\/p>\n<p>-Contra el racismo, la discriminaci\u00f3n y xenofobia hacia las mujeres negras afrodescendientes y afroind\u00edgenas. Y por el buen vivir de nosotras y nuestras comunidades.<\/p>\n<p>-Exigimos pol\u00edticas de g\u00e9nero que tengan presente las discapacidades. Porque la nueva ley de discapacidad quita derechos y carece de perspectiva de g\u00e9nero.<\/p>\n<p>-Denunciamos la violencia econ\u00f3mica que empobrece principalmente a las mujeres y decimos que \u00e9sta tambi\u00e9n es violencia de g\u00e9nero. Son violencia de g\u00e9nero, adem\u00e1s, los recortes a las jubilaciones y los medicamentos para las personas mayores. Las mujeres vivimos m\u00e1s pero en peores condiciones y el Estado nos desampara.<\/p>\n<p>-Basta de esterilizaciones, mutilaciones y torturas sobre nuestros cuerpos en todo el mundo.<\/p>\n<p>-Nos pronunciamos contra la complicidad de operadores de la justicia a la hora de investigar el abuso sexual a ni\u00f1os y ni\u00f1as: basta de justicia patriarcal! el supuesto S\u00edndrome de Alienaci\u00f3n Parental no existe, es discriminatorio y no permite el acceso a la justicia.<br \/>\n#BASTA DE TRATA<\/p>\n<p>-Reclamamos el desmantelamiento de las redes de trata y el procesamiento de todos los actores del delito, desde los proxenetas a funcionarios; la reparaci\u00f3n integral de los da\u00f1os f\u00edsicos, psicol\u00f3gicos y econ\u00f3micos ocasionados a las v\u00edctimas y a sus familiares para su completa reinserci\u00f3n social; que se provean patrocinio jur\u00eddico gratuito para llevar adelante las causas; la creaci\u00f3n de un centro nacional \u00fanico de registro de huellas dactilares de entierros de NN para la identificaci\u00f3n de los cuerpos; la elevaci\u00f3n a jerarqu\u00eda constitucional del Convenio Internacional contra la Trata y la Explotaci\u00f3n de la Prostituci\u00f3n ajena, aprobado por la ONU en 1949.<br \/>\n#ABORTO LEGAL, SEGURO Y GRATUITO<\/p>\n<p>-Sin aborto legal, seguro y gratuito no hay Ni Una Menos<\/p>\n<p>El aborto clandestino es femicidio en manos del Estado. Es una problem\u00e1tica de salud p\u00fablica que es la principal causa de muerte de mujeres gestantes.<\/p>\n<p>-Denunciamos p\u00fablica e internacionalmente a El Salvador, Honduras, Nicaragua, Rep\u00fablica Dominicana, Hait\u00ed y Surinam como Estados femicidas; ya que al ser los \u00fanicos 6 pa\u00edses en Am\u00e9rica Latina con prohibici\u00f3n absoluta del aborto, son responsables de las muertes y graves violaciones al derecho a la salud de cientos de ni\u00f1as y mujeres en sus territorios.<\/p>\n<p>-Desde 1921 existen supuestos de aborto legal en nuestro pa\u00eds. La Corte Suprema de Justicia de la Naci\u00f3n tuvo que recordarlo hace 5 a\u00f1os, sin embargo historias como las de Juana, la ni\u00f1a Wichi violentada sexualmente en Salta, a quien le negaron el derecho al aborto, le ponen cuerpo a la revictimizaci\u00f3n y nos muestran que siguen atrasando un siglo.<\/p>\n<p>Porque mientras el Estado nos da la espalda y niega el reconocimiento de nuestras soberan\u00edas, la urgencia nos encuentra haciendo lo que \u00e9ste deber\u00eda, militando por conquistar derecho(s), por saldar esta violenta deuda que las democracias en la regi\u00f3n tienen con las mujeres y con toda persona con capacidad de gestar. Nos encuentra disputando sentido. Y aqu\u00ed no podemos dejar de hablar de \u201cBel\u00e9n\u201d, criminalizada en Tucum\u00e1n por asistir a un hospital con un aborto espont\u00e1neo en curso y privada ileg\u00edtimamente de su libertad por casi tres a\u00f1os. Hoy, libre y absuelta gracias a la lucha feminista.<\/p>\n<p>La misma que llev\u00f3 a que hoy celebremos que la Red de Profesionales de la Salud por el Derecho a Decidir, logr\u00f3 la incorporaci\u00f3n de la primera materia en una universidad p\u00fablica. \u201cEl aborto como problema de salud\u201d se dictar\u00e1 en la Universidad Nacional de Rosario. A la vez decimos que no permitiremos la persecuci\u00f3n judicial a m\u00e9dicas y m\u00e9dicos que cumplan con la ley y garanticen el derecho humano a la salud.<\/p>\n<p>Gritamos una vez m\u00e1s \u00a1aborto legal, seguro y gratuito! No queremos m\u00e1s #NiMuertasNiPresas. Exigimos que el Congreso de la Naci\u00f3n debata y apruebe el Proyecto de Ley de Interrupci\u00f3n Voluntaria del Embarazo, redactado y presentado por sexta vez en 2016 por la Campa\u00f1a Nacional por el Derecho al Aborto Legal, Seguro y Gratuito.<\/p>\n<p>La presencia de los pa\u00f1uelos verdes en la calle nos muestran que la voluntad popular no niega derechos. Por eso hoy cantamos que \u201clas feministas caminamos para adelante y el Congreso camina para atr\u00e1s\u201d. Por eso seguiremos luchando, cuando tocan a una, y exigiendo, para todas: \u201cEducaci\u00f3n sexual para decidir, anticonceptivos para no abortar, aborto legal para no morir\u201d.<br \/>\n#BASTA DE VIOLENCIA A LAS CUERPAS DISIDENTES<\/p>\n<p>-Reclamamos la implementaci\u00f3n plena de la ley de identidad de g\u00e9nero: acceso real al derecho a la salud integral, a las rectificaciones registrales expeditas, al respeto a la propia identidad.<\/p>\n<p>-Por la protecci\u00f3n de las infancias trans para una vida libre de violencias, de patologizaci\u00f3n, de acoso en las escuelas y los centros de salud.<\/p>\n<p>-Por la integridad y el respeto de los cuerpos intersex, le decimos \u00a1no! a las cirug\u00edas compulsivas que buscan una normalidad que es s\u00f3lo opresi\u00f3n y represi\u00f3n.<\/p>\n<p>-Exigimos la aprobaci\u00f3n de la Ley integral Trans que contempla la reparaci\u00f3n hist\u00f3rica de las compa\u00f1eras trans-travestis perseguidas, criminalizadas y torturadas por el Estado a trav\u00e9s de los c\u00f3digos contravencionales, herederos de los edictos policiales de la Dictadura, que siguen vigentes en 18 provincias.<\/p>\n<p>-Queremos que nuestros deseos vitales est\u00e9n presentes en las escuelas, en los barrios, en las f\u00e1bricas, en las plazas, las oficinas y todos lados. Queremos representaci\u00f3n en los libros de texto y en los medios de comunicaci\u00f3n. Somos mujeres, somos lesbianas, travestis, trans y bisexuales. No hay una sola forma de ser llamada en femenino. La heterosexualidad obligatoria tambi\u00e9n es violencia.<br \/>\n#SEPARACION DEL ESTADO Y LA IGLESIA<\/p>\n<p>\u2013 Somos un movimiento anti-clerical y exigimos el cese de subsidios a la Iglesia Cat\u00f3lica y la educaci\u00f3n religiosa, que este a\u00f1o totalizan 32.000 millones.<\/p>\n<p>\u2013 Repudiamos la intervenci\u00f3n de la Iglesia Cat\u00f3lica y de todas las iglesias evangelistas sobre nuestros cuerpos.<br \/>\n2. CRIMINALIZACI\u00d3N Y REPRESI\u00d3N<br \/>\n#EL ESTADO Y LOS GOBIERNOS SON RESPONSABLES<\/p>\n","protected":false},"excerpt":{"rendered":"<p>[FM Riachuelo 05\/06\/2017] El s\u00e1bado pasado (3-6) se realiz\u00f3 la tercera edici\u00f3n de la marcha #NiUnaMenos que reivindica los derechos de las mujeres, contra la violencia y los femicidios, a la vez que responsabiliza al estado por la complicidad con el sistema que avala la desigualdad de\u00a0las mujeres, \u00a0junto a las minor\u00edas y diversidades sexuales,\u00a0que [&hellip;]<\/p>\n","protected":false},"author":4,"featured_media":4719,"comment_status":"open","ping_status":"open","sticky":false,"template":"","format":"standard","meta":{"_monsterinsights_skip_tracking":false,"_monsterinsights_sitenote_active":false,"_monsterinsights_sitenote_note":"","_monsterinsights_sitenote_category":0,"jnews-multi-image_gallery":[],"jnews_single_post":[],"jnews_primary_category":[],"_joinchat":[],"footnotes":""},"categories":[77],"tags":[],"class_list":["post-4718","post","type-post","status-publish","format-standard","has-post-thumbnail","hentry","category-soberania"],"_links":{"self":[{"href":"http:\/\/fmriachuelo.it10.com.ar\/index.php\/wp-json\/wp\/v2\/posts\/4718","targetHints":{"allow":["GET"]}}],"collection":[{"href":"http:\/\/fmriachuelo.it10.com.ar\/index.php\/wp-json\/wp\/v2\/posts"}],"about":[{"href":"http:\/\/fmriachuelo.it10.com.ar\/index.php\/wp-json\/wp\/v2\/types\/post"}],"author":[{"embeddable":true,"href":"http:\/\/fmriachuelo.it10.com.ar\/index.php\/wp-json\/wp\/v2\/users\/4"}],"replies":[{"embeddable":true,"href":"http:\/\/fmriachuelo.it10.com.ar\/index.php\/wp-json\/wp\/v2\/comments?post=4718"}],"version-history":[{"count":0,"href":"http:\/\/fmriachuelo.it10.com.ar\/index.php\/wp-json\/wp\/v2\/posts\/4718\/revisions"}],"wp:featuredmedia":[{"embeddable":true,"href":"http:\/\/fmriachuelo.it10.com.ar\/index.php\/wp-json\/"}],"wp:attachment":[{"href":"http:\/\/fmriachuelo.it10.com.ar\/index.php\/wp-json\/wp\/v2\/media?parent=4718"}],"wp:term":[{"taxonomy":"category","embeddable":true,"href":"http:\/\/fmriachuelo.it10.com.ar\/index.php\/wp-json\/wp\/v2\/categories?post=4718"},{"taxonomy":"post_tag","embeddable":true,"href":"http:\/\/fmriachuelo.it10.com.ar\/index.php\/wp-json\/wp\/v2\/tags?post=4718"}],"curies":[{"name":"wp","href":"https:\/\/api.w.org\/{rel}","templated":true}]}}