{"id":4715,"date":"2017-06-03T02:50:51","date_gmt":"2017-06-03T02:50:51","guid":{"rendered":"http:\/\/fmriachuelo.com.ar\/ljkjklj\/?p=4715"},"modified":"2017-06-03T02:50:51","modified_gmt":"2017-06-03T02:50:51","slug":"sin-derecho-a-la-comunicacion-un-nuevo-caso-de-decomiso-de-una-radio-comunitaria","status":"publish","type":"post","link":"http:\/\/fmriachuelo.it10.com.ar\/index.php\/2017\/06\/03\/sin-derecho-a-la-comunicacion-un-nuevo-caso-de-decomiso-de-una-radio-comunitaria\/","title":{"rendered":"SIN DERECHO A LA COMUNICACI\u00d3N, UN NUEVO CASO DE DECOMISO DE UNA RADIO COMUNITARIA"},"content":{"rendered":"<p>[FM Riachuelo 02\/06\/2017] Un nuevo caso de decomiso de los equipos de una radio comunitaria FM Coiron 94.3 de Comodoro Rivadavia. El ENACOM con apoyo de Infanter\u00eda se present\u00f3 en la emisora, y sin aviso previo que indicara que podr\u00edan estar cometiendo alguna infracci\u00f3n, secuestraron el equipamiento que impide el ejercicio del leg\u00edtimo derecho a la comunicaci\u00f3n. Al mismo tiempo el equipamiento fue enviado a Buenos Aires, lo que dificulta que se reestablezca la posibilidad de salir al aire.<\/p>\n<p>Escuch\u00e1 a continuaci\u00f3n las voces de Ram\u00f3n Tejada, de FM Coir\u00f3n, \u00a0y de Pablo Antonini, \u00a0presidente de FARCO, que hablan del hecho:<\/p>\n<p>El Gobierno Sigue decomisando y Cerrando las radios populares.<br \/>\nEsta Vez, el Ente Nacional de Comunicaciones, con Apoyo de la Gendarmer\u00eda, irrumpi\u00f3 en FM Coiron y secuestraron Todo el Equipamiento.<\/p>\n<p>En Chubut, el Ente Nacional de Comunicaciones, con Apoyo de la Gendarmer\u00eda, irrumpi\u00f3 en la FM Coiron de Comodoro Rivadavia y decomiso de equipamiento y orden\u00f3 su traslado Buenos Aires. Para los Responsables de la emisora, el operativo fue irregular, \u00a0sin\u00a0que hubiera una notificaci\u00f3n previa.<br \/>\nEl responsable de la emisora, Ram\u00f3n Pablo Tejada, expres\u00f3 que: \u201cel personal del ENACOM\u00a0me Dijo que interfer\u00edamos en el aeropuerto, pero en el texto de la orden de allanamiento dice que\u00a0somos ilegales, algo muy diferente a lo Que habian esgrimido anteriormente\u201d.<\/p>\n<p>Este hecho se produce en un contexto de creciente\u00a0persecuci\u00f3n, hostigamiento y atropello hacia los medios de comunicaci\u00f3n comunitarios y populares, por parte del gobierno nacional, a trav\u00e9s del ENACOM, un organismo creado por decreto a las pocas horas de la asunci\u00f3n.\u00a0Este a\u00f1o tambi\u00e9n, el ENACOM apago la emisora comunitaria FM Ocupas de Moreno, que Pertenece a la una\u00a0asociaci\u00f3n civil que trabaja con discapacitados, con el mismo argumento de interferencia en las comunicaciones a\u00e9reas.<\/p>\n","protected":false},"excerpt":{"rendered":"<p>[FM Riachuelo 02\/06\/2017] Un nuevo caso de decomiso de los equipos de una radio comunitaria FM Coiron 94.3 de Comodoro Rivadavia. El ENACOM con apoyo de Infanter\u00eda se present\u00f3 en la emisora, y sin aviso previo que indicara que podr\u00edan estar cometiendo alguna infracci\u00f3n, secuestraron el equipamiento que impide el ejercicio del leg\u00edtimo derecho a [&hellip;]<\/p>\n","protected":false},"author":4,"featured_media":4716,"comment_status":"open","ping_status":"open","sticky":false,"template":"","format":"standard","meta":{"_monsterinsights_skip_tracking":false,"_monsterinsights_sitenote_active":false,"_monsterinsights_sitenote_note":"","_monsterinsights_sitenote_category":0,"jnews-multi-image_gallery":[],"jnews_single_post":[],"jnews_primary_category":[],"_joinchat":[],"footnotes":""},"categories":[77],"tags":[],"class_list":["post-4715","post","type-post","status-publish","format-standard","has-post-thumbnail","hentry","category-soberania"],"_links":{"self":[{"href":"http:\/\/fmriachuelo.it10.com.ar\/index.php\/wp-json\/wp\/v2\/posts\/4715","targetHints":{"allow":["GET"]}}],"collection":[{"href":"http:\/\/fmriachuelo.it10.com.ar\/index.php\/wp-json\/wp\/v2\/posts"}],"about":[{"href":"http:\/\/fmriachuelo.it10.com.ar\/index.php\/wp-json\/wp\/v2\/types\/post"}],"author":[{"embeddable":true,"href":"http:\/\/fmriachuelo.it10.com.ar\/index.php\/wp-json\/wp\/v2\/users\/4"}],"replies":[{"embeddable":true,"href":"http:\/\/fmriachuelo.it10.com.ar\/index.php\/wp-json\/wp\/v2\/comments?post=4715"}],"version-history":[{"count":0,"href":"http:\/\/fmriachuelo.it10.com.ar\/index.php\/wp-json\/wp\/v2\/posts\/4715\/revisions"}],"wp:featuredmedia":[{"embeddable":true,"href":"http:\/\/fmriachuelo.it10.com.ar\/index.php\/wp-json\/"}],"wp:attachment":[{"href":"http:\/\/fmriachuelo.it10.com.ar\/index.php\/wp-json\/wp\/v2\/media?parent=4715"}],"wp:term":[{"taxonomy":"category","embeddable":true,"href":"http:\/\/fmriachuelo.it10.com.ar\/index.php\/wp-json\/wp\/v2\/categories?post=4715"},{"taxonomy":"post_tag","embeddable":true,"href":"http:\/\/fmriachuelo.it10.com.ar\/index.php\/wp-json\/wp\/v2\/tags?post=4715"}],"curies":[{"name":"wp","href":"https:\/\/api.w.org\/{rel}","templated":true}]}}