{"id":4705,"date":"2017-06-02T02:21:25","date_gmt":"2017-06-02T02:21:25","guid":{"rendered":"http:\/\/fmriachuelo.com.ar\/ljkjklj\/?p=4705"},"modified":"2017-06-02T02:21:25","modified_gmt":"2017-06-02T02:21:25","slug":"en-defensa-del-instituto-universitario-nacional-de-derechos-humanos-madres-de-plaza-de-mayo","status":"publish","type":"post","link":"http:\/\/fmriachuelo.it10.com.ar\/index.php\/2017\/06\/02\/en-defensa-del-instituto-universitario-nacional-de-derechos-humanos-madres-de-plaza-de-mayo\/","title":{"rendered":"EN DEFENSA DEL INSTITUTO UNIVERSITARIO NACIONAL DE DERECHOS HUMANOS MADRES DE PLAZA DE MAYO"},"content":{"rendered":"<p>[FM Riachuelo 01\/06\/2017] Esta tarde se realiz\u00f3 una actividad de repudio a la anunciada intervenci\u00f3n\u00a0del Instituto Universitario Nacional de Derechos Humanos \u00abMadres de Plaza de Mayo\u00bb, pionera en el campo de los derechos humanos. En el auditorio de la Universidad y con numerosa presencia se expresaron distintos referentes de la comunidad universitaria y de la instituci\u00f3n.<\/p>\n<p>Escuch\u00e1 a continuaci\u00f3n la Cobertura de <span style=\"color: #ff0000\"><strong>FM Riachuelo<\/strong><\/span>:<\/p>\n<p>La actividad en defensa de la educaci\u00f3n p\u00fablica, se realiz\u00f3 a las 18 hs en el Auditorio \u00abJuana Azurduy\u00bb y cont\u00f3 con la participaci\u00f3n de toda la comunidad universitaria (autoridades, docentes, no docentes, estudiantes y graduados) \u00a0y del campo de los derechos humanos, junto a decanos de otras universidades nacionales, abogados, trabajadores de prensa y p\u00fablico interesado que acompa\u00f1aron a las Madres.<\/p>\n<p>Tal como ellos lo expresan en un comunicado:\u00a0\u00a0\u00abel\u00a0IUNMa es el \u00fanico Instituto Universitario con orientaci\u00f3n en Derechos Humanos del pa\u00eds y de la regi\u00f3n. Su intervenci\u00f3n es un intento \u2013uno m\u00e1s\u2013 del gobierno nacional por impedir la consolidaci\u00f3n del proceso de Memoria, Verdad y Justicia que constituye el pacto social en el cual se asienta nuestra democracia y que las Madres han contribuido a consolidar a lo largo de sus 40 a\u00f1os de lucha.\u00a0Desde antes de asumir como m\u00e1xima autoridad del Poder Ejecutivo, Mauricio Macri manifest\u00f3 su oposici\u00f3n a la creaci\u00f3n y sostenimiento de universidades p\u00fablicas e institutos de formaci\u00f3n. Su objetivo es privatizar la Educaci\u00f3n Superior, para que s\u00f3lo puedan acceder a ella los sectores de la oligarqu\u00eda que su gobierno representa\u00bb.<\/p>\n<p>&nbsp;<\/p>\n","protected":false},"excerpt":{"rendered":"<p>[FM Riachuelo 01\/06\/2017] Esta tarde se realiz\u00f3 una actividad de repudio a la anunciada intervenci\u00f3n\u00a0del Instituto Universitario Nacional de Derechos Humanos \u00abMadres de Plaza de Mayo\u00bb, pionera en el campo de los derechos humanos. En el auditorio de la Universidad y con numerosa presencia se expresaron distintos referentes de la comunidad universitaria y de la [&hellip;]<\/p>\n","protected":false},"author":4,"featured_media":4706,"comment_status":"open","ping_status":"open","sticky":false,"template":"","format":"standard","meta":{"_monsterinsights_skip_tracking":false,"_monsterinsights_sitenote_active":false,"_monsterinsights_sitenote_note":"","_monsterinsights_sitenote_category":0,"jnews-multi-image_gallery":[],"jnews_single_post":[],"jnews_primary_category":[],"_joinchat":[],"footnotes":""},"categories":[77],"tags":[],"class_list":["post-4705","post","type-post","status-publish","format-standard","has-post-thumbnail","hentry","category-soberania"],"_links":{"self":[{"href":"http:\/\/fmriachuelo.it10.com.ar\/index.php\/wp-json\/wp\/v2\/posts\/4705","targetHints":{"allow":["GET"]}}],"collection":[{"href":"http:\/\/fmriachuelo.it10.com.ar\/index.php\/wp-json\/wp\/v2\/posts"}],"about":[{"href":"http:\/\/fmriachuelo.it10.com.ar\/index.php\/wp-json\/wp\/v2\/types\/post"}],"author":[{"embeddable":true,"href":"http:\/\/fmriachuelo.it10.com.ar\/index.php\/wp-json\/wp\/v2\/users\/4"}],"replies":[{"embeddable":true,"href":"http:\/\/fmriachuelo.it10.com.ar\/index.php\/wp-json\/wp\/v2\/comments?post=4705"}],"version-history":[{"count":0,"href":"http:\/\/fmriachuelo.it10.com.ar\/index.php\/wp-json\/wp\/v2\/posts\/4705\/revisions"}],"wp:featuredmedia":[{"embeddable":true,"href":"http:\/\/fmriachuelo.it10.com.ar\/index.php\/wp-json\/"}],"wp:attachment":[{"href":"http:\/\/fmriachuelo.it10.com.ar\/index.php\/wp-json\/wp\/v2\/media?parent=4705"}],"wp:term":[{"taxonomy":"category","embeddable":true,"href":"http:\/\/fmriachuelo.it10.com.ar\/index.php\/wp-json\/wp\/v2\/categories?post=4705"},{"taxonomy":"post_tag","embeddable":true,"href":"http:\/\/fmriachuelo.it10.com.ar\/index.php\/wp-json\/wp\/v2\/tags?post=4705"}],"curies":[{"name":"wp","href":"https:\/\/api.w.org\/{rel}","templated":true}]}}