{"id":4695,"date":"2017-06-01T02:25:54","date_gmt":"2017-06-01T02:25:54","guid":{"rendered":"http:\/\/fmriachuelo.com.ar\/ljkjklj\/?p=4695"},"modified":"2017-06-01T02:25:54","modified_gmt":"2017-06-01T02:25:54","slug":"registro-de-barrios-populares-una-conquista-de-la-lucha","status":"publish","type":"post","link":"http:\/\/fmriachuelo.it10.com.ar\/index.php\/2017\/06\/01\/registro-de-barrios-populares-una-conquista-de-la-lucha\/","title":{"rendered":"REGISTRO DE BARRIOS POPULARES, LA CONQUISTA DE UN DERECHO"},"content":{"rendered":"<p>[FM Riachuelo 31\/05\/2017]\u00a0El pasado 22 de mayo se public\u00f3 en el Bolet\u00edn Oficial el Decreto 358\/17, emitido por el Poder Ejecutivo Nacional, que\u00a0crea el Registro Nacional de Barrios Populares en Proceso de Integraci\u00f3n Urbana (RENABAP). Tal como lo afirman las organizaciones populares una conquista, que surge a partir de un relevamiento que realizaron los propios habitantes de los barrios populares, nucleados en CTEP, Barrios de Pie, CCC y Techo. Permitir\u00e1 que los habitantes de los barrios m\u00e1s excluidos accedan al Certificado de Vivienda Familiar, a la vez que permiti\u00f3 mapear los barrios populares en nuestro pa\u00eds, que arroja el n\u00famero de 4100 barrios populares, \u00a0compuestos por villas y asentamientos, para el territorio nacional.<\/p>\n<p>Escuch\u00e1 la entrevista a Juan Mart\u00edn Carpenco, del MTE:<\/p>\n<p>[CTEP, Barrios de Pie, CCC y Techo) Nuestros barrios, las villas y asentamientos de la Argentina, no figuran en el mapa: somos una mancha. Hay casas, calles, familias, pero no hay ninguna ley nacional, organismo p\u00fablico o plan urbano que reconozca nuestra existencia. Al menos, hasta ahora.<\/p>\n<p>Las organizaciones sociales peleamos y trabajamos durante meses en la construcci\u00f3n del primer Registro Nacional de Barrios Populares (RENABAP). Miles de vecinas y vecinos fueron casa por casa para encuestar a las familias a lo largo y ancho de los 4100 barrios de la rep\u00fablica argentina.<\/p>\n<p>El 22 de mayo de 2017, fruto de este esfuerzo compartido, se firm\u00f3 el decreto 358\/17 que reconoce por fin la existencia de estos barrios, de esta parte de la patria y crea el Certificado de Vivienda Familiar. Se trata de un documento p\u00fablico in\u00e9dito en nuestro pa\u00eds, que legaliza nuestro domicilio y reconoce nuestro derecho a la ciudad. A acceder de forma igualitaria a todos los servicios de la red p\u00fablica de agua, electricidad, cloacas, etc. Adem\u00e1s, nos permite exigir transporte, alumbrado p\u00fablico, escuelas, hospitales, recolecci\u00f3n de residuos, centros art\u00edsticos y deportivos; todos los servicios necesarios para un buen vivir. Es decir, nos reconoce como ciudadanos de nuestras ciudades, aunque no tengamos hoy el t\u00edtulo de propiedad. Y esta es s\u00f3lo la primera parte de un horizonte y una apuesta mucho m\u00e1s ambiciosa que vamos a seguir trabajando y peleando<\/p>\n<p>Hasta ahora, parece que nosotros vivimos en los barrios, pero nuestros derechos no. As\u00ed que salimos a buscarlos. Pateando la calle, organiz\u00e1ndonos, trabajando y luchando para que nos reconozcan como ciudadanos de plenos derechos, con una cultura propia que debe ser respetada. No necesitamos que nos digan c\u00f3mo vivir, sobrevivimos cada d\u00eda, con el sudor de nuestra frente. Somos parte de este pueblo. Nuestros hijos son el futuro de la patria.<\/p>\n<p>El Certificado de Vivienda Familiar es el primer paso en un largo camino hacia la integraci\u00f3n urbana plena y segura de nuestros barrios, de nuestros territorios, de nuestras casas, de nuestra vida. Pero sabemos que no basta con un documento (ni siquiera con una ley) para lograr tierra, techo y trabajo para todos. Es una tarea que implica compromiso, unidad y solidaridad. Los movimientos populares y organizaciones sociales estamos para impulsar este proceso y protagonizarlo junto a todos los vecinos y vecinas de los Barrios Populares que no se resignen a ser tratados como ciudadanos de segunda. Esta es una reivindicaci\u00f3n que se inscribir\u00e1 entre las grandes conquistas de nuestro pueblo. Es saldar una deuda hist\u00f3rica. Pero esto reci\u00e9n empieza. Para todos todo.<\/p>\n<p>&nbsp;<\/p>\n","protected":false},"excerpt":{"rendered":"<p>[FM Riachuelo 31\/05\/2017]\u00a0El pasado 22 de mayo se public\u00f3 en el Bolet\u00edn Oficial el Decreto 358\/17, emitido por el Poder Ejecutivo Nacional, que\u00a0crea el Registro Nacional de Barrios Populares en Proceso de Integraci\u00f3n Urbana (RENABAP). Tal como lo afirman las organizaciones populares una conquista, que surge a partir de un relevamiento que realizaron los propios [&hellip;]<\/p>\n","protected":false},"author":4,"featured_media":4696,"comment_status":"open","ping_status":"open","sticky":false,"template":"","format":"standard","meta":{"_monsterinsights_skip_tracking":false,"_monsterinsights_sitenote_active":false,"_monsterinsights_sitenote_note":"","_monsterinsights_sitenote_category":0,"jnews-multi-image_gallery":[],"jnews_single_post":[],"jnews_primary_category":[],"_joinchat":[],"footnotes":""},"categories":[74],"tags":[],"class_list":["post-4695","post","type-post","status-publish","format-standard","has-post-thumbnail","hentry","category-san-cayetano"],"_links":{"self":[{"href":"http:\/\/fmriachuelo.it10.com.ar\/index.php\/wp-json\/wp\/v2\/posts\/4695","targetHints":{"allow":["GET"]}}],"collection":[{"href":"http:\/\/fmriachuelo.it10.com.ar\/index.php\/wp-json\/wp\/v2\/posts"}],"about":[{"href":"http:\/\/fmriachuelo.it10.com.ar\/index.php\/wp-json\/wp\/v2\/types\/post"}],"author":[{"embeddable":true,"href":"http:\/\/fmriachuelo.it10.com.ar\/index.php\/wp-json\/wp\/v2\/users\/4"}],"replies":[{"embeddable":true,"href":"http:\/\/fmriachuelo.it10.com.ar\/index.php\/wp-json\/wp\/v2\/comments?post=4695"}],"version-history":[{"count":0,"href":"http:\/\/fmriachuelo.it10.com.ar\/index.php\/wp-json\/wp\/v2\/posts\/4695\/revisions"}],"wp:featuredmedia":[{"embeddable":true,"href":"http:\/\/fmriachuelo.it10.com.ar\/index.php\/wp-json\/"}],"wp:attachment":[{"href":"http:\/\/fmriachuelo.it10.com.ar\/index.php\/wp-json\/wp\/v2\/media?parent=4695"}],"wp:term":[{"taxonomy":"category","embeddable":true,"href":"http:\/\/fmriachuelo.it10.com.ar\/index.php\/wp-json\/wp\/v2\/categories?post=4695"},{"taxonomy":"post_tag","embeddable":true,"href":"http:\/\/fmriachuelo.it10.com.ar\/index.php\/wp-json\/wp\/v2\/tags?post=4695"}],"curies":[{"name":"wp","href":"https:\/\/api.w.org\/{rel}","templated":true}]}}