{"id":4691,"date":"2017-05-31T14:28:04","date_gmt":"2017-05-31T14:28:04","guid":{"rendered":"http:\/\/fmriachuelo.com.ar\/ljkjklj\/?p=4691"},"modified":"2017-05-31T14:28:04","modified_gmt":"2017-05-31T14:28:04","slug":"san-juan-nuevo-caso-de-persecusion-politica-y-judicial-contra-estudiantes","status":"publish","type":"post","link":"http:\/\/fmriachuelo.it10.com.ar\/index.php\/2017\/05\/31\/san-juan-nuevo-caso-de-persecusion-politica-y-judicial-contra-estudiantes\/","title":{"rendered":"SAN JUAN: NUEVO CASO DE PERSECUSI\u00d3N POL\u00cdTICA CONTRA ESTUDIANTES"},"content":{"rendered":"<p>[FM Riachuelo 31\/05\/2017] En San Juan se produjo un nuevo caso de persecusi\u00f3n policial contra estudiantes, de la Universidad Nacional de San Juan, cuando se desarrollaba una asamblea de estudiantes. Una situaci\u00f3n de amenaza contra estudiantes que se comienza a extender por distintas regiones de nuestro pa\u00eds y que constituye un peligro para el ejercicio de las libertades consagradas por nuestra Constituci\u00f3n Nacional. La UNSJ recuerda y recurre al Art\u00edculo 31, que se\u00f1ala que <strong>\u201cla fuerza p\u00fablica no puede ingresar en las instituciones universitarias nacionales si no media orden escrita previa y fundada de juez competente o solicitud expresa de la autoridad universitaria leg\u00edtimamente constituida\u201d.<\/strong><\/p>\n<p>[UNSJ] En la tarde de hoy martes 30 de mayo, dos agentes de la Polic\u00eda de San Juan ingresaron en el Comedor Universitario del Complejo Deportivo \u201cEl Palomar\u201d, perteneciente a la Universidad Nacional de San Juan, mientras se desarrollaba una asamblea informativa de la CICUS (Comisi\u00f3n Interna del Comedor Universitario Sanjuanino).<\/p>\n<p>Seg\u00fan dichos de los alumnos, los uniformados preguntaron si se realizar\u00eda alguna manifestaci\u00f3n en la v\u00eda p\u00fablica y luego se retiraron. Aunque no se produjo hecho de represi\u00f3n alguno, la Universidad Nacional de San Juan rechaza de plano este singular acontecimiento de presencia policial, sin haber mediado requerimiento alguno de esta Casa de altos estudios y, especialmente, considerando que se trataba de una reuni\u00f3n m\u00e1s como otras tantas que realizan sus estudiantes en los predios universitarios.<\/p>\n<p>Ante esto, el rector de la UNSJ, Dr. Oscar Nasisi, se comunic\u00f3 con autoridades de las Fuerzas de Seguridad de la Provincia para conocer de qu\u00e9 manera se sucedieron los hechos. Las autoridades le comentaron que tomaron conocimiento mediante las redes sociales de la posibilidad de cortes de calles cercanas a la Casa de Gobierno. Por tal motivo, el Dr. Nasisi les record\u00f3 que en una eventual pr\u00f3xima vez la Polic\u00eda debe esperar afuera del predio universitario, adem\u00e1s de avisar a las autoridades de la UNSJ.<\/p>\n<p>El pedido del Rector de esta Universidad se funda en la defensa f\u00e9rrea de la autonom\u00eda de la Universidad P\u00fablica que se ampara en dos Art\u00edculos de la vigente Ley de Educaci\u00f3n Superior N\u00ba 24.521. Por un lado, su Art\u00edculo 30 dice que \u201clas instituciones universitarias nacionales s\u00f3lo pueden ser intervenidas por el Honorable Congreso de la Naci\u00f3n, o durante su receso y ad refer\u00e9ndum del mismo, por el Poder Ejecutivo nacional por plazo determinado -no superior a los seis meses- y s\u00f3lo por alguna de las siguientes causales: a) Conflicto insoluble del o de la instituci\u00f3n que haga imposible su normal funcionamiento; b) Grave alteraci\u00f3n del orden p\u00fablico; c) Manifiesto incumplimiento de la presente ley. La intervenci\u00f3n nunca podr\u00e1 menoscabar la autonom\u00eda acad\u00e9mica\u201d.<\/p>\n<p>Y, sobre todo, la UNSJ recuerda y recurre al Art\u00edculo 31, el cual se\u00f1ala que \u201cla fuerza p\u00fablica no puede ingresar en las instituciones universitarias nacionales si no media orden escrita previa y fundada de juez competente o solicitud expresa de la autoridad universitaria leg\u00edtimamente constituida\u201d.<\/p>\n","protected":false},"excerpt":{"rendered":"<p>[FM Riachuelo 31\/05\/2017] En San Juan se produjo un nuevo caso de persecusi\u00f3n policial contra estudiantes, de la Universidad Nacional de San Juan, cuando se desarrollaba una asamblea de estudiantes. Una situaci\u00f3n de amenaza contra estudiantes que se comienza a extender por distintas regiones de nuestro pa\u00eds y que constituye un peligro para el ejercicio [&hellip;]<\/p>\n","protected":false},"author":4,"featured_media":4692,"comment_status":"open","ping_status":"open","sticky":false,"template":"","format":"standard","meta":{"_monsterinsights_skip_tracking":false,"_monsterinsights_sitenote_active":false,"_monsterinsights_sitenote_note":"","_monsterinsights_sitenote_category":0,"jnews-multi-image_gallery":[],"jnews_single_post":[],"jnews_primary_category":[],"_joinchat":[],"footnotes":""},"categories":[77],"tags":[],"class_list":["post-4691","post","type-post","status-publish","format-standard","has-post-thumbnail","hentry","category-soberania"],"_links":{"self":[{"href":"http:\/\/fmriachuelo.it10.com.ar\/index.php\/wp-json\/wp\/v2\/posts\/4691","targetHints":{"allow":["GET"]}}],"collection":[{"href":"http:\/\/fmriachuelo.it10.com.ar\/index.php\/wp-json\/wp\/v2\/posts"}],"about":[{"href":"http:\/\/fmriachuelo.it10.com.ar\/index.php\/wp-json\/wp\/v2\/types\/post"}],"author":[{"embeddable":true,"href":"http:\/\/fmriachuelo.it10.com.ar\/index.php\/wp-json\/wp\/v2\/users\/4"}],"replies":[{"embeddable":true,"href":"http:\/\/fmriachuelo.it10.com.ar\/index.php\/wp-json\/wp\/v2\/comments?post=4691"}],"version-history":[{"count":0,"href":"http:\/\/fmriachuelo.it10.com.ar\/index.php\/wp-json\/wp\/v2\/posts\/4691\/revisions"}],"wp:featuredmedia":[{"embeddable":true,"href":"http:\/\/fmriachuelo.it10.com.ar\/index.php\/wp-json\/"}],"wp:attachment":[{"href":"http:\/\/fmriachuelo.it10.com.ar\/index.php\/wp-json\/wp\/v2\/media?parent=4691"}],"wp:term":[{"taxonomy":"category","embeddable":true,"href":"http:\/\/fmriachuelo.it10.com.ar\/index.php\/wp-json\/wp\/v2\/categories?post=4691"},{"taxonomy":"post_tag","embeddable":true,"href":"http:\/\/fmriachuelo.it10.com.ar\/index.php\/wp-json\/wp\/v2\/tags?post=4691"}],"curies":[{"name":"wp","href":"https:\/\/api.w.org\/{rel}","templated":true}]}}