{"id":4671,"date":"2017-05-28T21:13:47","date_gmt":"2017-05-28T21:13:47","guid":{"rendered":"http:\/\/fmriachuelo.com.ar\/ljkjklj\/?p=4671"},"modified":"2017-05-28T21:13:47","modified_gmt":"2017-05-28T21:13:47","slug":"movimientos-del-alba-repudio-a-la-represion-en-brasil","status":"publish","type":"post","link":"http:\/\/fmriachuelo.it10.com.ar\/index.php\/2017\/05\/28\/movimientos-del-alba-repudio-a-la-represion-en-brasil\/","title":{"rendered":"MOVIMIENTOS DEL ALBA, REPUDIO A LA REPRESI\u00d3N EN BRASIL"},"content":{"rendered":"<p>[FM Riachuelo 28\/05\/2017] Los Movimientos del Alba\u00a0repudiaron la represi\u00f3n contra la movilizaci\u00f3n popular, que sucedi\u00f3 el pasado miercoles y manifestaron amplio respaldo a la manifestaci\u00f3n pac\u00edfica del pueblo brasile\u00f1o contra el presidente Michel Temer y su gobierno.<\/p>\n<p>[Alba Movimiento 27\/05\/2017] Este pasado mi\u00e9rcoles se traz\u00f3 un punto de inflexi\u00f3n para la lucha del pueblo brasile\u00f1o contra la dictadura de Michel Temer. Ciento cincuenta mil personas se movilizaron cumpliendo la convocatoria de sus organizaciones de base, sociales, sindicales, campesinas y estudiantiles, y llegaron a Brasilia marchando pac\u00edficamente exigiendo \u201cDirectas ya\u201d, la \u00fanica soluci\u00f3n para salir de la crisis actual. Sin embargo, haciendo honor a esa sentencia de que los planes neoliberales \u201csolo cierran con m\u00e1s represi\u00f3n\u201d, los y las manifestantes fueron recibidos a balazos, el lanzamiento profuso de gases lacrim\u00f3genos, las cargas de la caballer\u00eda policial,\u00a0 atacados por tanquetas y desde el aire por helic\u00f3pteros policiales. El resultado de semejante actuaci\u00f3n represiva fueron alrededor de 50 heridos y numerosos contusos lo que despert\u00f3 la ira popular que se desplaz\u00f3 a la zona c\u00e9ntrica de la capital de Brasil exigiendo la renuncia inmediata de Temer.<\/p>\n<p>Acorralado por el pueblo\u00a0 y despreciado por su propio partido, Temer sac\u00f3 el ej\u00e9rcito a la calle y lo convirti\u00f3 de buenas a primeras en una fuerza de ocupaci\u00f3n, como en \u00e9pocas de la dictadura militar en los a\u00f1os 60. La excusa utilizada esta vez fue la de defender la casa gubernamental y algunos ministerios atacados por manifestantes.<\/p>\n<p>Temer, integrante de una aut\u00e9ntica banda de delincuentes que fuera impuesto en el Gobierno por la derecha y el imperialismo para aplastar las conquistas hist\u00f3ricas de los trabajadores y trabajadoras se aferra a su cargo y de esta manera genera una situaci\u00f3n de mayor conflictividad e incertidumbre sobre el futuro inmediato.<\/p>\n<p>Desde ALBA MOVIMIENTOS convocamos a respaldar todas las movilizaciones y la lucha planteada por el Frente Brasil Popular y las organizaciones sindicales y populares que hoy est\u00e1n exigiendo la renuncia del presidente de facto y la convocatoria inmediata a elecciones. Tambi\u00e9n repudiamos cualquier intento de continuismo generado desde un Parlamento corrupto y sin credibilidad o cualquier otra estratagema que permita a los golpistas reciclarse en el poder.<\/p>\n<p>La victoria contra las imposiciones neoliberales se lograr\u00e1 s\u00f3lo con la movilizaci\u00f3n permanente en las calles, como dijera nuestro compa\u00f1ero del Movimiento de los Sin Tierra, Joao Pedro Stedile: Frente a la represi\u00f3n, oponer la unidad del pueblo organizado.<\/p>\n<p>&nbsp;<\/p>\n<p>Directas ya!<\/p>\n<p>Fora Temer!<\/p>\n","protected":false},"excerpt":{"rendered":"<p>[FM Riachuelo 28\/05\/2017] Los Movimientos del Alba\u00a0repudiaron la represi\u00f3n contra la movilizaci\u00f3n popular, que sucedi\u00f3 el pasado miercoles y manifestaron amplio respaldo a la manifestaci\u00f3n pac\u00edfica del pueblo brasile\u00f1o contra el presidente Michel Temer y su gobierno. [Alba Movimiento 27\/05\/2017] Este pasado mi\u00e9rcoles se traz\u00f3 un punto de inflexi\u00f3n para la lucha del pueblo brasile\u00f1o [&hellip;]<\/p>\n","protected":false},"author":4,"featured_media":4673,"comment_status":"open","ping_status":"open","sticky":false,"template":"","format":"standard","meta":{"_monsterinsights_skip_tracking":false,"_monsterinsights_sitenote_active":false,"_monsterinsights_sitenote_note":"","_monsterinsights_sitenote_category":0,"jnews-multi-image_gallery":[],"jnews_single_post":[],"jnews_primary_category":[],"_joinchat":[],"footnotes":""},"categories":[79,76],"tags":[],"class_list":["post-4671","post","type-post","status-publish","format-standard","has-post-thumbnail","hentry","category-nadie-se-salva-solo","category-salud-comunitaria"],"_links":{"self":[{"href":"http:\/\/fmriachuelo.it10.com.ar\/index.php\/wp-json\/wp\/v2\/posts\/4671","targetHints":{"allow":["GET"]}}],"collection":[{"href":"http:\/\/fmriachuelo.it10.com.ar\/index.php\/wp-json\/wp\/v2\/posts"}],"about":[{"href":"http:\/\/fmriachuelo.it10.com.ar\/index.php\/wp-json\/wp\/v2\/types\/post"}],"author":[{"embeddable":true,"href":"http:\/\/fmriachuelo.it10.com.ar\/index.php\/wp-json\/wp\/v2\/users\/4"}],"replies":[{"embeddable":true,"href":"http:\/\/fmriachuelo.it10.com.ar\/index.php\/wp-json\/wp\/v2\/comments?post=4671"}],"version-history":[{"count":0,"href":"http:\/\/fmriachuelo.it10.com.ar\/index.php\/wp-json\/wp\/v2\/posts\/4671\/revisions"}],"wp:featuredmedia":[{"embeddable":true,"href":"http:\/\/fmriachuelo.it10.com.ar\/index.php\/wp-json\/"}],"wp:attachment":[{"href":"http:\/\/fmriachuelo.it10.com.ar\/index.php\/wp-json\/wp\/v2\/media?parent=4671"}],"wp:term":[{"taxonomy":"category","embeddable":true,"href":"http:\/\/fmriachuelo.it10.com.ar\/index.php\/wp-json\/wp\/v2\/categories?post=4671"},{"taxonomy":"post_tag","embeddable":true,"href":"http:\/\/fmriachuelo.it10.com.ar\/index.php\/wp-json\/wp\/v2\/tags?post=4671"}],"curies":[{"name":"wp","href":"https:\/\/api.w.org\/{rel}","templated":true}]}}