{"id":466,"date":"2015-05-12T12:27:00","date_gmt":"2015-05-12T12:27:00","guid":{"rendered":"http:\/\/fmriachuelo.observatorioess.org.ar\/index.php\/2015\/05\/12\/reflexiones-de-fidel-castro\/"},"modified":"2025-03-28T16:38:21","modified_gmt":"2025-03-28T19:38:21","slug":"reflexiones-de-fidel-castro","status":"publish","type":"post","link":"http:\/\/fmriachuelo.it10.com.ar\/index.php\/2015\/05\/12\/reflexiones-de-fidel-castro\/","title":{"rendered":"REFLEXIONES DE FIDEL CASTRO"},"content":{"rendered":"<p><span style=\"color: black;font-family: Verdana, sans-serif\"><strong>70\u00ba ANIVERSARIO DE LA VICTORIA DE RUSIA Y LA DERROTA DEL FACISMO<\/strong><\/span><br \/><span style=\"color: red;font-family: Verdana, sans-serif;font-size: large\"><strong>Nuestro derecho a ser Marxistas-Leninistas<\/strong><\/span><\/p>\n<div>\n<div><strong>&nbsp;<\/strong><\/div>\n<div style=\"clear: both;text-align: center\"><strong style=\"margin-left: 1em;margin-right: 1em\"><img loading=\"lazy\" decoding=\"async\" border=\"0\" height=\"320\" src=\"http:\/\/4.bp.blogspot.com\/-LKwtz7pMK2s\/VVHwI8OzUUI\/AAAAAAAAER0\/NVQbfEJxv-A\/s320\/rusia%2B70.png\" width=\"250\" \/><\/strong><\/div>\n<div style=\"clear: both;text-align: center\">&nbsp;<\/div>\n<div style=\"clear: both;text-align: justify\"><span style=\"font-family: Verdana, sans-serif\">[Cubadebate, 8 de mayo de 2015 Por Fidel Castro]<\/span><\/div>\n<div style=\"text-align: justify\"><span style=\"font-family: Verdana, sans-serif\">Pasado ma\u00f1ana, 9 de mayo, <\/span><span style=\"font-family: Verdana, sans-serif\">se conmemorar\u00e1 el 70 aniversario de la Victoria del pueblo sovi\u00e9tico en la Gran Guerra Patria<\/span><span style=\"font-family: Verdana, sans-serif\">. Dada la diferencia de hora, cuando elaboro estas l\u00edneas, los soldados y oficiales del Ej\u00e9rcito de la Federaci\u00f3n de Rusia llenos de orgullo, estar\u00e1n ejercitando en la Plaza Roja de Mosc\u00fa con los r\u00e1pidos y marciales pasos que los caracterizan.<\/p>\n<p>Lenin fue un genial estratega revolucionario que no vacil\u00f3 en asumir las ideas de Marx y llevarlas a cabo en un pa\u00eds inmenso y solo en parte industrializado, cuyo partido proletario se convirti\u00f3 en el m\u00e1s radical y audaz del planeta tras la mayor matanza que el capitalismo hab\u00eda promovido en el mundo, donde por primera vez los tanques, las armas autom\u00e1ticas, la aviaci\u00f3n y los gases asfixiantes hicieron su aparici\u00f3n en las guerras, y hasta un famoso ca\u00f1\u00f3n capaz de lanzar un pesado proyectil a m\u00e1s de cien kil\u00f3metros hizo constar su participaci\u00f3n en la sangrienta contienda.<\/p>\n<p>De aquella matanza surgi\u00f3 la Liga de las Naciones, una instituci\u00f3n que deb\u00eda preservar la paz y no logr\u00f3 siquiera impedir el avance acelerado del colonialismo en \u00c1frica, gran parte de Asia, Ocean\u00eda, el Caribe, Canad\u00e1, y un grosero neocolonialismo en Am\u00e9rica Latina.<\/p>\n<p>Apenas 20 a\u00f1os despu\u00e9s, otra espantosa guerra mundial se desat\u00f3 en Europa, cuyo pre\u00e1mbulo fue la Guerra Civil en Espa\u00f1a, iniciada en 1936. Tras la aplastante derrota nazi, las naciones cifraron sus esperanzas en la Organizaci\u00f3n de las Naciones Unidas, que se esfuerza por crear la cooperaci\u00f3n que ponga fin a las agresiones y las guerras, donde los pa\u00edses puedan preservar la paz, el desarrollo y la cooperaci\u00f3n pac\u00edfica de los Estados grandes y peque\u00f1os, ricos o pobres del planeta.<\/span><a name='more'><\/a><span style=\"font-family: Verdana, sans-serif\"><br \/>Millones de cient\u00edficos podr\u00edan, entre otras tareas, incrementar las posibilidades de supervivencia de la especie humana, ya amenazada con la escasez de agua y alimentos para miles de millones de personas en un breve lapso de tiempo.<\/p>\n<p>Somos ya 7 300 millones los habitantes en el planeta. En el a\u00f1o 1800 solo hab\u00eda 978 millones; esta cifra se elev\u00f3 a 6 070 millones en el a\u00f1o 2000; y en el 2050, seg\u00fan c\u00e1lculos conservadores, habr\u00e1 10 mil millones.<\/p>\n<p>Desde luego, apenas se menciona que a Europa Occidental arriban embarcaciones repletas de emigrantes que se transportan en cualquier objeto que flote, un r\u00edo de emigrantes africanos, del continente colonizado por los europeos durante cientos de a\u00f1os.<\/p>\n<p>Hace 23 a\u00f1os, en una Conferencia de Naciones Unidas sobre Medio Ambiente y Desarrollo expres\u00e9: \u201cUna importante especie biol\u00f3gica est\u00e1 en riesgo de desaparecer por la r\u00e1pida y progresiva liquidaci\u00f3n de sus condiciones naturales de vida: el hombre.\u201d No sab\u00eda entonces sin embargo cu\u00e1n cerca est\u00e1bamos de ello.<\/p>\n<p>Al conmemorarse el 70 aniversario de la Victoria en la Gran Guerra Patria, deseo hacer constar nuestra profunda admiraci\u00f3n por el heroico pueblo sovi\u00e9tico que prest\u00f3 a la humanidad un colosal servicio.<\/p>\n<p>Hoy es posible la s\u00f3lida alianza entre los pueblos de la Federaci\u00f3n Rusa y el Estado de m\u00e1s r\u00e1pido avance econ\u00f3mico del mundo: la Rep\u00fablica Popular China; ambos pa\u00edses con su estrecha cooperaci\u00f3n, su avanzada ciencia y sus poderosos ej\u00e9rcitos y valientes soldados constituyen un escudo poderoso de la paz y la seguridad mundial, a fin de que la vida de nuestra especie pueda preservarse.<\/p>\n<p>La salud f\u00edsica y mental, y el esp\u00edritu de solidaridad son normas que deben prevalecer, o el destino del ser humano, este que conocemos, se perder\u00e1 para siempre.<\/p>\n<p>Los 27 millones de sovi\u00e9ticos que murieron en la Gran Guerra Patria, lo hicieron tambi\u00e9n por la humanidad y por el derecho a pensar y a ser socialistas, ser marxistas-leninistas, ser comunistas, y a salir de la prehistoria.<\/span><br \/><img decoding=\"async\" src=\"http:\/\/www.cubadebate.cu\/wp-content\/uploads\/2015\/05\/JR_171002.jpg\" \/><\/p>\n<p><span style=\"font-family: Verdana, sans-serif\">Fidel Castro Ruz<br \/>Mayo 7 de 2015<br \/> 10 y 14 p.m.<\/span>                               &nbsp;&nbsp;&nbsp;&nbsp;&nbsp;&nbsp;&nbsp;&nbsp;&nbsp;&nbsp;&nbsp;&nbsp;&nbsp;&nbsp;&nbsp;&nbsp;&nbsp;&nbsp;&nbsp;&nbsp;&nbsp;&nbsp;&nbsp;&nbsp;&nbsp;&nbsp;&nbsp;&nbsp;&nbsp;&nbsp;&nbsp;&nbsp;&nbsp;&nbsp;&nbsp;&nbsp;&nbsp;&nbsp;&nbsp;&nbsp;&nbsp;&nbsp;&nbsp;<\/div>\n<\/div>\n","protected":false},"excerpt":{"rendered":"<p>70\u00ba ANIVERSARIO DE LA VICTORIA DE RUSIA Y LA DERROTA DEL FACISMONuestro derecho a ser Marxistas-Leninistas &nbsp; &nbsp; [Cubadebate, 8 de mayo de 2015 Por Fidel Castro] Pasado ma\u00f1ana, 9 de mayo, se conmemorar\u00e1 el 70 aniversario de la Victoria del pueblo sovi\u00e9tico en la Gran Guerra Patria. Dada la diferencia de hora, cuando elaboro [&hellip;]<\/p>\n","protected":false},"author":4,"featured_media":0,"comment_status":"open","ping_status":"open","sticky":false,"template":"","format":"standard","meta":{"_monsterinsights_skip_tracking":false,"_monsterinsights_sitenote_active":false,"_monsterinsights_sitenote_note":"","_monsterinsights_sitenote_category":0,"jnews-multi-image_gallery":[],"jnews_single_post":{"format":"standard"},"jnews_primary_category":[],"_joinchat":[],"footnotes":""},"categories":[58],"tags":[70,72],"class_list":["post-466","post","type-post","status-publish","format-standard","hentry","category-noticiariachuelo","tag-de-la-patria-grande","tag-historia-de-la-lucha-de-los-pueblos"],"_links":{"self":[{"href":"http:\/\/fmriachuelo.it10.com.ar\/index.php\/wp-json\/wp\/v2\/posts\/466","targetHints":{"allow":["GET"]}}],"collection":[{"href":"http:\/\/fmriachuelo.it10.com.ar\/index.php\/wp-json\/wp\/v2\/posts"}],"about":[{"href":"http:\/\/fmriachuelo.it10.com.ar\/index.php\/wp-json\/wp\/v2\/types\/post"}],"author":[{"embeddable":true,"href":"http:\/\/fmriachuelo.it10.com.ar\/index.php\/wp-json\/wp\/v2\/users\/4"}],"replies":[{"embeddable":true,"href":"http:\/\/fmriachuelo.it10.com.ar\/index.php\/wp-json\/wp\/v2\/comments?post=466"}],"version-history":[{"count":1,"href":"http:\/\/fmriachuelo.it10.com.ar\/index.php\/wp-json\/wp\/v2\/posts\/466\/revisions"}],"predecessor-version":[{"id":23400,"href":"http:\/\/fmriachuelo.it10.com.ar\/index.php\/wp-json\/wp\/v2\/posts\/466\/revisions\/23400"}],"wp:attachment":[{"href":"http:\/\/fmriachuelo.it10.com.ar\/index.php\/wp-json\/wp\/v2\/media?parent=466"}],"wp:term":[{"taxonomy":"category","embeddable":true,"href":"http:\/\/fmriachuelo.it10.com.ar\/index.php\/wp-json\/wp\/v2\/categories?post=466"},{"taxonomy":"post_tag","embeddable":true,"href":"http:\/\/fmriachuelo.it10.com.ar\/index.php\/wp-json\/wp\/v2\/tags?post=466"}],"curies":[{"name":"wp","href":"https:\/\/api.w.org\/{rel}","templated":true}]}}