{"id":4659,"date":"2017-05-27T03:20:19","date_gmt":"2017-05-27T03:20:19","guid":{"rendered":"http:\/\/fmriachuelo.com.ar\/ljkjklj\/?p=4659"},"modified":"2017-05-27T03:20:19","modified_gmt":"2017-05-27T03:20:19","slug":"caba-se-inauguro-la-campana-protestar-es-un-derecho","status":"publish","type":"post","link":"http:\/\/fmriachuelo.it10.com.ar\/index.php\/2017\/05\/27\/caba-se-inauguro-la-campana-protestar-es-un-derecho\/","title":{"rendered":"CABA, SE INAUGUR\u00d3 LA CAMPA\u00d1A 26 DE JUNIO NUNCA M\u00c1S,  PROTESTAR ES UN DERECHO"},"content":{"rendered":"<p>[FM Riachuelo 26(05\/2017] A un mes del proximo 26 de junio, donde se cumplen 15 a\u00f1os del asesinato de Maximiliano Kosteki y Dar\u00edo Santillan, se inaugur\u00f3 en Plaza de Mayo, \u00a0la campa\u00f1a <strong>\u00ab26 de Junio Nunca M\u00e1s, Protestar es un Derecho\u00bb. <\/strong>Con la lectura de un documento y las palabras de algunos referentes populares se realiz\u00f3 este acto, junto a militantes y muchos\u00a0referentes populares que expresaron su adhesi\u00f3n a la campa\u00f1a.<\/p>\n<p>Escuch\u00e1 a continuaci\u00f3n la Cobertura de FM Riachuelo:<\/p>\n<p>La actividad se realiz\u00f3 con importante presencia de militantes de los barrios populares de la ciudad y con un panel central en donde tomaron la palabra: \u00a0Manuel Tufro del CELS, Lito Borello de la CTEP, Carlos Aznares de Resumen Latinoamericano y Alberto y Leonardo Santill\u00e1n en presencia de otrxs referentes de la lucha popular. Con la lectura de un documento, \u00a0en donde se di\u00f3 comienzo a la campa\u00f1a \u00ab26 de Junio Nunca M\u00e1s, Protestar es un Derecho\u00bb, en donde se proclama que frente al aumento creciente de la pobreza y la desocupaci\u00f3n en la Argentina la primera respuesta del gobierno de Cambiemos sea el rechazo y la\u00a0demonizaci\u00f3n de los reclamos populares en vez de el di\u00e1logo. La campa\u00f1a\u00a0reivindica la legitimidad del derecho a la protesta social, \u00a0a un mes de cumplirse 15 a\u00f1os del asesinato de los militantes populares, Dar\u00edo Santill\u00e1n y Maximiliano Kosteki, cuyas vidas fueron arrebatadas mientras se manifestaban contra las pol\u00edticas del gobierno de Eduardo Duhalde. Con un llamado a la unidad de las organizaciones populares para oponerse a las pol\u00edticas represivas del gobierno de Cambiemos.<\/p>\n<p><span style=\"color: #0000ff\"><strong><a style=\"color: #0000ff\" href=\"https:\/\/www.facebook.com\/pg\/fmriachuelo\/photos\/?tab=album&amp;album_id=1404280286293849\">GALERIA FOTOGR\u00c1FICA: 26 DE JUNIO PROTESTAR ES UN DERECHO<\/a><\/strong><\/span><\/p>\n<p>&nbsp;<\/p>\n","protected":false},"excerpt":{"rendered":"<p>[FM Riachuelo 26(05\/2017] A un mes del proximo 26 de junio, donde se cumplen 15 a\u00f1os del asesinato de Maximiliano Kosteki y Dar\u00edo Santillan, se inaugur\u00f3 en Plaza de Mayo, \u00a0la campa\u00f1a \u00ab26 de Junio Nunca M\u00e1s, Protestar es un Derecho\u00bb. Con la lectura de un documento y las palabras de algunos referentes populares se [&hellip;]<\/p>\n","protected":false},"author":4,"featured_media":4660,"comment_status":"open","ping_status":"open","sticky":false,"template":"","format":"standard","meta":{"_monsterinsights_skip_tracking":false,"_monsterinsights_sitenote_active":false,"_monsterinsights_sitenote_note":"","_monsterinsights_sitenote_category":0,"jnews-multi-image_gallery":[],"jnews_single_post":[],"jnews_primary_category":[],"_joinchat":[],"footnotes":""},"categories":[78],"tags":[],"class_list":["post-4659","post","type-post","status-publish","format-standard","has-post-thumbnail","hentry","category-economia-popular"],"_links":{"self":[{"href":"http:\/\/fmriachuelo.it10.com.ar\/index.php\/wp-json\/wp\/v2\/posts\/4659","targetHints":{"allow":["GET"]}}],"collection":[{"href":"http:\/\/fmriachuelo.it10.com.ar\/index.php\/wp-json\/wp\/v2\/posts"}],"about":[{"href":"http:\/\/fmriachuelo.it10.com.ar\/index.php\/wp-json\/wp\/v2\/types\/post"}],"author":[{"embeddable":true,"href":"http:\/\/fmriachuelo.it10.com.ar\/index.php\/wp-json\/wp\/v2\/users\/4"}],"replies":[{"embeddable":true,"href":"http:\/\/fmriachuelo.it10.com.ar\/index.php\/wp-json\/wp\/v2\/comments?post=4659"}],"version-history":[{"count":0,"href":"http:\/\/fmriachuelo.it10.com.ar\/index.php\/wp-json\/wp\/v2\/posts\/4659\/revisions"}],"wp:featuredmedia":[{"embeddable":true,"href":"http:\/\/fmriachuelo.it10.com.ar\/index.php\/wp-json\/"}],"wp:attachment":[{"href":"http:\/\/fmriachuelo.it10.com.ar\/index.php\/wp-json\/wp\/v2\/media?parent=4659"}],"wp:term":[{"taxonomy":"category","embeddable":true,"href":"http:\/\/fmriachuelo.it10.com.ar\/index.php\/wp-json\/wp\/v2\/categories?post=4659"},{"taxonomy":"post_tag","embeddable":true,"href":"http:\/\/fmriachuelo.it10.com.ar\/index.php\/wp-json\/wp\/v2\/tags?post=4659"}],"curies":[{"name":"wp","href":"https:\/\/api.w.org\/{rel}","templated":true}]}}