{"id":465,"date":"2015-05-12T12:42:00","date_gmt":"2015-05-12T12:42:00","guid":{"rendered":"http:\/\/fmriachuelo.observatorioess.org.ar\/index.php\/2015\/05\/12\/recuerdan-la-matanza-de-ingeniero-budge\/"},"modified":"2025-03-28T16:39:07","modified_gmt":"2025-03-28T19:39:07","slug":"recuerdan-la-matanza-de-ingeniero-budge","status":"publish","type":"post","link":"http:\/\/fmriachuelo.it10.com.ar\/index.php\/2015\/05\/12\/recuerdan-la-matanza-de-ingeniero-budge\/","title":{"rendered":"RECUERDAN LA MATANZA DE INGENIERO BUDGE"},"content":{"rendered":"<p><span style=\"font-family: Verdana, sans-serif\">A 28 a\u00f1os de la Masacre de Ing. Budge <\/span><\/p>\n<div style=\"text-align: left\"><span style=\"color: red;font-family: Verdana, sans-serif;font-size: large\"><strong>\u00abCONTRA LA REPRESI\u00d3N: LUCHA Y ORGANIZACI\u00d3N\u00bb<\/strong><\/span><\/div>\n<div style=\"clear: both;text-align: center\"><a href=\"http:\/\/1.bp.blogspot.com\/-AjDMMMjDhes\/VVH1B2w_p7I\/AAAAAAAAESE\/o2ntWjvJWUI\/s1600\/budge.jpg\" style=\"clear: left;float: left;margin-bottom: 1em;margin-right: 1em\"><img decoding=\"async\" border=\"0\" src=\"http:\/\/1.bp.blogspot.com\/-AjDMMMjDhes\/VVH1B2w_p7I\/AAAAAAAAESE\/o2ntWjvJWUI\/s1600\/budge.jpg\" \/><\/a><\/div>\n<div style=\"text-align: left\"><span style=\"font-family: Verdana, sans-serif\">El s\u00e1bado 9 de mayo se cumpli\u00f3 un nuevo aniversario de la Masacre de Budge. Los polic\u00edas Balmaceda, Mi\u00f1o y Romero fusilaron a tres muchachos: \u201cEl Negro\u201d Olivera, Oscar Aredes y \u201cWilly\u201d Arga\u00f1araz, en la esquina de Guamin\u00ed y Figueredo. Organizaciones sociales, pol\u00edticas, sindicales, de derechos humanos y vecinos recordaron lo sucedido, moviliz\u00e1ndose por las distintas calles del barrio de Budge, en la zona sur del conurbano bonaerense. En los \u00faltimos diez a\u00f1os alrededor de <strong><span style=\"font-family: Verdana, sans-serif\">4000  personas fueron asesinadas por el aparato represivo estatal y 70 desaparecidas por la fuerza de seguridad.<\/span><span style=\"font-family: Times New Roman\"> <\/span><\/strong><\/span><\/div>\n<p><span style=\"font-family: Verdana\"><\/span><br \/><a name='more'><\/a><br \/><span style=\"font-family: Verdana, sans-serif\">El s\u00e1bado pasado se cumplieron 28 a\u00f1os de la masacre de Budge; para conmemorarlo se realiz\u00f3  un acto, el cual se inici\u00f3 con la lectura de un documento consensuado por las distintas organizaciones que participaron en el armado de  la actividad donde se destac\u00f3 que en los \u00faltimos diez a\u00f1os alrededor de <\/span><strong><span style=\"font-family: Verdana, sans-serif\">4000  personas fueron asesinadas por el aparato represivo estatal y 70 desaparecidas por la fuerza de seguridad.<\/span> <\/strong><\/p>\n<p><span style=\"font-family: Verdana, sans-serif\">Entre los oradores, Jorge G\u00f3mez se\u00f1al\u00f3 que los antiguos miembros de la CAV (Comisi\u00f3n de Amigos y Vecinos) no s\u00f3lo visibilizaron los fusilamientos de los pibes como un atentado a los Derechos Humanos, sino tambi\u00e9n pelearon por los derechos negados a una vida digna.<br \/> Quique, ex integrante de la CAV y amigo de los chicos se\u00f1al\u00f3 que el caso Budge fue la primera pueblada organizada durante la incipiente democracia de los 80\u00b4, agreg\u00f3 que fue una historia que llev\u00f3 m\u00e1s de diez a\u00f1os de lucha hasta conseguir la c\u00e1rcel com\u00fan para los polic\u00edas asesinos.<\/p>\n<p>Tambi\u00e9n tomaron la palabra Oscar Castro, docente, militante de Convergencia Socialista que record\u00f3 el asesinato impune de Dar\u00edo Avalos, trabajador de la construcci\u00f3n a manos de una patota de la Uocra. Seguidamente, una delegada del Hospital Evita de Lan\u00fas relat\u00f3 la persecuci\u00f3n padecida por parte de la polic\u00eda del hospital por haber denunciado el trato especial que recibi\u00f3 el genocida Roberto Cabrera, torturador del centro clandestino \u201cPuesto Vasco\u201d de Quilmes. <br \/> Luego, Miguel Pallarols, docente, militante del PO manifest\u00f3 las arbitrariedades de la pol\u00edtica de DDHH que restringe los cupos de los comedores en las escuelas p\u00fablicas.<br \/> Igualmente acerc\u00f3 sus palabras al acto Mar\u00eda de los \u00c1ngeles Troiti\u00f1o, Secretaria Gremial de ATE Lomas de Zamora, Gast\u00f3n de Correpi Sur, Mat\u00edas del FPDS.<br \/> Finalmente Lxs Guachimurgas, el grupo de rap FSK, Daff Horse y los Charanguitos cerraron el acto.<\/span><br \/><span style=\"font-family: Verdana\"><\/span><br \/><span style=\"font-family: Verdana\"><strong>Historia<\/strong><\/span><br \/><span style=\"font-family: Verdana, sans-serif\">El 8 de mayo de 1987, tres j\u00f3venes son asesinados salvajemente por la pol\u00edcia, mientras se hallaban tomando una cerveza en una esquina del barrio de Ingeniero Budge, en el sur del conurbano Bonaerense.<br \/> El Suboficial Balmaceda, el Sargento Romero y el Cabo Mi\u00f1o descargaron una lluvia de balas sobre Agust\u00edn Olivera, de 20 a\u00f1os, Oscar Aredes, de 19 y Roberto Arga\u00f1araz, de 24. Al \u00abNegro\u00bb y a \u00aboscarcito\u00bb los mataron en el acto y a \u00abWily\u00bb, quien resisti\u00f3 a los primeros impactos, lo llevaron y lo remataron con tres tiros en la cabeza camino al hospital.<br \/> Mientras el aparato policial pon\u00eda un cerco de uniformados en la esquina de Guamin\u00ed y Figueredo y armas alrededor de los cuerpos para encubrir el asesinato a mansalva bajo un supuesto enfrentamiento, el barrio: los amigos, vecinos y familiares se acercaban a agolparse en el lugar de los hechos y preguntar.<br \/> Fue el testimonio de los vecinos y amigos, que comenzaron a organizarse para denunciar a los asesinos y la convicci\u00f3n de su lucha lo que hizo que se fueran cayendo de a poco las mentiras de Balmaceda, Mi\u00f1o y Romero y los tres fueran condenados.<br \/> Solo Romero cumpli\u00f3 una prisi\u00f3n efectiva desde entonces. Balmaceda y Mi\u00f1o, recien fueron capturados 19 a\u00f1os despu\u00e9s, escondidos y amparados detr\u00e1s del manto de impunidad que llevaron por casi dos d\u00e9cadas.<br \/> El asesinato de los tres chicos en Budge fue llamado por primera vez con el nombre de \u00abgatillo f\u00e1cil\u00bb, a partir de la menci\u00f3n de uno de los abogados de los familiares, Le\u00f3n \u00abToto\u00bb Zimerman, en referencia a la impunidad con la que mataba la polic\u00eda en los barrios m\u00e1s humildes.<br \/> No fue sin embargo el asesinato de Wily, el Negro y Oscar el primer caso (ni el \u00faltimo) de la larga de j\u00f3venes en manos de la polic\u00eda.<br \/><span style=\"color: blue\">&nbsp;<\/span><\/span><br \/><span style=\"color: blue;font-family: Verdana\">Fuente: Anred, Agora, Foto: Pagina 12, Producci\u00f3n Riachuelo<\/span><\/p>\n","protected":false},"excerpt":{"rendered":"<p>A 28 a\u00f1os de la Masacre de Ing. Budge \u00abCONTRA LA REPRESI\u00d3N: LUCHA Y ORGANIZACI\u00d3N\u00bb El s\u00e1bado 9 de mayo se cumpli\u00f3 un nuevo aniversario de la Masacre de Budge. Los polic\u00edas Balmaceda, Mi\u00f1o y Romero fusilaron a tres muchachos: \u201cEl Negro\u201d Olivera, Oscar Aredes y \u201cWilly\u201d Arga\u00f1araz, en la esquina de Guamin\u00ed y Figueredo. [&hellip;]<\/p>\n","protected":false},"author":4,"featured_media":0,"comment_status":"open","ping_status":"open","sticky":false,"template":"","format":"standard","meta":{"_monsterinsights_skip_tracking":false,"_monsterinsights_sitenote_active":false,"_monsterinsights_sitenote_note":"","_monsterinsights_sitenote_category":0,"jnews-multi-image_gallery":[],"jnews_single_post":{"format":"standard"},"jnews_primary_category":[],"_joinchat":[],"footnotes":""},"categories":[58],"tags":[122,119,89],"class_list":["post-465","post","type-post","status-publish","format-standard","hentry","category-noticiariachuelo","tag-derecho-a-la-protesta-social","tag-derechos-humanos","tag-violencia-institucional"],"_links":{"self":[{"href":"http:\/\/fmriachuelo.it10.com.ar\/index.php\/wp-json\/wp\/v2\/posts\/465","targetHints":{"allow":["GET"]}}],"collection":[{"href":"http:\/\/fmriachuelo.it10.com.ar\/index.php\/wp-json\/wp\/v2\/posts"}],"about":[{"href":"http:\/\/fmriachuelo.it10.com.ar\/index.php\/wp-json\/wp\/v2\/types\/post"}],"author":[{"embeddable":true,"href":"http:\/\/fmriachuelo.it10.com.ar\/index.php\/wp-json\/wp\/v2\/users\/4"}],"replies":[{"embeddable":true,"href":"http:\/\/fmriachuelo.it10.com.ar\/index.php\/wp-json\/wp\/v2\/comments?post=465"}],"version-history":[{"count":1,"href":"http:\/\/fmriachuelo.it10.com.ar\/index.php\/wp-json\/wp\/v2\/posts\/465\/revisions"}],"predecessor-version":[{"id":23401,"href":"http:\/\/fmriachuelo.it10.com.ar\/index.php\/wp-json\/wp\/v2\/posts\/465\/revisions\/23401"}],"wp:attachment":[{"href":"http:\/\/fmriachuelo.it10.com.ar\/index.php\/wp-json\/wp\/v2\/media?parent=465"}],"wp:term":[{"taxonomy":"category","embeddable":true,"href":"http:\/\/fmriachuelo.it10.com.ar\/index.php\/wp-json\/wp\/v2\/categories?post=465"},{"taxonomy":"post_tag","embeddable":true,"href":"http:\/\/fmriachuelo.it10.com.ar\/index.php\/wp-json\/wp\/v2\/tags?post=465"}],"curies":[{"name":"wp","href":"https:\/\/api.w.org\/{rel}","templated":true}]}}