{"id":4647,"date":"2017-05-26T05:47:26","date_gmt":"2017-05-26T05:47:26","guid":{"rendered":"http:\/\/fmriachuelo.com.ar\/ljkjklj\/?p=4647"},"modified":"2017-05-26T05:47:26","modified_gmt":"2017-05-26T05:47:26","slug":"25-de-mayo-1810-1996-2017-o-s-y-p-los-pibes-celebra-con-asamblea-plenaria-un-nuevo-aniversario","status":"publish","type":"post","link":"http:\/\/fmriachuelo.it10.com.ar\/index.php\/2017\/05\/26\/25-de-mayo-1810-1996-2017-o-s-y-p-los-pibes-celebra-con-asamblea-plenaria-un-nuevo-aniversario\/","title":{"rendered":"25 DE MAYO, 1810 &#8211; 1996- 2017: O.S.y P. LOS PIBES CELEBRA CON ASAMBLEA PLENARIA UN NUEVO ANIVERSARIO"},"content":{"rendered":"<p>[FM Riachuelo 25\/05\/2017] Este 25 de Mayo se celebr\u00f3 un nuevo aniversario de la gesta patri\u00f3tica y fecha del nacimiento de la Organizaci\u00f3n Social y Pol\u00edtica Los Pibes. Con un desayuno patr\u00edotico y asamblea plenaria en el espacio cultural de FM Riachuelo, confluyeron distintas organizaciones populares y de trabajadores del barrio de La Boca, junto a\u00a0otras de la CABA y tambi\u00e9n se sumaron\u00a0su presencia desde la patria grande. Tomaron la palabra integrantes de la mesa de conducci\u00f3n de la O.S.y P. Los Pibes y la actividad se cerr\u00f3 con las palabras de Lito Borello, actual Secretario de DD.HH. de CTEP. A Continuaci\u00f3n se proyect\u00f3 el nuevo cap\u00edtulo de la serie documental <span style=\"color: #000000\"><strong><a style=\"color: #000000\" href=\"http:\/\/fmriachuelo.com.ar\/ljkjklj\/blog\/2017\/05\/25\/la-rebelion-es-justicia-capitulo-no-3\/\">\u00abLa Rebeli\u00f3n es Justicia\u00bb<\/a><\/strong><\/span><\/p>\n<p>Escuch\u00e1 a continuaci\u00f3n las voces de la actividad:<\/p>\n<p>La ma\u00f1ana se inici\u00f3 con un desayuno compartido para los militantes de la O.S.y P. Los Pibes, y las organizaciones compa\u00f1eras que se sumaron al saludo, en un nuevo aniversario de la fundaci\u00f3n de la organizaci\u00f3n, que se encuadra dentro de la conmemoraci\u00f3n de la gesta patri\u00f3tica fundacional de nuestra naci\u00f3n. A continuaci\u00f3n, se di\u00f3 inicio a las palabras de referentes de la mesa de conducci\u00f3n de la O.S.y P. Los Pibes,\u00a0que coincidieron en la valoraci\u00f3n de la organizaci\u00f3n y la participaci\u00f3n popular creciente que se ha ido transformando en el tiempo, y que en la actualidad ha adquirido un nuevo esquema organizativo producto del debate sobre \u00abel desafio de este momento pol\u00edtico\u00bb. Con herramientas territoriales de organizaci\u00f3n en distintos espacios del barrio, la Casa Popular El Patio, con una mirada comunitaria de la salud, la CO.VIL.PI y el Paseo Mart\u00edn Oso Cisneros: donde la econom\u00eda popular es una pr\u00e1ctica cotidiana y FM Riachuelo, donde el eje es la comunicaci\u00f3n popular para visibilizar las luchas y las historias de los sectores populares, \u00a0que est\u00e1n fuera de las agendas medi\u00e1ticas.<\/p>\n<p><a href=\"http:\/\/fmriachuelo.com.ar\/ljkjklj\/wp-content\/uploads\/2017\/05\/WhatsApp-Image-2017-05-26-at-10.27.12.jpeg\"><img loading=\"lazy\" decoding=\"async\" class=\"aligncenter wp-image-4656 size-large\" src=\"http:\/\/fmriachuelo.com.ar\/ljkjklj\/wp-content\/uploads\/2017\/05\/WhatsApp-Image-2017-05-26-at-10.27.12-1024x610.jpeg\" alt=\"\" width=\"640\" height=\"381\" \/><\/a><\/p>\n<p>Con emotivas palabras se refirieron los militantes al comedor del que se hicieron parte y que les permiti\u00f3 ir consolid\u00e1ndose como organizaci\u00f3n que lucha por la conquista de sus derechos. As\u00ed se refiri\u00f3 Nadia Martinez\u00a0de FM Riachuelo y parte de la mesa de conducci\u00f3n de O.S.y P. Los Pibes:\u00a0\u00abLa pr\u00e1ctica cotidiana de inventar el trabajo y nuevas sociedades, m\u00e1s justas porque el mundo nuevo lo tenemos que inventar nosotros\u00bb. Luciano Alvarez, del Paseo y CoVilPi, destac\u00f3 las luchas territoriales del barrio, a la vez que se insiste en alcanzar la nacionalizaci\u00f3n de la ley 341, que permita el acceso al habitat social, una experiencia que les ha permitido conquistar el derecho a la vivienda digna a militantes de la organizaci\u00f3n.<\/p>\n<p>Lito Borello, actual Secretario de DD.HH. de CTEP y militante hist\u00f3rico de la O.S.y P. Los Pibes, cerr\u00f3 la ronda de palabras de los referentes de la organizaci\u00f3n. All\u00ed inici\u00f3 destacando el ejemplo del \u00abOso\u00bb Cisneros, el compa\u00f1ero asesinado, causa de la rebeli\u00f3n popular por la que se lo juzga actualmente. Luego hizo un recorrido hist\u00f3rico en donde destac\u00f3 \u00abhace 207 a\u00f1os que venimos peleando como patria. Adem\u00e1s agreg\u00f3 \u00abtenemos m\u00e1s de 500 a\u00f1os peleando contra los que creyeron que se hac\u00edan due\u00f1os poniendo un pie en la Am\u00e9rica India\u00bb. \u00a0Luego habl\u00f3 de \u00abla sociedad que intenta someternos y dominarnos\u00bb y enfatiz\u00f3 que \u00abluchar es arriesgar la vida para pelear contra los que nos tratan de matar\u00bb porque \u00ablos poderosos intentan convencernos que bajemos los brazos\u00bb, \u00abno hay otra posibilidad que luchar para construir un mundo mejor\u00bb. Adem\u00e1s destac\u00f3 el actual contexto de crisis mundial en el que se inserta la coyuntura a nivel nacional, que favorece a la concentraci\u00f3n econ\u00f3mica y contraria a los intereses populares.<\/p>\n<p>Para finalizar la actividad se present\u00f3 un nuevo cap\u00edtulo, el tercero, de la serie documental <span style=\"color: #000000\"><strong><a style=\"color: #000000\" href=\"http:\/\/fmriachuelo.com.ar\/ljkjklj\/blog\/2017\/05\/25\/la-rebelion-es-justicia-capitulo-no-3\/\">\u00abLa Rebeli\u00f3n es Justicia\u00bb<\/a><\/strong><\/span>, que en esta oportunidad hace un recorrido hist\u00f3rico de la O.S.y P. Los Pibes, en consonancia con este nuevo aniversario, N\u00ba 21, de su nacimiento. Como todo cumplea\u00f1os estuvo la infaltable torta, que fue parte del convite de cierre, para los presentes.<\/p>\n<p><a href=\"http:\/\/fmriachuelo.com.ar\/ljkjklj\/wp-content\/uploads\/2017\/05\/WhatsApp-Image-2017-05-25-at-12.42.54.jpeg\"><img loading=\"lazy\" decoding=\"async\" class=\"alignleft size-medium wp-image-4649\" src=\"http:\/\/fmriachuelo.com.ar\/ljkjklj\/wp-content\/uploads\/2017\/05\/WhatsApp-Image-2017-05-25-at-12.42.54-300x199.jpeg\" alt=\"\" width=\"300\" height=\"199\" \/><\/a><\/p>\n<p>Entre las organizaciones que se acercaron a saludar y participar de la actividad estuvieron presentes:<\/p>\n<p>Movimiento de Ocupantes e Inquilinos (MOI),\u00a0\u00a0Comedor.San Jorge,\u00a0\u00a0organizaciones de lucha por la vivienda de Chile, (en el marco del intercambio de experiencias que organiza la SELVIHP),\u00a0\u00a0Asambleea del Parque Lezama,\u00a0\u00a0Cooperativa de vivienda en lucha COVEL,\u00a0Cooperativa de vivienda Nueva Esperanza,\u00a0Agrupaci\u00f3n Envar El Kadri, trabajadores del Paebyt, de Apoyo a la escolaridad, \u00a0trabajadores del Puente,\u00a0Daniel Otero, cooperativa\u00a0\u00a0Nuestro Hogar,\u00a0\u00a0compa\u00f1eros \u00a0de la carrera Trabajo Social Comunitario de la UNDAV,\u00a0\u00a0estudiantes del Fines, Centro Comunitario Copitos, \u00a0cooperativa de vivienda Pacha, promotores territoriales de La Boca.<\/p>\n<p>Mir\u00e1 el documental a continuaci\u00f3n:\u00a0\u00a0<span style=\"color: #000000\"><strong><a style=\"color: #000000\" href=\"http:\/\/fmriachuelo.com.ar\/ljkjklj\/blog\/2017\/05\/25\/la-rebelion-es-justicia-capitulo-no-3\/\">\u00abLA REBELI\u00d3N ES JUSTICIA\u00bb<\/a>\u00a0<\/strong><\/span><\/p>\n<p><span style=\"color: #0000ff\"><strong> \u00a0<a style=\"color: #0000ff\" href=\"https:\/\/www.facebook.com\/pg\/fmriachuelo\/photos\/?tab=album&amp;album_id=1403211403067404\">GALER\u00cdA FOTOGR\u00c1FICA<\/a><\/strong><\/span><\/p>\n<p><a href=\"http:\/\/fmriachuelo.com.ar\/ljkjklj\/wp-content\/uploads\/2017\/05\/placa-25-5.jpg\"><img loading=\"lazy\" decoding=\"async\" class=\"aligncenter wp-image-4651 size-large\" src=\"http:\/\/fmriachuelo.com.ar\/ljkjklj\/wp-content\/uploads\/2017\/05\/placa-25-5-719x1024.jpg\" alt=\"\" width=\"640\" height=\"911\" \/><\/a><\/p>\n","protected":false},"excerpt":{"rendered":"<p>[FM Riachuelo 25\/05\/2017] Este 25 de Mayo se celebr\u00f3 un nuevo aniversario de la gesta patri\u00f3tica y fecha del nacimiento de la Organizaci\u00f3n Social y Pol\u00edtica Los Pibes. Con un desayuno patr\u00edotico y asamblea plenaria en el espacio cultural de FM Riachuelo, confluyeron distintas organizaciones populares y de trabajadores del barrio de La Boca, junto [&hellip;]<\/p>\n","protected":false},"author":4,"featured_media":4655,"comment_status":"open","ping_status":"open","sticky":false,"template":"","format":"standard","meta":{"_monsterinsights_skip_tracking":false,"_monsterinsights_sitenote_active":false,"_monsterinsights_sitenote_note":"","_monsterinsights_sitenote_category":0,"jnews-multi-image_gallery":[],"jnews_single_post":[],"jnews_primary_category":[],"_joinchat":[],"footnotes":""},"categories":[78],"tags":[],"class_list":["post-4647","post","type-post","status-publish","format-standard","has-post-thumbnail","hentry","category-economia-popular"],"_links":{"self":[{"href":"http:\/\/fmriachuelo.it10.com.ar\/index.php\/wp-json\/wp\/v2\/posts\/4647","targetHints":{"allow":["GET"]}}],"collection":[{"href":"http:\/\/fmriachuelo.it10.com.ar\/index.php\/wp-json\/wp\/v2\/posts"}],"about":[{"href":"http:\/\/fmriachuelo.it10.com.ar\/index.php\/wp-json\/wp\/v2\/types\/post"}],"author":[{"embeddable":true,"href":"http:\/\/fmriachuelo.it10.com.ar\/index.php\/wp-json\/wp\/v2\/users\/4"}],"replies":[{"embeddable":true,"href":"http:\/\/fmriachuelo.it10.com.ar\/index.php\/wp-json\/wp\/v2\/comments?post=4647"}],"version-history":[{"count":0,"href":"http:\/\/fmriachuelo.it10.com.ar\/index.php\/wp-json\/wp\/v2\/posts\/4647\/revisions"}],"wp:featuredmedia":[{"embeddable":true,"href":"http:\/\/fmriachuelo.it10.com.ar\/index.php\/wp-json\/"}],"wp:attachment":[{"href":"http:\/\/fmriachuelo.it10.com.ar\/index.php\/wp-json\/wp\/v2\/media?parent=4647"}],"wp:term":[{"taxonomy":"category","embeddable":true,"href":"http:\/\/fmriachuelo.it10.com.ar\/index.php\/wp-json\/wp\/v2\/categories?post=4647"},{"taxonomy":"post_tag","embeddable":true,"href":"http:\/\/fmriachuelo.it10.com.ar\/index.php\/wp-json\/wp\/v2\/tags?post=4647"}],"curies":[{"name":"wp","href":"https:\/\/api.w.org\/{rel}","templated":true}]}}