{"id":4645,"date":"2017-05-25T04:31:11","date_gmt":"2017-05-25T04:31:11","guid":{"rendered":"http:\/\/fmriachuelo.com.ar\/ljkjklj\/?p=4645"},"modified":"2017-05-25T04:31:11","modified_gmt":"2017-05-25T04:31:11","slug":"la-rebelion-es-justicia-capitulo-no-3","status":"publish","type":"post","link":"http:\/\/fmriachuelo.it10.com.ar\/index.php\/2017\/05\/25\/la-rebelion-es-justicia-capitulo-no-3\/","title":{"rendered":"LA REBELI\u00d3N ES JUSTICIA, CAP\u00cdTULO N\u00ba 3"},"content":{"rendered":"<p><strong>NO FU<span class=\"text_exposed_show\">E LA TOMA DE UNA COMISARIA, FUE EL ASESINATO DE UN COMPA\u00d1ERO<\/span><\/strong><\/p>\n<p>[FM Riachuelo 25\/05\/2017] Una nueva entrega de la serie documental: <strong>\u201cLa Rebeli\u00f3n es Justicia\u201d<\/strong>, cap\u00edtulo 3\u00ba, realizada y producida por el Equipo Audiovisual Riachuelo. La tercera entrega de la serie que intenta visibilizar la situacion de injusticia que pesa sobre los luchadores populares, contra quienes se sigue el juicio oral, por la \u00abtoma de la Comisar\u00eda 24\u00bb. La historia de la Organizaci\u00f3n Social y Pol\u00edtica los Pibes, con los testimonios de sus militantes junto al contexto pol\u00edtico social en el que se desarrolla. \u00a0 Mir\u00e1 la historia\u00a0con testimonios verdaderos en primera persona continuaci\u00f3n:<\/p>\n<div class=\"epyt-video-wrapper\"><iframe loading=\"lazy\"  id=\"_ytid_47376\"  width=\"800\" height=\"450\"  data-origwidth=\"800\" data-origheight=\"450\"  data-relstop=\"1\" src=\"https:\/\/www.youtube.com\/embed\/4aObPiYP08w?enablejsapi=1&#038;autoplay=0&#038;cc_load_policy=0&#038;cc_lang_pref=&#038;iv_load_policy=1&#038;loop=0&#038;modestbranding=0&#038;rel=0&#038;fs=1&#038;playsinline=0&#038;autohide=2&#038;theme=dark&#038;color=red&#038;controls=1&#038;\" class=\"__youtube_prefs__  epyt-is-override  no-lazyload\" title=\"YouTube player\"  allow=\"fullscreen; accelerometer; autoplay; clipboard-write; encrypted-media; gyroscope; picture-in-picture\" allowfullscreen data-no-lazy=\"1\" data-skipgform_ajax_framebjll=\"\"><\/iframe><\/div>\n","protected":false},"excerpt":{"rendered":"<p>NO FUE LA TOMA DE UNA COMISARIA, FUE EL ASESINATO DE UN COMPA\u00d1ERO [FM Riachuelo 25\/05\/2017] Una nueva entrega de la serie documental: \u201cLa Rebeli\u00f3n es Justicia\u201d, cap\u00edtulo 3\u00ba, realizada y producida por el Equipo Audiovisual Riachuelo. La tercera entrega de la serie que intenta visibilizar la situacion de injusticia que pesa sobre los luchadores [&hellip;]<\/p>\n","protected":false},"author":4,"featured_media":4248,"comment_status":"open","ping_status":"open","sticky":false,"template":"","format":"standard","meta":{"_monsterinsights_skip_tracking":false,"_monsterinsights_sitenote_active":false,"_monsterinsights_sitenote_note":"","_monsterinsights_sitenote_category":0,"jnews-multi-image_gallery":[],"jnews_single_post":[],"jnews_primary_category":[],"_joinchat":[],"footnotes":""},"categories":[77],"tags":[],"class_list":["post-4645","post","type-post","status-publish","format-standard","has-post-thumbnail","hentry","category-soberania"],"_links":{"self":[{"href":"http:\/\/fmriachuelo.it10.com.ar\/index.php\/wp-json\/wp\/v2\/posts\/4645","targetHints":{"allow":["GET"]}}],"collection":[{"href":"http:\/\/fmriachuelo.it10.com.ar\/index.php\/wp-json\/wp\/v2\/posts"}],"about":[{"href":"http:\/\/fmriachuelo.it10.com.ar\/index.php\/wp-json\/wp\/v2\/types\/post"}],"author":[{"embeddable":true,"href":"http:\/\/fmriachuelo.it10.com.ar\/index.php\/wp-json\/wp\/v2\/users\/4"}],"replies":[{"embeddable":true,"href":"http:\/\/fmriachuelo.it10.com.ar\/index.php\/wp-json\/wp\/v2\/comments?post=4645"}],"version-history":[{"count":0,"href":"http:\/\/fmriachuelo.it10.com.ar\/index.php\/wp-json\/wp\/v2\/posts\/4645\/revisions"}],"wp:featuredmedia":[{"embeddable":true,"href":"http:\/\/fmriachuelo.it10.com.ar\/index.php\/wp-json\/"}],"wp:attachment":[{"href":"http:\/\/fmriachuelo.it10.com.ar\/index.php\/wp-json\/wp\/v2\/media?parent=4645"}],"wp:term":[{"taxonomy":"category","embeddable":true,"href":"http:\/\/fmriachuelo.it10.com.ar\/index.php\/wp-json\/wp\/v2\/categories?post=4645"},{"taxonomy":"post_tag","embeddable":true,"href":"http:\/\/fmriachuelo.it10.com.ar\/index.php\/wp-json\/wp\/v2\/tags?post=4645"}],"curies":[{"name":"wp","href":"https:\/\/api.w.org\/{rel}","templated":true}]}}