{"id":4637,"date":"2017-05-25T02:45:51","date_gmt":"2017-05-25T02:45:51","guid":{"rendered":"http:\/\/fmriachuelo.com.ar\/ljkjklj\/?p=4637"},"modified":"2017-05-25T02:45:51","modified_gmt":"2017-05-25T02:45:51","slug":"caba-estudiantes-se-movilizan-contra-la-persecusion-y-amedrentamiento-policial","status":"publish","type":"post","link":"http:\/\/fmriachuelo.it10.com.ar\/index.php\/2017\/05\/25\/caba-estudiantes-se-movilizan-contra-la-persecusion-y-amedrentamiento-policial\/","title":{"rendered":"CABA: ESTUDIANTES SE MOVILIZAN CONTRA LA PERSECUSI\u00d3N Y AMEDRENTAMIENTO POLICIAL"},"content":{"rendered":"<p>[FM Riachuelo 24\/05\/2017]\u00a0Estudiantes de las escuelas de la ciudad y del conurbano se movilizan contra la persecuci\u00f3n y las pol\u00edticas de amedrentamiento que vienen sufriendo d\u00eda a d\u00eda. En la intersecci\u00f3n de las avenidas Callao y Corrientes, \u00a0se dieron cita a las 14.30 hs, . j\u00f3venes que con sus banderas en alto se movilizaron en una acci\u00f3n de protesta contra las pol\u00edticas que los amenazan y criminalizan diariamente.\u00a0La intromisi\u00f3n de personal policial armado en las escuelas,\u00a0\u00a0la criminalizaci\u00f3n y estigmatizaci\u00f3n creciente, \u00a0 que vienen sufriendo diariamente \u00a0son alguno de los ejemplos. Desde los Centros de Estudiantes de Base junto con otras organizaciones estudiantes y de juventud se dieron cita cientos de j\u00f3venes\u00a0para repudiar las pol\u00edticas de persecusi\u00f3n.<\/p>\n<p><span style=\"color: #0000ff\"><strong><a style=\"color: #0000ff\" href=\"https:\/\/www.facebook.com\/agrupacion.simonbolivar\/photos\/a.1641863686100479.1073741829.1634866843466830\/1938162789803899\/?type=3&amp;theater\">COMUNICADO LA SIMON BOLIVAR JUVENTUD<\/a><\/strong><\/span><\/p>\n\n<p>Entrevistados los j\u00f3venes denuncian las consecutivas intromisiones de personal policial armado en las escuelas p\u00fablicas de la CABA y el Conurbano,\u00a0en un gesto que denuncian como amenazante, a la vez que hicieron \u00e9nfasis en la persecuci\u00f3n que viene sufriendo los j\u00f3venes con detenciones arbitrarias, encarcelamiento injustificado e ilegal.<\/p>\n","protected":false},"excerpt":{"rendered":"<p>[FM Riachuelo 24\/05\/2017]\u00a0Estudiantes de las escuelas de la ciudad y del conurbano se movilizan contra la persecuci\u00f3n y las pol\u00edticas de amedrentamiento que vienen sufriendo d\u00eda a d\u00eda. En la intersecci\u00f3n de las avenidas Callao y Corrientes, \u00a0se dieron cita a las 14.30 hs, . j\u00f3venes que con sus banderas en alto se movilizaron en [&hellip;]<\/p>\n","protected":false},"author":4,"featured_media":4638,"comment_status":"open","ping_status":"open","sticky":false,"template":"","format":"standard","meta":{"_monsterinsights_skip_tracking":false,"_monsterinsights_sitenote_active":false,"_monsterinsights_sitenote_note":"","_monsterinsights_sitenote_category":0,"jnews-multi-image_gallery":[],"jnews_single_post":[],"jnews_primary_category":[],"_joinchat":[],"footnotes":""},"categories":[78],"tags":[],"class_list":["post-4637","post","type-post","status-publish","format-standard","has-post-thumbnail","hentry","category-economia-popular"],"_links":{"self":[{"href":"http:\/\/fmriachuelo.it10.com.ar\/index.php\/wp-json\/wp\/v2\/posts\/4637","targetHints":{"allow":["GET"]}}],"collection":[{"href":"http:\/\/fmriachuelo.it10.com.ar\/index.php\/wp-json\/wp\/v2\/posts"}],"about":[{"href":"http:\/\/fmriachuelo.it10.com.ar\/index.php\/wp-json\/wp\/v2\/types\/post"}],"author":[{"embeddable":true,"href":"http:\/\/fmriachuelo.it10.com.ar\/index.php\/wp-json\/wp\/v2\/users\/4"}],"replies":[{"embeddable":true,"href":"http:\/\/fmriachuelo.it10.com.ar\/index.php\/wp-json\/wp\/v2\/comments?post=4637"}],"version-history":[{"count":0,"href":"http:\/\/fmriachuelo.it10.com.ar\/index.php\/wp-json\/wp\/v2\/posts\/4637\/revisions"}],"wp:featuredmedia":[{"embeddable":true,"href":"http:\/\/fmriachuelo.it10.com.ar\/index.php\/wp-json\/"}],"wp:attachment":[{"href":"http:\/\/fmriachuelo.it10.com.ar\/index.php\/wp-json\/wp\/v2\/media?parent=4637"}],"wp:term":[{"taxonomy":"category","embeddable":true,"href":"http:\/\/fmriachuelo.it10.com.ar\/index.php\/wp-json\/wp\/v2\/categories?post=4637"},{"taxonomy":"post_tag","embeddable":true,"href":"http:\/\/fmriachuelo.it10.com.ar\/index.php\/wp-json\/wp\/v2\/tags?post=4637"}],"curies":[{"name":"wp","href":"https:\/\/api.w.org\/{rel}","templated":true}]}}