{"id":4615,"date":"2017-05-22T20:47:42","date_gmt":"2017-05-22T20:47:42","guid":{"rendered":"http:\/\/fmriachuelo.com.ar\/ljkjklj\/?p=4615"},"modified":"2017-05-22T20:47:42","modified_gmt":"2017-05-22T20:47:42","slug":"nueva-audiencia-en-el-juicio-contra-borello-delia-y-bordon","status":"publish","type":"post","link":"http:\/\/fmriachuelo.it10.com.ar\/index.php\/2017\/05\/22\/nueva-audiencia-en-el-juicio-contra-borello-delia-y-bordon\/","title":{"rendered":"JUICIO A LA PROTESTA SOCIAL: QUINTA AUDIENCIA  CONTRA BORELLO, D\u00b4EL\u00cdA Y BORD\u00d3N"},"content":{"rendered":"<p>[FM Riachuelo 22\/05\/2017] En el d\u00eda de hoy se realiz\u00f3 la quinta audiencia del juicio por el que se acusa a Lito Borello, Secretario de DDHH de la CTEP, Luis D\u00b4El\u00eda, de la agrupaci\u00f3n MILES y Luis Bord\u00f3n, por la toma de la Comisar\u00eda 24 de La Boca que se produjo por la protesta de los vecinos tras el asesinato del conocido militante social Mart\u00edn Oso Cisneros del Comedor Los Pibes.<\/p>\n<p>Una vez m\u00e1s la audiencia se desarroll\u00f3 con la declaraci\u00f3n de los testigos de la fiscal\u00eda, a cargo de la Dra. Gabriela Baig\u00fan, que fueron en su mayor\u00eda polic\u00edas que hab\u00edan participado de los hechos hace casi 13 a\u00f1os, y cont\u00f3, \u00a0tambi\u00e9n entre los testigos, \u00a0al \u00fanico detenido que se encontraba en los calabozos de la Comisar\u00eda cuando se produjo la protesta.<\/p>\n<p>En los testimonios, el \u00abno recuerdo\u00bb y las contradicciones volvieron a dominar la declaraci\u00f3n de los polic\u00edas, y nublar el relato de los hechos. Tambi\u00e9n result\u00f3 llamativa la declaraci\u00f3n del testigo que hab\u00eda estado en la comisar\u00eda en car\u00e1cter de detenido que refiri\u00f3 c\u00f3mo siempre hab\u00eda tenido la sensaci\u00f3n que lo hab\u00edan detenido como perejil \u00absolamente por fumar un porro\u00bb para que \u00abesa noche fuera testigo de algo que estaba previsto que iba a pasar\u00bb.<\/p>\n<p>Al finalizar la audiencia FM Riachuelo pudo conversar con Juan Grabois, referente de la CTEP y abogado co-patrocinante de la defensa de Lito Borello, quien comparti\u00f3 su opini\u00f3n sobre las declaraciones testimoniales: \u00abla audiencia dej\u00f3 en claro que los testimonios de los polic\u00edas est\u00e1n totalmente fraguados y adem\u00e1s son inconducentes. Bajo ning\u00fan punto de vista se puede probar que haya habido ning\u00fan tipo de coacci\u00f3n. Llama la atenci\u00f3n el testimonio del detenido, y que un subcomisario en actividad d\u00e9 una clase magistral de c\u00f3mo se libera una zona\u00bb.<\/p>\n<p>En la salida tambi\u00e9n expres\u00f3 su mirada Bel\u00e9n, una militante de la Organizaci\u00f3n Sim\u00f3n Bolivar, organizaci\u00f3n juvenil que viene acompa\u00f1ando decididamente a los dirigentes judicializados y denunciando la situaci\u00f3n de criminalizaci\u00f3n de la protesta que se vive en el contexto actual: \u00abno soy experta en la justicia, pero esto que est\u00e1 pasando van a tener que escucharlo porque es una obviedad que la polic\u00eda est\u00e1 no solamente ocultando cosas, sino deslig\u00e1ndose de la responsabilidad que tiene en estos hechos\u00bb.<\/p>\n<p><a href=\"http:\/\/fmriachuelo.com.ar\/ljkjklj\/wp-content\/uploads\/2017\/05\/solidaridad-liliana.jpg\"><img loading=\"lazy\" decoding=\"async\" class=\"aligncenter wp-image-4618\" src=\"http:\/\/fmriachuelo.com.ar\/ljkjklj\/wp-content\/uploads\/2017\/05\/solidaridad-liliana-169x300.jpg\" alt=\"\" width=\"250\" height=\"444\" \/><\/a><\/p>\n<p>Como en todas las jornadas, en la\u00a0puerta del tribunal de Comodoro Py, militantes solidarizados frente a este nuevo caso de persecuci\u00f3n y criminalizaci\u00f3n de los luchadores sociales, \u00a0instalaron un puesto para denunciar la situaci\u00f3n y recordar que los hechos que medi\u00e1ticamente se instalan como \u00abla toma de la comisar\u00eda\u00bb ocultan, una vez m\u00e1s, la historia de un militante asesinado por intentar transformar la dura situaci\u00f3n que las injusticias instalan en los barrios populares de nuestro pa\u00eds.\u00a0La semana pr\u00f3xima contin\u00faa la ronda de testigos de cargo, que est\u00e1n previstas para el lunes 29 y miercoles 31 de mayo, luego se informar\u00e1n las fechas subsiguientes.<\/p>\n<p><a href=\"http:\/\/fmriachuelo.com.ar\/ljkjklj\/wp-content\/uploads\/2017\/05\/carteles-oso.jpg\"><img loading=\"lazy\" decoding=\"async\" class=\"aligncenter wp-image-4624\" src=\"http:\/\/fmriachuelo.com.ar\/ljkjklj\/wp-content\/uploads\/2017\/05\/carteles-oso-300x136.jpg\" alt=\"\" width=\"500\" height=\"227\" \/><\/a><\/p>\n<p>&nbsp;<\/p>\n<p>&nbsp;<\/p>\n","protected":false},"excerpt":{"rendered":"<p>[FM Riachuelo 22\/05\/2017] En el d\u00eda de hoy se realiz\u00f3 la quinta audiencia del juicio por el que se acusa a Lito Borello, Secretario de DDHH de la CTEP, Luis D\u00b4El\u00eda, de la agrupaci\u00f3n MILES y Luis Bord\u00f3n, por la toma de la Comisar\u00eda 24 de La Boca que se produjo por la protesta de [&hellip;]<\/p>\n","protected":false},"author":4,"featured_media":4617,"comment_status":"open","ping_status":"open","sticky":false,"template":"","format":"standard","meta":{"_monsterinsights_skip_tracking":false,"_monsterinsights_sitenote_active":false,"_monsterinsights_sitenote_note":"","_monsterinsights_sitenote_category":0,"jnews-multi-image_gallery":[],"jnews_single_post":[],"jnews_primary_category":[],"_joinchat":[],"footnotes":""},"categories":[78,75],"tags":[118],"class_list":["post-4615","post","type-post","status-publish","format-standard","has-post-thumbnail","hentry","category-economia-popular","category-trabajo","tag-oso-cisneros"],"_links":{"self":[{"href":"http:\/\/fmriachuelo.it10.com.ar\/index.php\/wp-json\/wp\/v2\/posts\/4615","targetHints":{"allow":["GET"]}}],"collection":[{"href":"http:\/\/fmriachuelo.it10.com.ar\/index.php\/wp-json\/wp\/v2\/posts"}],"about":[{"href":"http:\/\/fmriachuelo.it10.com.ar\/index.php\/wp-json\/wp\/v2\/types\/post"}],"author":[{"embeddable":true,"href":"http:\/\/fmriachuelo.it10.com.ar\/index.php\/wp-json\/wp\/v2\/users\/4"}],"replies":[{"embeddable":true,"href":"http:\/\/fmriachuelo.it10.com.ar\/index.php\/wp-json\/wp\/v2\/comments?post=4615"}],"version-history":[{"count":0,"href":"http:\/\/fmriachuelo.it10.com.ar\/index.php\/wp-json\/wp\/v2\/posts\/4615\/revisions"}],"wp:featuredmedia":[{"embeddable":true,"href":"http:\/\/fmriachuelo.it10.com.ar\/index.php\/wp-json\/"}],"wp:attachment":[{"href":"http:\/\/fmriachuelo.it10.com.ar\/index.php\/wp-json\/wp\/v2\/media?parent=4615"}],"wp:term":[{"taxonomy":"category","embeddable":true,"href":"http:\/\/fmriachuelo.it10.com.ar\/index.php\/wp-json\/wp\/v2\/categories?post=4615"},{"taxonomy":"post_tag","embeddable":true,"href":"http:\/\/fmriachuelo.it10.com.ar\/index.php\/wp-json\/wp\/v2\/tags?post=4615"}],"curies":[{"name":"wp","href":"https:\/\/api.w.org\/{rel}","templated":true}]}}