{"id":461,"date":"2015-05-13T02:00:00","date_gmt":"2015-05-13T02:00:00","guid":{"rendered":"http:\/\/fmriachuelo.observatorioess.org.ar\/index.php\/2015\/05\/13\/rosario-conflicto-con-los-recicladores-urbanos\/"},"modified":"2025-03-28T16:41:47","modified_gmt":"2025-03-28T19:41:47","slug":"rosario-conflicto-con-los-recicladores-urbanos","status":"publish","type":"post","link":"http:\/\/fmriachuelo.it10.com.ar\/index.php\/2015\/05\/13\/rosario-conflicto-con-los-recicladores-urbanos\/","title":{"rendered":"ROSARIO: CONFLICTO CON LOS RECICLADORES URBANOS"},"content":{"rendered":"<p><span style=\"color: red;font-family: Verdana, sans-serif;font-size: large\"><strong>LA POBREZA URBANA SIN RESOLVER<\/strong><\/span><\/p>\n<div style=\"clear: both;text-align: justify\"><a href=\"http:\/\/2.bp.blogspot.com\/-gjnL1uZXa5A\/VVIqa6pDh1I\/AAAAAAAAESU\/zdqGN07ZF7g\/s1600\/CARTONEROS.jpg\" style=\"clear: left;float: left;margin-bottom: 1em;margin-right: 1em\"><\/a><a href=\"http:\/\/2.bp.blogspot.com\/-gjnL1uZXa5A\/VVIqa6pDh1I\/AAAAAAAAESU\/zdqGN07ZF7g\/s1600\/CARTONEROS.jpg\" style=\"clear: left;float: left;margin-bottom: 1em;margin-right: 1em\"><img loading=\"lazy\" decoding=\"async\" border=\"0\" height=\"167\" src=\"http:\/\/2.bp.blogspot.com\/-gjnL1uZXa5A\/VVIqa6pDh1I\/AAAAAAAAESU\/zdqGN07ZF7g\/s320\/CARTONEROS.jpg\" width=\"320\" \/><\/a><\/div>\n<div style=\"text-align: justify\"><span style=\"font-family: Verdana, sans-serif\">Escuch\u00e1 el testimonio que nos dio ayer <\/span><a href=\"http:\/\/www.mediafire.com\/listen\/9jzf5x85joiabfa\/05-12-2015_-_ENTR._A_VICTORIA_CLERICI_-_CTEP_ROSARIO_-_LUCHA_DE_CARRETEROS.mp3\"><span style=\"color: blue\"><strong>VICTORIA CLERICI, CTEP ROSARIO<\/strong><\/span><\/a>&nbsp;<span style=\"font-family: Verdana, sans-serif\">sobre el conflicto, en el programa <strong>Romp\u00e9 el Cerco Informativo<\/strong> por <span style=\"color: red\"><strong>Fm Riachuelo<\/strong><\/span><\/span><\/div>\n<div style=\"text-align: justify\"><span style=\"font-family: Verdana, sans-serif\"><strong><\/strong><\/span><br \/><span style=\"font-family: Verdana, sans-serif\"><strong>[12\/05\/15]Este lunes cartoneros de la Ciudad de Rosario protestaron realizando un corte de calle ante la avanzada municipal que busca quitarle sus caballos que utilizan para trabajar mientras desconoce el trabajo que realizan en cuanto al reciclado de la basura y la sostenibilidad ambiental.<\/strong><\/span><br \/><span style=\"font-family: Verdana, sans-serif\"><strong><\/strong><br \/>El pasado 30 de abril la Municipalidad de Rosario, consultada por los medios de comunicaci\u00f3n, comunic\u00f3 que hasta esa fecha -fin del plazo para la entrega de caballos por parte de los cartoneros rosarinos- s\u00f3lo 200 carreros hab\u00edan asistido a buscar alternativas laborales y 70 caballos hab\u00edan sido entregados.<\/p>\n<p>Hay que recordar que, mediante el Programa Andando, se propon\u00edan hace dos meses terminar con la tracci\u00f3n a sangre y \u201cresolver\u201d la situaci\u00f3n de 1800 familias censadas.<\/span><br \/><a name='more'><\/a><span style=\"font-family: Verdana, sans-serif\"><br \/>Frente a esta realidad los carreros de distintos barrios junto a la Federaci\u00f3n de Cartoneros y Recicladores siguen llevando adelante medidas de fuerza como la de este lunes donde realizaron un corte de calles y v\u00edas a la altura de Juan Jos\u00e9 Paso al 2000.<\/p>\n<p>La \u201cvoluntad\u201d del Estado prioriza la quita de los caballos y la reconversi\u00f3n laboral, algo que las y los recicladores urbanos no est\u00e1n dispuestos a negociar, por un lado por que los caballos son de propiedad de los carreros y por el otro por que se identifican como trabajadores y trabajadoras cartoneras; y es de esta manera que buscan un di\u00e1logo con la Municipalidad que hasta el momento est\u00e1 cerrado.<\/p>\n<p>\u201cEl verdadero centro del problema no es el caballo, es la pobreza, y ante la pobreza no hay ninguna pol\u00edtica para avanzar\u201d, sostuvo M\u00f3nica Crespo, referente de la Cooperativa de Trabajo Cartoneros Unidos que integra la Confederaci\u00f3n de Trabajadores de la Econom\u00eda Popular \u2013 Seccional Rosario.<\/p>\n<p>La pelea por la basura<\/p>\n<p>El trasfondo del conflicto vislumbra un entramado m\u00e1s complejo. Por un lado la municipalidad se hace cargo de la recolecci\u00f3n y de la separaci\u00f3n de residuos en las zonas c\u00e9ntricas delegando la gesti\u00f3n en manos del sector privado. Por otro lado se desconoce que en realidad los cartoneros son los actores principales en la tarea de reciclaje, dado que son los primeros separadores en origen.<\/p>\n<p>Reconocer esto ser\u00eda reconocer que est\u00e1n haciendo un trabajo social y ambiental fundamental, pero tambi\u00e9n econ\u00f3mico por que el Ejecutivo se ahorra much\u00edsimo dinero en los enterramientos de esa basura que los camiones no trasladan. Este plano de la realidad no est\u00e1 contemplado por parte de qui\u00e9nes pretenden llevar la <\/span><span style=\"font-family: Verdana, sans-serif\">ordenanza 8726\/2010<\/span><span style=\"font-family: Verdana, sans-serif\"> (eliminaci\u00f3n de la tracci\u00f3n a sangre) hasta las \u00faltimas consecuencias.<\/p>\n<p>Las exigencias de los carreros pasan por la necesidad de que estos beneficios ambientales y econ\u00f3micos sean reconocidos, que las familias sean reconocidas como trabajadoras con los derechos b\u00e1sicos que esto implica.<\/p>\n<p>Solidaridad cartonera<\/p>\n<p>En la movilizaci\u00f3n del lunes se pudo palpar la solidaridad de carreros de otras localidades, como Ciudad de Santa Fe y Provincia de Buenos Aires, si bien las experiencias han sido distintas, los une una misma realidad: el reconocimiento de un trabajo invisibilizado.<\/span><br \/><span style=\"color: blue;font-family: Verdana\">Fuente: Federaci\u00f3n de Cartoneros y Recicladores Ctep Rosario, Producci\u00f3n Riachuelo<\/span><\/div>\n","protected":false},"excerpt":{"rendered":"<p>LA POBREZA URBANA SIN RESOLVER Escuch\u00e1 el testimonio que nos dio ayer VICTORIA CLERICI, CTEP ROSARIO&nbsp;sobre el conflicto, en el programa Romp\u00e9 el Cerco Informativo por Fm Riachuelo [12\/05\/15]Este lunes cartoneros de la Ciudad de Rosario protestaron realizando un corte de calle ante la avanzada municipal que busca quitarle sus caballos que utilizan para trabajar [&hellip;]<\/p>\n","protected":false},"author":4,"featured_media":0,"comment_status":"open","ping_status":"open","sticky":false,"template":"","format":"standard","meta":{"_monsterinsights_skip_tracking":false,"_monsterinsights_sitenote_active":false,"_monsterinsights_sitenote_note":"","_monsterinsights_sitenote_category":0,"jnews-multi-image_gallery":[],"jnews_single_post":{"format":"standard"},"jnews_primary_category":[],"_joinchat":[],"footnotes":""},"categories":[58],"tags":[64,147],"class_list":["post-461","post","type-post","status-publish","format-standard","hentry","category-noticiariachuelo","tag-economia-popular","tag-habitat"],"_links":{"self":[{"href":"http:\/\/fmriachuelo.it10.com.ar\/index.php\/wp-json\/wp\/v2\/posts\/461","targetHints":{"allow":["GET"]}}],"collection":[{"href":"http:\/\/fmriachuelo.it10.com.ar\/index.php\/wp-json\/wp\/v2\/posts"}],"about":[{"href":"http:\/\/fmriachuelo.it10.com.ar\/index.php\/wp-json\/wp\/v2\/types\/post"}],"author":[{"embeddable":true,"href":"http:\/\/fmriachuelo.it10.com.ar\/index.php\/wp-json\/wp\/v2\/users\/4"}],"replies":[{"embeddable":true,"href":"http:\/\/fmriachuelo.it10.com.ar\/index.php\/wp-json\/wp\/v2\/comments?post=461"}],"version-history":[{"count":1,"href":"http:\/\/fmriachuelo.it10.com.ar\/index.php\/wp-json\/wp\/v2\/posts\/461\/revisions"}],"predecessor-version":[{"id":23405,"href":"http:\/\/fmriachuelo.it10.com.ar\/index.php\/wp-json\/wp\/v2\/posts\/461\/revisions\/23405"}],"wp:attachment":[{"href":"http:\/\/fmriachuelo.it10.com.ar\/index.php\/wp-json\/wp\/v2\/media?parent=461"}],"wp:term":[{"taxonomy":"category","embeddable":true,"href":"http:\/\/fmriachuelo.it10.com.ar\/index.php\/wp-json\/wp\/v2\/categories?post=461"},{"taxonomy":"post_tag","embeddable":true,"href":"http:\/\/fmriachuelo.it10.com.ar\/index.php\/wp-json\/wp\/v2\/tags?post=461"}],"curies":[{"name":"wp","href":"https:\/\/api.w.org\/{rel}","templated":true}]}}