{"id":460,"date":"2015-05-13T02:02:00","date_gmt":"2015-05-13T02:02:00","guid":{"rendered":"http:\/\/fmriachuelo.observatorioess.org.ar\/index.php\/2015\/05\/13\/movilizacion-de-los-trabajadores-de-la-ctep-a-la-legislatura-de-la-provincia-de-buenos-aires\/"},"modified":"2025-03-28T16:42:11","modified_gmt":"2025-03-28T19:42:11","slug":"movilizacion-de-los-trabajadores-de-la-ctep-a-la-legislatura-de-la-provincia-de-buenos-aires","status":"publish","type":"post","link":"http:\/\/fmriachuelo.it10.com.ar\/index.php\/2015\/05\/13\/movilizacion-de-los-trabajadores-de-la-ctep-a-la-legislatura-de-la-provincia-de-buenos-aires\/","title":{"rendered":"MOVILIZACION DE LOS TRABAJADORES DE LA CTEP A LA LEGISLATURA DE LA PROVINCIA DE BUENOS AIRES"},"content":{"rendered":"<h1><span style=\"color: black;font-size: medium\"><span style=\"color: red;font-size: large\">POR VIVIENDA PARA TODOS Y TIERRA PARA QUIEN LA TRABAJA<\/span><\/span><\/h1>\n<p><strong>Mi\u00e9rcoles 13 de mayo movilizaci\u00f3n a la Legislatura de la Provincia de Buenos Aires de los Trabajadores agremiados en la Confederaci\u00f3n de Trabajadores de la Econom\u00eda Popular, Ctep<\/strong><br \/><strong>en el marco de la lucha por la vivienda digna y tierra para trabajar.<\/strong><br \/><strong><\/strong><\/p>\n<div style=\"clear: both;text-align: center\"><a href=\"http:\/\/3.bp.blogspot.com\/-dehV_Z56jdE\/VVKtmVGtT8I\/AAAAAAAAETw\/qacFMFb9t6w\/s1600\/315958_258891770813927_100000793184215_653247_731960630_n.jpg\" style=\"clear: left;float: left;margin-bottom: 1em;margin-right: 1em\"><img loading=\"lazy\" decoding=\"async\" border=\"0\" height=\"150\" src=\"http:\/\/3.bp.blogspot.com\/-dehV_Z56jdE\/VVKtmVGtT8I\/AAAAAAAAETw\/qacFMFb9t6w\/s200\/315958_258891770813927_100000793184215_653247_731960630_n.jpg\" width=\"200\" \/><\/a><\/div>\n<p><span style=\"font-size: x-small\"><span style=\"font-family: Verdana, sans-serif\"><strong>EXPROPIACI\u00d3N E IMPLEMENTACI\u00d3N DE UN PLAN DE VIVIENDAS EN ABASTO<\/strong><\/span><\/span><\/p>\n<div><span style=\"font-size: x-small\"><span style=\"font-family: Verdana, sans-serif\"><strong>&nbsp;<\/strong><\/span><\/span><\/div>\n<div><span style=\"font-size: x-small\"><span style=\"font-family: Verdana, sans-serif\"><strong>CUMPLIMIENTO EFECTIVO DE LA LEY DE ACCESO JUSTO AL H\u00c1BITAT<\/strong><\/span><\/span><\/div>\n<div><span style=\"font-size: x-small\"><span style=\"font-family: Verdana, sans-serif\"><strong>&nbsp;<\/strong><\/span><\/span><\/div>\n<div><span style=\"font-size: x-small\"><span style=\"font-family: Verdana, sans-serif\"><strong>LA TIERRA PARA QUIENES LA TRABAJAN<\/strong><\/span><\/span><\/div>\n<p><span style=\"font-family: Verdana, sans-serif\">&nbsp;<\/span><\/p>\n<div><span style=\"font-size: x-small\"><span style=\"font-family: Verdana, sans-serif\">Desde la Confederaci\u00f3n de Trabajadores de la Econom\u00eda Popular &nbsp;(CTEP) convocamos a movilizar este Mi\u00e9rcoles 13 de Mayo a la Legislatura de la Provincia de Buenos Aires en el marco de la lucha por acceso a una vivienda digna y tierra para trabajar que llevan adelante desde hace casi un mes m\u00e1s de 700 familias de la localidad de Abasto en La Plata.<\/span><\/span><\/div>\n<div><span style=\"font-size: x-small\"><span style=\"font-family: Verdana, sans-serif\">&nbsp;<\/span><\/span><\/div>\n<div><span style=\"font-size: x-small\"><span style=\"font-family: Verdana, sans-serif\">Mientras unos pocos especuladores inmobiliarios &nbsp;y algunos funcionarios p\u00fablicos lucran con nuestro suelo, miles de familias en nuestro pa\u00eds ven violado su derecho de acceso a una vivienda propia y un terreno para trabajar, vi\u00e9ndose obligadas a destinar una gran parte de sus magros ingresos a un alquiler usurario. En la ciudad de La Plata este problema incluye a miles de peque\u00f1os productores hort\u00edcolas que trabajan en forma cooperativa y que producen gran parte del alimento que el resto de la sociedad consume para vivir cada d\u00eda. En este marco un grupo de estas familias decidi\u00f3 ocupar un predio vaciado y desaprovechado hace a\u00f1os y que no tributaba impuestos con el fin de volverlas tierras que cumpliesen una funci\u00f3n social. A una velocidad nunca vista la Justicia fall\u00f3 a favor de un pedido de desalojo efectuado por una inmobiliaria que administra irregularmente las tierras en cuesti\u00f3n. A\u00fan con un fallo judicial que ordenaba el freno,a la medida, la Polic\u00eda Bonaerense avanz\u00f3. Una represi\u00f3n brutal en plena noche, heridos y detenidos fue el saldo que dejo la intervenci\u00f3n, que beneficia a una peque\u00f1a empresa especuladora en contra de 700 famlias que se dedican a producir lo que comemos en condiciones sumamente precarias. A partir de ese momento las mismas familias se organizaron y resisten en una Carpa Popular frente a la Comisaria 7\u00b0 de Abasto y a unos pocos metros de las tierras de las que fueron desalojados, luchando d\u00eda y noche a la intemperie por una causa justa.<\/span><\/span><\/div>\n<div><span style=\"font-size: x-small\"><span style=\"font-family: Verdana, sans-serif\">&nbsp;<a name='more'><\/a><\/span><\/span><\/div>\n<div><span style=\"font-size: x-small\"><span style=\"font-family: Verdana, sans-serif\">Entendemos que es necesario que el Estado intervenga con una pol\u00edtica que incluya a las mayor\u00edas y haga cumplir el derecho constitucional a tener un lugar donde vivir y un trabajo digno. Exigimos que se de cumplimiento a la Ley de Acceso Justo al Habitat, sancionada hace a\u00f1os pero trabada en los hechos. Pedimos la sanci\u00f3n de una ley que declare la expropiaci\u00f3n de los terrenos ociosos que se encuentran en Abasto junto con la implementaci\u00f3n de un Plan de Viviendas para el lugar.<\/span><\/span><\/div>\n<div><span style=\"font-size: x-small\"><span style=\"font-family: Verdana, sans-serif\">&nbsp;<\/span><\/span><\/div>\n<div><span style=\"font-family: Verdana, sans-serif\"><\/span>&nbsp;<\/div>\n<div>\n<div class=\"ng-scope\">\n<div>\n<div><!-- ngIf: headlineImage --><span style=\"font-family: Verdana, sans-serif\">       <span style=\"color: blue\">Fuente: Ctep Argentina, Producci\u00f3n Riachuelo<\/span><\/span><\/div>\n<div>\n<ul><!-- data-service is used for styles TODO remove!-->&nbsp;&nbsp;&nbsp;&nbsp;&nbsp;&nbsp;&nbsp;&nbsp; <!-- ngRepeat: sb in sharebuttons --><\/ul>\n<\/div>\n<\/div>\n<\/div>\n<\/div>\n<div><\/div>\n","protected":false},"excerpt":{"rendered":"<p>POR VIVIENDA PARA TODOS Y TIERRA PARA QUIEN LA TRABAJA Mi\u00e9rcoles 13 de mayo movilizaci\u00f3n a la Legislatura de la Provincia de Buenos Aires de los Trabajadores agremiados en la Confederaci\u00f3n de Trabajadores de la Econom\u00eda Popular, Ctepen el marco de la lucha por la vivienda digna y tierra para trabajar. EXPROPIACI\u00d3N E IMPLEMENTACI\u00d3N DE [&hellip;]<\/p>\n","protected":false},"author":4,"featured_media":0,"comment_status":"open","ping_status":"open","sticky":false,"template":"","format":"standard","meta":{"_monsterinsights_skip_tracking":false,"_monsterinsights_sitenote_active":false,"_monsterinsights_sitenote_note":"","_monsterinsights_sitenote_category":0,"jnews-multi-image_gallery":[],"jnews_single_post":{"format":"standard"},"jnews_primary_category":[],"_joinchat":[],"footnotes":""},"categories":[58],"tags":[64,86],"class_list":["post-460","post","type-post","status-publish","format-standard","hentry","category-noticiariachuelo","tag-economia-popular","tag-noti-ctep"],"_links":{"self":[{"href":"http:\/\/fmriachuelo.it10.com.ar\/index.php\/wp-json\/wp\/v2\/posts\/460","targetHints":{"allow":["GET"]}}],"collection":[{"href":"http:\/\/fmriachuelo.it10.com.ar\/index.php\/wp-json\/wp\/v2\/posts"}],"about":[{"href":"http:\/\/fmriachuelo.it10.com.ar\/index.php\/wp-json\/wp\/v2\/types\/post"}],"author":[{"embeddable":true,"href":"http:\/\/fmriachuelo.it10.com.ar\/index.php\/wp-json\/wp\/v2\/users\/4"}],"replies":[{"embeddable":true,"href":"http:\/\/fmriachuelo.it10.com.ar\/index.php\/wp-json\/wp\/v2\/comments?post=460"}],"version-history":[{"count":1,"href":"http:\/\/fmriachuelo.it10.com.ar\/index.php\/wp-json\/wp\/v2\/posts\/460\/revisions"}],"predecessor-version":[{"id":23406,"href":"http:\/\/fmriachuelo.it10.com.ar\/index.php\/wp-json\/wp\/v2\/posts\/460\/revisions\/23406"}],"wp:attachment":[{"href":"http:\/\/fmriachuelo.it10.com.ar\/index.php\/wp-json\/wp\/v2\/media?parent=460"}],"wp:term":[{"taxonomy":"category","embeddable":true,"href":"http:\/\/fmriachuelo.it10.com.ar\/index.php\/wp-json\/wp\/v2\/categories?post=460"},{"taxonomy":"post_tag","embeddable":true,"href":"http:\/\/fmriachuelo.it10.com.ar\/index.php\/wp-json\/wp\/v2\/tags?post=460"}],"curies":[{"name":"wp","href":"https:\/\/api.w.org\/{rel}","templated":true}]}}