{"id":4596,"date":"2017-05-21T15:37:48","date_gmt":"2017-05-21T15:37:48","guid":{"rendered":"http:\/\/fmriachuelo.com.ar\/ljkjklj\/?p=4596"},"modified":"2017-05-21T15:37:48","modified_gmt":"2017-05-21T15:37:48","slug":"solidaridad-con-el-pueblo-bolivariano-abrazo-de-organizaciones-populares","status":"publish","type":"post","link":"http:\/\/fmriachuelo.it10.com.ar\/index.php\/2017\/05\/21\/solidaridad-con-el-pueblo-bolivariano-abrazo-de-organizaciones-populares\/","title":{"rendered":"SOLIDARIDAD CON EL PUEBLO BOLIVARIANO, ABRAZO DE ORGANIZACIONES POPULARES"},"content":{"rendered":"<p>[FM Riachuelo 21\/05\/2017] En la tarde de ayer un gran n\u00famero de organizaciones sociales, \u00a0pol\u00edticas y gremiales se hicieron presentes frente a la Embajada de la Rep\u00fablica Bolivariana de Venezuela, con la convocatoria a\u00a0un \u00abAbrazo Solidario con el pueblo bolivariano\u00bb y con el <strong><a href=\"http:\/\/fmriachuelo.com.ar\/ljkjklj\/blog\/2017\/05\/19\/venezuela-no-esta-sola-solidaridad-de-las-organizaciones-populares-en-argentina\/\">embajador que fuera amenazado de muerte<\/a>\u00a0<\/strong>(Carlos Martinez Mendoza), hace pocos d\u00edas atr\u00e1s. Luego de las palabras de los referentes de las organizaciones presentes, tom\u00f3 la palabra para agradecer el embajador en la Argentina, Carlos Martinez Mendoza, \u00a0y se expres\u00f3 respecto de la situaci\u00f3n actual en la hermana Rep\u00fablica.<\/p>\n<p>Escuch\u00e1 a continuaci\u00f3n las palabras del embajador de la Repu\u00fablica Bolivariana de Venezuela, Carlos Martinez Mendoza:<\/p>\n<p>Referentes de las distintas organizaciones presentes tomaron la palabra para expresar su solidaridad respecto de los hechos que vienen sucediendo en la hermana Rep\u00fablica, contra el pueblo bolivariano y contra toda la regi\u00f3n. Al finalizar el embajador,\u00a0\u00a0General de Brigada (Ej.) Carlos Eduardo Mart\u00ednez Mendoza, pronunci\u00f3 unas palabras de agradecimiento a los presentes, al tiempo que trasmiti\u00f3 la interpretaci\u00f3n, \u00a0del gobierno bolivariano, \u00a0de los hechos que se vienen sucediendo. All\u00ed expres\u00f3 que \u00abla amenaza no es solamente a Venezuela, sino a toda la regi\u00f3n\u00bb. Al mismo tiempo consider\u00f3 el rol de los medios de comunicaci\u00f3n en los acontecimientos que se vienen sucediendo, que desinforman y explic\u00f3 que: \u00ablas manifestaciones que se vienen sucediendo en Venezuela, no son pac\u00edficas, sino que son violentas, colocando a bandas criminales en la conducci\u00f3n de esas manifestaciones\u00bb que no representan la realidad, ya que \u00abescasamente el\u00a01% de la poblaci\u00f3n est\u00e1 siendo sometida a estas acciones violentas\u00bb. Enfatiz\u00f3 de manera precisa que \u00abesa manera violenta forma parte de un libreto que quiere crear las condiciones para una intervenci\u00f3n en Venezuela, para legitimar la muerte y la violencia como parte de una pr\u00e1ctica pol\u00edtica que quiere enfrentar hermanos contra hermanos\u00bb. En su alocusi\u00f3n fue explicando que los 20 a\u00f1os de construcci\u00f3n de conciencia en el pueblo se ven en que a la violencia el pueblo no responde con violencia. \u00abDe las 47 muertes sucedidas, solo 4 corresponden al accionar policial\u00bb, a pesar de las continuas provocaciones manifest\u00f3 el embajador Martinez Mendoza, frente al numeroso p\u00fablico presente. \u00a0\u00abLa Constituci\u00f3n es la salida para aislar a los violentos\u00bb, enfatiz\u00f3 el embajador al tiempo que dijo que \u00abla Conferencia Episcopal por un llamamiento del Papa se sent\u00f3 a la mesa para llegar a la Asamblea Constituyente\u00bb, \u00a0que se viene promoviendo desde el gobierno de Nicol\u00e1s Maduro, para que se abra una instancia que permita la pacificaci\u00f3n del pa\u00eds, a la que se oponen los violentos. Para finalizar volvi\u00f3 a agradecer la presencia de \u00abla expresi\u00f3n genuina de las organizaciones presentes y del pueblo argentino que con dignidad sabe levantar la voz cuando en el continente\u00a0un pueblo hermano est\u00e1 sufriendo\u00bb.<\/p>\n\n","protected":false},"excerpt":{"rendered":"<p>[FM Riachuelo 21\/05\/2017] En la tarde de ayer un gran n\u00famero de organizaciones sociales, \u00a0pol\u00edticas y gremiales se hicieron presentes frente a la Embajada de la Rep\u00fablica Bolivariana de Venezuela, con la convocatoria a\u00a0un \u00abAbrazo Solidario con el pueblo bolivariano\u00bb y con el embajador que fuera amenazado de muerte\u00a0(Carlos Martinez Mendoza), hace pocos d\u00edas atr\u00e1s. [&hellip;]<\/p>\n","protected":false},"author":4,"featured_media":4607,"comment_status":"open","ping_status":"open","sticky":false,"template":"","format":"standard","meta":{"_monsterinsights_skip_tracking":false,"_monsterinsights_sitenote_active":false,"_monsterinsights_sitenote_note":"","_monsterinsights_sitenote_category":0,"jnews-multi-image_gallery":[],"jnews_single_post":[],"jnews_primary_category":[],"_joinchat":[],"footnotes":""},"categories":[78],"tags":[84],"class_list":["post-4596","post","type-post","status-publish","format-standard","has-post-thumbnail","hentry","category-economia-popular","tag-la-verdad-de-venezuela"],"_links":{"self":[{"href":"http:\/\/fmriachuelo.it10.com.ar\/index.php\/wp-json\/wp\/v2\/posts\/4596","targetHints":{"allow":["GET"]}}],"collection":[{"href":"http:\/\/fmriachuelo.it10.com.ar\/index.php\/wp-json\/wp\/v2\/posts"}],"about":[{"href":"http:\/\/fmriachuelo.it10.com.ar\/index.php\/wp-json\/wp\/v2\/types\/post"}],"author":[{"embeddable":true,"href":"http:\/\/fmriachuelo.it10.com.ar\/index.php\/wp-json\/wp\/v2\/users\/4"}],"replies":[{"embeddable":true,"href":"http:\/\/fmriachuelo.it10.com.ar\/index.php\/wp-json\/wp\/v2\/comments?post=4596"}],"version-history":[{"count":0,"href":"http:\/\/fmriachuelo.it10.com.ar\/index.php\/wp-json\/wp\/v2\/posts\/4596\/revisions"}],"wp:featuredmedia":[{"embeddable":true,"href":"http:\/\/fmriachuelo.it10.com.ar\/index.php\/wp-json\/"}],"wp:attachment":[{"href":"http:\/\/fmriachuelo.it10.com.ar\/index.php\/wp-json\/wp\/v2\/media?parent=4596"}],"wp:term":[{"taxonomy":"category","embeddable":true,"href":"http:\/\/fmriachuelo.it10.com.ar\/index.php\/wp-json\/wp\/v2\/categories?post=4596"},{"taxonomy":"post_tag","embeddable":true,"href":"http:\/\/fmriachuelo.it10.com.ar\/index.php\/wp-json\/wp\/v2\/tags?post=4596"}],"curies":[{"name":"wp","href":"https:\/\/api.w.org\/{rel}","templated":true}]}}