{"id":4595,"date":"2017-05-21T01:04:17","date_gmt":"2017-05-21T01:04:17","guid":{"rendered":"http:\/\/fmriachuelo.com.ar\/ljkjklj\/?p=4595"},"modified":"2017-05-21T01:04:17","modified_gmt":"2017-05-21T01:04:17","slug":"la-marcha-mundial-contra-monsanto-en-buenos-aires","status":"publish","type":"post","link":"http:\/\/fmriachuelo.it10.com.ar\/index.php\/2017\/05\/21\/la-marcha-mundial-contra-monsanto-en-buenos-aires\/","title":{"rendered":"LA MARCHA MUNDIAL CONTRA MONSANTO EN BUENOS AIRES"},"content":{"rendered":"<p>[FM Riachuelo 20\/05\/2017] Desde este mediod\u00eda concentraron y levantaron los primeros puestos en las inmediaciones del Monumento al Gral. San Mart\u00edn en la Plaza hom\u00f3nima de la Ciudad de Buenos Aires, frente a las oficinas de la multinacional Monsanto, militantes movilizados por la jornada internacional de lucha denominada \u00abMarcha Mundial Contra Monsanto\u00bb. A las pocas horas, se contaban por cientos los curiosos que se acercaban a participar de las actividades art\u00edsticas y musicales, y recorrer los puestos que coloreaban creativamente la jornada. La diversidad de expresiones que se hac\u00edan notar en la Plaza compart\u00edan una consigna: denunciar los efectos sociales y ambientales que produce el modelo del agronegocio que en la Argentina y en el mundo encabeza la multinacional Monsanto.<\/p>\n<p><a href=\"http:\/\/fmriachuelo.com.ar\/ljkjklj\/wp-content\/uploads\/2017\/05\/exequiel-y-juan.jpg\"><img loading=\"lazy\" decoding=\"async\" class=\"alignleft size-medium wp-image-4598\" src=\"http:\/\/fmriachuelo.com.ar\/ljkjklj\/wp-content\/uploads\/2017\/05\/exequiel-y-juan-300x168.jpg\" alt=\"\" width=\"300\" height=\"168\" \/><\/a>En palabras de Juan Spinetto, del colectivo \u00abTodos los 25 Hasta que se vaya Monsanto\u00bb, uno de los organizadores de la jornada, \u00abvinimos a expresar nuestro repudio, para que la Argentina no sea un laboratorio de Monsanto y para no ser v\u00edctimas de este ecocidio\u00bb. Junto con la cuesti\u00f3n ambiental, los organizadores tambi\u00e9n se\u00f1alan el efecto social del modelo Monsanto en t\u00e9rminos de salud p\u00fablica y de accesibilidad a los alimentos v\u00eda precios: \u00abencontraron agrot\u00f3xicos en la Ant\u00e1rtida, y en el 100% de muestras de orina y sangre de la Argentina, la situaci\u00f3n es desesperante no solamente para las personas fumigadas sino para todos los consumidores\u00bb.<\/p>\n<p><a href=\"http:\/\/fmriachuelo.com.ar\/ljkjklj\/wp-content\/uploads\/2017\/05\/gente.jpg\"><img loading=\"lazy\" decoding=\"async\" class=\"aligncenter wp-image-4599 size-large\" src=\"http:\/\/fmriachuelo.com.ar\/ljkjklj\/wp-content\/uploads\/2017\/05\/gente-1024x575.jpg\" alt=\"\" width=\"640\" height=\"359\" \/><\/a><\/p>\n<p>&nbsp;<\/p>\n<p>Durante la jornada tambi\u00e9n se hicieron presentes expresiones de otras luchas que a la denuncia del extractivismo del monocultivo sumaban la denuncia del extractivismo urbano, fen\u00f3meno que, en la misma l\u00f3gica de concentraci\u00f3n de la tierra que define al modelo Monsanto, a partir de la concentraci\u00f3n del suelo urbano en pocas manos viene generando procesos de expulsi\u00f3n y represi\u00f3n de los habitantes de los barrios populares de las grandes ciudades. Lito Borello, Secretario de Derechos Humanos de la CTEP estuvo presente en la actividad y al respecto se\u00f1alaba: \u00abel extravtivismo urbano habla del capitalismo: vienen a quedarse con todo y no dejarle nada a mayor\u00edas cada vez m\u00e1s explotados. No nos quieren dejar ya ni donde vivir. Es urgente que construyamos otro mundo posible, otra sociedad donde el hombre no sea lobo del hombre\u00bb. En el mismo sentido se expres\u00f3 Jonathan Baldiviezo, del Observatorio del Derecho a la Ciudad: \u00aben las ciudades ya no s\u00f3lo tenemos que discutir los medios de producci\u00f3n, sino tambi\u00e9n los medios de reproducci\u00f3n. Cada vez hay menos propietarios y cada vez hay mas familias inquilinas o sin casa\u00bb.<\/p>\n<p><a href=\"http:\/\/fmriachuelo.com.ar\/ljkjklj\/wp-content\/uploads\/2017\/05\/olla-popular.jpg\"><img loading=\"lazy\" decoding=\"async\" class=\"aligncenter wp-image-4600 size-large\" src=\"http:\/\/fmriachuelo.com.ar\/ljkjklj\/wp-content\/uploads\/2017\/05\/olla-popular-1024x575.jpg\" alt=\"\" width=\"640\" height=\"359\" \/><\/a><\/p>\n<p>Finalizando la tarde, la concentraci\u00f3n en Plaza San Mart\u00edn se convirti\u00f3 en una caravana que march\u00f3 hacia el Obelisco para llevar hasta el centro de la Ciudad de Buenos Aires la denuncia mundial contra Monsanto.<\/p>\n<p><a href=\"http:\/\/fmriachuelo.com.ar\/ljkjklj\/wp-content\/uploads\/2017\/05\/los-pibes.jpg\"><img loading=\"lazy\" decoding=\"async\" class=\"aligncenter wp-image-4602 size-large\" src=\"http:\/\/fmriachuelo.com.ar\/ljkjklj\/wp-content\/uploads\/2017\/05\/los-pibes-1024x576.jpg\" alt=\"\" width=\"640\" height=\"360\" \/><\/a><\/p>\n","protected":false},"excerpt":{"rendered":"<p>[FM Riachuelo 20\/05\/2017] Desde este mediod\u00eda concentraron y levantaron los primeros puestos en las inmediaciones del Monumento al Gral. San Mart\u00edn en la Plaza hom\u00f3nima de la Ciudad de Buenos Aires, frente a las oficinas de la multinacional Monsanto, militantes movilizados por la jornada internacional de lucha denominada \u00abMarcha Mundial Contra Monsanto\u00bb. A las pocas [&hellip;]<\/p>\n","protected":false},"author":4,"featured_media":4601,"comment_status":"open","ping_status":"open","sticky":false,"template":"","format":"standard","meta":{"_monsterinsights_skip_tracking":false,"_monsterinsights_sitenote_active":false,"_monsterinsights_sitenote_note":"","_monsterinsights_sitenote_category":0,"jnews-multi-image_gallery":[],"jnews_single_post":[],"jnews_primary_category":[],"_joinchat":[],"footnotes":""},"categories":[78,74],"tags":[],"class_list":["post-4595","post","type-post","status-publish","format-standard","has-post-thumbnail","hentry","category-economia-popular","category-san-cayetano"],"_links":{"self":[{"href":"http:\/\/fmriachuelo.it10.com.ar\/index.php\/wp-json\/wp\/v2\/posts\/4595","targetHints":{"allow":["GET"]}}],"collection":[{"href":"http:\/\/fmriachuelo.it10.com.ar\/index.php\/wp-json\/wp\/v2\/posts"}],"about":[{"href":"http:\/\/fmriachuelo.it10.com.ar\/index.php\/wp-json\/wp\/v2\/types\/post"}],"author":[{"embeddable":true,"href":"http:\/\/fmriachuelo.it10.com.ar\/index.php\/wp-json\/wp\/v2\/users\/4"}],"replies":[{"embeddable":true,"href":"http:\/\/fmriachuelo.it10.com.ar\/index.php\/wp-json\/wp\/v2\/comments?post=4595"}],"version-history":[{"count":0,"href":"http:\/\/fmriachuelo.it10.com.ar\/index.php\/wp-json\/wp\/v2\/posts\/4595\/revisions"}],"wp:featuredmedia":[{"embeddable":true,"href":"http:\/\/fmriachuelo.it10.com.ar\/index.php\/wp-json\/"}],"wp:attachment":[{"href":"http:\/\/fmriachuelo.it10.com.ar\/index.php\/wp-json\/wp\/v2\/media?parent=4595"}],"wp:term":[{"taxonomy":"category","embeddable":true,"href":"http:\/\/fmriachuelo.it10.com.ar\/index.php\/wp-json\/wp\/v2\/categories?post=4595"},{"taxonomy":"post_tag","embeddable":true,"href":"http:\/\/fmriachuelo.it10.com.ar\/index.php\/wp-json\/wp\/v2\/tags?post=4595"}],"curies":[{"name":"wp","href":"https:\/\/api.w.org\/{rel}","templated":true}]}}