{"id":4592,"date":"2017-05-19T20:58:12","date_gmt":"2017-05-19T20:58:12","guid":{"rendered":"http:\/\/fmriachuelo.com.ar\/ljkjklj\/?p=4592"},"modified":"2017-05-19T20:58:12","modified_gmt":"2017-05-19T20:58:12","slug":"la-verdad-de-venezuela-la-voz-del-23-de-enero","status":"publish","type":"post","link":"http:\/\/fmriachuelo.it10.com.ar\/index.php\/2017\/05\/19\/la-verdad-de-venezuela-la-voz-del-23-de-enero\/","title":{"rendered":"LA VERDAD DE VENEZUELA, LA VOZ DEL 23 DE ENERO"},"content":{"rendered":"<h1 style=\"line-height: 31.3pt;background: white;margin: 0cm 0cm 4.4pt 0cm\"><span style=\"font-size: 25.5pt;font-family: 'Roboto Slab','serif';color: #111111;font-weight: normal\">JUAN CONTRERAS: \u00bfSE LEVANTA EL 23?<\/span><\/h1>\n<p>(Por Douglas Bolivar \/ Supuesto Negado\u00a017\u00a0Mayo, 2017) Un m\u00f3dulo del Saime (muy concurrido), un infocentro, una sucursal de Fundafauna, la Escuela Comunitaria de Idiomas Modernos \u201cFrancisco de Miranda\u201d (ense\u00f1an ingl\u00e9s a grupos de 100 personas y es dictado por cinco profesores egresados de la UCV), una escuela de percusi\u00f3n dirigida por \u201cel sonero cl\u00e1sico del Caribe\u201d, el Club de Abuelos \u201cFreddy Parra\u201d y la distribuci\u00f3n cada 21 d\u00edas de las cajas Clap a los bloques 18, 19 y 25 peque\u00f1o, adem\u00e1s de la sede de la emisora radial Al son del 23 (94.7 FM), son algunas de las tareas sociales que se ejecutan desde la sede de la Coordinadora Sim\u00f3n Bol\u00edvar: Casa de Encuentro Bolivariana \u201cFreddy Parra\u201d.Esta enorme e indiscutible labor es coordinada por Juan Contreras, un emblema del 23 de Enero, con quien conversamos sobre el pa\u00eds y el mundo.<\/p>\n<h3><strong>\u00bfPor qu\u00e9 lo que ocurre en Altamira no ocurre en la avenida Sucre?<\/strong><\/h3>\n<p>-Porque las cosas en este pa\u00eds cambiaron luego del triunfo del comandante Ch\u00e1vez. Hoy este pueblo tiene mayor conciencia y, sencillamente, ese 80% que en la Cuarta Rep\u00fablica no ten\u00eda rostro en estos 18 a\u00f1os ha tomado cuerpo propio. Tiene conciencia y le est\u00e1 apostando a lo que el comandante Ch\u00e1vez nos vendi\u00f3 como el \u201cEstado comunal\u201d.<\/p>\n<p>-Particularmente veo al \u201cEstado comunal\u201d como la transici\u00f3n a la construcci\u00f3n del socialismo bolivariano que hay que construir desde abajo. La gente que vive en los sectores como Catia, 23 de Enero, Propatria y Lomas de Urdaneta es la que se ha favorecido en estos 18 a\u00f1os: educaci\u00f3n, salud, vivienda, trabajo digno y recreaci\u00f3n. Lo que necesita un ser humano para vivir bien en cualquier parte del mundo. Las misiones han elevado el nivel de vida de nuestra poblaci\u00f3n. El socialismo en uno no es el socialismo del siglo XXI, es el socialismo en el siglo XXI.<\/p>\n<h3><strong>Se supone que la oposici\u00f3n ha querido y ha intentado levantar a la emblem\u00e1tica comunidad del 23 de Enero. \u00bfPor qu\u00e9 no ha podido?<\/strong><\/h3>\n<p>-Porque estas comunidades est\u00e1n casadas, yo no dir\u00eda que con el Gobierno, sino con el proceso.<\/p>\n<h3><strong>\u00bfMantienen un monitoreo social en la parroquia para tratar de saber en qu\u00e9 concentra sus esfuerzos la oposici\u00f3n?<\/strong><\/h3>\n<p>-S\u00ed, por supuesto. Ellos han tratado de hacer cosas que prendan los motores. Sin embargo, eso no ha sido posible. En el 23 de Enero hay una carga hist\u00f3rica bien importante: ciento y pico de m\u00e1rtires.<\/p>\n<p>Contreras aprovecha la menci\u00f3n para asegurar que la parroquia tiene m\u00e1s m\u00e1rtires que las tres grandes masacres en Venezuela: Cantaura (4 octubre 1982), Yumare (8 mayo de 1986), El Amparo (29 de octubre 1988).<\/p>\n<p>-El 23 de Enero tiene m\u00e1s muertos que estas tres masacres.<\/p>\n<p>-Hubo una pol\u00edtica de masacre y exterminio contra el 23 de Enero, y esa carga que vivi\u00f3 nuestra comunidad sigue estando presente. Esa radiograf\u00eda la tiene bien clara nuestro pueblo y en particular la comunidad del 23 de Enero.<\/p>\n<h3><strong>\u00bfEsa carga hist\u00f3rica se acrecienta con que la presencia de los restos f\u00edsicos del comandante Ch\u00e1vez reposen en la parroquia?<\/strong><\/h3>\n<p>-Tambi\u00e9n eso juega en esa carga hist\u00f3rica. El Cuartel de la Monta\u00f1a era el viejo cuartel Cipriano Castro, construido a partir de 1903 e inaugurado en 1907. Hasta 1950 fue la Escuela Militar de Venezuela, lo que es hoy la Academia Militar. Hasta 1981 fue el Ministerio de la Defensa y cuando llega el comandante Ch\u00e1vez, despu\u00e9s de su muerte, se convirti\u00f3 en el Cuartel de la Monta\u00f1a, porque Ch\u00e1vez dice que all\u00ed volvi\u00f3 a nacer, porque all\u00ed instal\u00f3 su estado mayor y all\u00ed lo han podido matar.<\/p>\n<p>\u201cEsa carga hist\u00f3rica nos acompa\u00f1a. El hecho de que lleguen los restos del comandante Ch\u00e1vez es doble el compromiso y doble esa carga hist\u00f3rica\u201d.<\/p>\n<h3><strong>\u00bfLos opositores de la parroquia se inhiben cuando los convocan a cacerolear?<\/strong><\/h3>\n<p>-Han caceroleado, no tenemos por qu\u00e9 negarlo. Incluso hay quienes se atreven a montar una bandera, pero muy poca gente los sigue, porque hay una buena cantidad de militantes de ellos que nunca hicieron nada por la comunidad.<\/p>\n<h3><strong>\u00bfCu\u00e1l es la intensidad de los cacerolazos?<\/strong><\/h3>\n<p>-Muy poca, con toda sinceridad. En un momento puede que hacia alg\u00fan lado se escuchen 10 o 20 personas, pero en un bloque hay 150 apartamento y en los s\u00faper bloques 300.<\/p>\n<h3><strong>\u00bfHay retaliaciones de la comunidad contra quienes tocan cacerolas? \u00bfLes hacen bullyng como ahorita est\u00e1n haciendo los antichavistas que est\u00e1n persiguiendo a los chavistas?<\/strong><\/h3>\n<p>-En el 23 de Enero no se ha presentado esa situaci\u00f3n.<\/p>\n<h3><strong>\u00bfHan tocado cacerolas libremente, sin miedo a que despu\u00e9s los cerquen?<\/strong><\/h3>\n<p>-Las organizaciones sociales tienen su cuna en el 23 de Enero, y no se ve en radio o televisi\u00f3n denuncias de que est\u00e9n matando a un escu\u00e1lido u opositor. Que le han quemado la puerta o el carro. No hay ning\u00fan m\u00e9todo de violencia contra ellos ni de persecuci\u00f3n.<\/p>\n<p>La situaci\u00f3n de asedio de Estados Unidos contra Venezuela es tema de preocupaci\u00f3n para Contreras, quien dice que no hay dudas de que el sector pudiente recibe \u00f3rdenes de Washington.<\/p>\n<p>-Lo que hay contra Venezuela es una contraofensiva del imperio que tiene por Am\u00e9rica Latina.<\/p>\n<p>Esgrime los casos de Libia, Irak y Siria. \u201cNos est\u00e1n dando un poquito de eso y poquito de lo que le dieron a Colombia en los 80 con Pablo Escobar, y en los 90. A nosotros est\u00e1n aplic\u00e1ndonos eso con la droga y paramilitares. Es una contrarrevoluci\u00f3n: nos est\u00e1n haciendo lo mismo que Nicaragua para que la gente dijera que votar por el sandinismo era votar a favor de la guerra. Nos est\u00e1n haciendo algo de eso: votar por la opci\u00f3n bolivariana es votar por los asesinatos a diario.<\/p>\n<p>Se\u00f1ala que el poder econ\u00f3mico se mont\u00f3 \u201csobre los errores que ha cometido el proceso bolivariano en cuanto al tema de la corrupci\u00f3n y la situaci\u00f3n de Cadivi, y han cabalgado con un libreto desde el imperio\u201d.<\/p>\n<p>Est\u00e1 de acuerdo con la convocatoria a una Asamblea Nacional Constituyente, pero \u201ccon olor de pueblo, es decir, los que estamos aqu\u00ed abajo sentimos que debemos apoyar el tema de la constituyente, no solo para blindar los aspectos que ha se\u00f1alado el presidente Maduro y algunos especialistas como Hermann Escarr\u00e1\u201d.<\/p>\n<p>-Por ejemplo: \u201cLa Constituci\u00f3n del 99 no contempl\u00f3 el castigo para personas que queman carros y que su pr\u00e1ctica de rechazo al proceso bolivariano es m\u00e1s de terrorista que de una protesta social\u201d.<\/p>\n<p>-\u201cNosotros tambi\u00e9n queremos sanciones para los corruptos. No es posible que regrese Rosales, que se rob\u00f3 una cantidad de dinero, y hoy est\u00e9 disfrutando tranquilo de la libertad y del dinero mal habido\u201d.<\/p>\n<p>Otra condici\u00f3n que Contreras expone para discutir su inclusi\u00f3n en la Constituci\u00f3n es que \u201cno vuelvan a participar por un cargo p\u00fablico a quienes se llevaron el dinero de Cadivi\u201d y que quienes se deseen postular a la constituyente \u201cpor lo menos tengan dos a\u00f1os fuera de un cargo p\u00fablico, porque si no ser\u00eda lo mismo\u201d.<\/p>\n<p>-\u201cSi es popular ah\u00ed deben estar los pata en el suelo, los que le olemos mal a mucha gente\u201d.<\/p>\n<h3><strong>La oposici\u00f3n ahora dice que la Constituci\u00f3n de 1999 es una maravilla y que Nicol\u00e1s pretende destruirla.<\/strong><\/h3>\n<p>-Es una trampa argumentativa, un gancho para ellos tratar de valerse de una Constituci\u00f3n en la que ellos mismos no cre\u00edan porque la despreciaban. Ahora la est\u00e1n utilizando.<\/p>\n<p>______________________<\/p>\n<p>&nbsp;<\/p>\n","protected":false},"excerpt":{"rendered":"<p>JUAN CONTRERAS: \u00bfSE LEVANTA EL 23? (Por Douglas Bolivar \/ Supuesto Negado\u00a017\u00a0Mayo, 2017) Un m\u00f3dulo del Saime (muy concurrido), un infocentro, una sucursal de Fundafauna, la Escuela Comunitaria de Idiomas Modernos \u201cFrancisco de Miranda\u201d (ense\u00f1an ingl\u00e9s a grupos de 100 personas y es dictado por cinco profesores egresados de la UCV), una escuela de percusi\u00f3n [&hellip;]<\/p>\n","protected":false},"author":4,"featured_media":4593,"comment_status":"open","ping_status":"open","sticky":false,"template":"","format":"standard","meta":{"_monsterinsights_skip_tracking":false,"_monsterinsights_sitenote_active":false,"_monsterinsights_sitenote_note":"","_monsterinsights_sitenote_category":0,"jnews-multi-image_gallery":[],"jnews_single_post":[],"jnews_primary_category":[],"_joinchat":[],"footnotes":""},"categories":[79],"tags":[],"class_list":["post-4592","post","type-post","status-publish","format-standard","has-post-thumbnail","hentry","category-nadie-se-salva-solo"],"_links":{"self":[{"href":"http:\/\/fmriachuelo.it10.com.ar\/index.php\/wp-json\/wp\/v2\/posts\/4592","targetHints":{"allow":["GET"]}}],"collection":[{"href":"http:\/\/fmriachuelo.it10.com.ar\/index.php\/wp-json\/wp\/v2\/posts"}],"about":[{"href":"http:\/\/fmriachuelo.it10.com.ar\/index.php\/wp-json\/wp\/v2\/types\/post"}],"author":[{"embeddable":true,"href":"http:\/\/fmriachuelo.it10.com.ar\/index.php\/wp-json\/wp\/v2\/users\/4"}],"replies":[{"embeddable":true,"href":"http:\/\/fmriachuelo.it10.com.ar\/index.php\/wp-json\/wp\/v2\/comments?post=4592"}],"version-history":[{"count":0,"href":"http:\/\/fmriachuelo.it10.com.ar\/index.php\/wp-json\/wp\/v2\/posts\/4592\/revisions"}],"wp:featuredmedia":[{"embeddable":true,"href":"http:\/\/fmriachuelo.it10.com.ar\/index.php\/wp-json\/"}],"wp:attachment":[{"href":"http:\/\/fmriachuelo.it10.com.ar\/index.php\/wp-json\/wp\/v2\/media?parent=4592"}],"wp:term":[{"taxonomy":"category","embeddable":true,"href":"http:\/\/fmriachuelo.it10.com.ar\/index.php\/wp-json\/wp\/v2\/categories?post=4592"},{"taxonomy":"post_tag","embeddable":true,"href":"http:\/\/fmriachuelo.it10.com.ar\/index.php\/wp-json\/wp\/v2\/tags?post=4592"}],"curies":[{"name":"wp","href":"https:\/\/api.w.org\/{rel}","templated":true}]}}