{"id":459,"date":"2015-05-13T03:00:00","date_gmt":"2015-05-13T03:00:00","guid":{"rendered":"http:\/\/fmriachuelo.observatorioess.org.ar\/index.php\/2015\/05\/13\/reinstalan-la-carpa-villera-en-el-obelisco-por-ausencia-de-atencion-a-emergencias\/"},"modified":"2025-03-28T16:43:10","modified_gmt":"2025-03-28T19:43:10","slug":"reinstalan-la-carpa-villera-en-el-obelisco-por-ausencia-de-atencion-a-emergencias","status":"publish","type":"post","link":"http:\/\/fmriachuelo.it10.com.ar\/index.php\/2015\/05\/13\/reinstalan-la-carpa-villera-en-el-obelisco-por-ausencia-de-atencion-a-emergencias\/","title":{"rendered":"REINSTALAN LA CARPA VILLERA EN EL OBELISCO POR AUSENCIA DE ATENCI\u00d3N A EMERGENCIAS"},"content":{"rendered":"<p><span style=\"color: red;font-family: Verdana, sans-serif;font-size: large\"><strong>LAS POL\u00cdTICAS DEL GOBIERNO DE LA CIUDAD<\/strong><\/span><br \/><span style=\"font-family: Verdana, sans-serif\"><strong>EN RECLAMO DE UN SISTEMA DE EMERGENCIAS PARA LOS HABITANTES DE LAS VILLAS. <\/strong><\/span><br \/><strong><span style=\"font-family: Verdana\">Actualizamos:<\/span><\/strong><br \/><span style=\"font-family: Verdana\">Escuchamos el testimonio de <a href=\"http:\/\/www.mediafire.com\/listen\/ag34heaap0b143n\/ENTREVISTA_A_GABRIELA_MURUA_-LA_POROTA_-_VECINA_DEL_BAJO_FLORES_ACAMPE_VILLERO.mp3\"><strong>GABRIELA MURUA, LA POROTA, VECINA DE LA VILLA DEL BAJO FLORES<\/strong><\/a><strong>&nbsp;<\/strong>que hizo declaraciones en <strong>Romp\u00e9 el Cerco Informativo <\/strong>por<strong> <span style=\"color: red\">Fm Riachuelo.<\/span><\/strong><\/span><br \/><span style=\"font-family: Verdana, sans-serif\"><\/span><\/p>\n<div style=\"clear: both;text-align: center\"><span style=\"font-family: Verdana, sans-serif\"><strong style=\"clear: left;float: left;margin-bottom: 1em;margin-right: 1em\"><img loading=\"lazy\" decoding=\"async\" border=\"0\" height=\"212\" src=\"http:\/\/3.bp.blogspot.com\/--ji72267Cbc\/VVEdCMK_MmI\/AAAAAAAAEQw\/yUIdKVHP0Ec\/s320\/cv.jpg\" width=\"320\" \/><\/strong><\/span><\/div>\n<p><span style=\"font-family: Verdana, sans-serif\"><\/span><\/p>\n<div style=\"text-align: justify\"><span style=\"font-family: Verdana, sans-serif\"><strong>[11\/05\/15]Nuevamente los habitantes de los barrios m\u00e1s postergados de la ciudad, necesitan recurrir a visibilizar las necesidades que este Gobierno de la Ciudad se empe\u00f1a en negarles.&nbsp;<\/strong><\/span><\/div>\n<p><span style=\"font-family: Verdana, sans-serif\"><\/span><\/p>\n<div style=\"text-align: justify\"><span style=\"font-family: Verdana, sans-serif\">\u00abEl a\u00f1o pasado, la carpa villera que permaneci\u00f3 53 d\u00edas bajo el reclamo de la urbanizaci\u00f3n de los asentamientos, logr\u00f3 que nos pusieran cuatro ambulancias. Afirm\u00f3 el referente de la Corriente Villera Independiente y continu\u00f3: a partir de esa protesta, que incluy\u00f3 una extensa huelga de hambre, conseguimos \u00abque cuatro ambulancias entren a la Villa 31, y a los asentamientos de Lugano, Barracas, y Bajo Flores pero trabajan solo ocho horas y gracias a que los vecinos \u00abnos ocupamos de todo\u00bb.<\/span><br \/><span style=\"font-family: Verdana, sans-serif\">\u00abEl gobierno s\u00f3lo mand\u00f3 las ambulancias.&nbsp;&nbsp;El dirigente. Rafael Klejzer,&nbsp;de la Corriente Villera Independiente inform\u00f3 que \u00ablas cuatro ambulancias que funcionan desde el a\u00f1o pasado en esos cuatro asentamientos circulan gracias al aporte de los vecinos, que pagan el combustible, y a los camilleros\u00bb. <\/span><\/div>\n<p><span style=\"font-family: Verdana, sans-serif\">La carpa, que se levant\u00f3 en el mismo lugar donde estuvo hasta el 13 de junio de 2014, reclama que las ambulancias trabajen durante las 24 horas del d\u00eda y que el gobierno porte\u00f1o nombre y pague los sueldos de los m\u00e9dicos, que deben ser tres por turno\u00bb.<br \/><span style=\"color: blue\">Fuente: Telam, Producci\u00f3n Riachuelo<\/span><\/span><\/p>\n","protected":false},"excerpt":{"rendered":"<p>LAS POL\u00cdTICAS DEL GOBIERNO DE LA CIUDADEN RECLAMO DE UN SISTEMA DE EMERGENCIAS PARA LOS HABITANTES DE LAS VILLAS. Actualizamos:Escuchamos el testimonio de GABRIELA MURUA, LA POROTA, VECINA DE LA VILLA DEL BAJO FLORES&nbsp;que hizo declaraciones en Romp\u00e9 el Cerco Informativo por Fm Riachuelo. [11\/05\/15]Nuevamente los habitantes de los barrios m\u00e1s postergados de la ciudad, [&hellip;]<\/p>\n","protected":false},"author":4,"featured_media":0,"comment_status":"open","ping_status":"open","sticky":false,"template":"","format":"standard","meta":{"_monsterinsights_skip_tracking":false,"_monsterinsights_sitenote_active":false,"_monsterinsights_sitenote_note":"","_monsterinsights_sitenote_category":0,"jnews-multi-image_gallery":[],"jnews_single_post":{"format":"standard"},"jnews_primary_category":[],"_joinchat":[],"footnotes":""},"categories":[58],"tags":[81,147,103],"class_list":["post-459","post","type-post","status-publish","format-standard","hentry","category-noticiariachuelo","tag-aguafuertes-portenas","tag-habitat","tag-movimientos-populares"],"_links":{"self":[{"href":"http:\/\/fmriachuelo.it10.com.ar\/index.php\/wp-json\/wp\/v2\/posts\/459","targetHints":{"allow":["GET"]}}],"collection":[{"href":"http:\/\/fmriachuelo.it10.com.ar\/index.php\/wp-json\/wp\/v2\/posts"}],"about":[{"href":"http:\/\/fmriachuelo.it10.com.ar\/index.php\/wp-json\/wp\/v2\/types\/post"}],"author":[{"embeddable":true,"href":"http:\/\/fmriachuelo.it10.com.ar\/index.php\/wp-json\/wp\/v2\/users\/4"}],"replies":[{"embeddable":true,"href":"http:\/\/fmriachuelo.it10.com.ar\/index.php\/wp-json\/wp\/v2\/comments?post=459"}],"version-history":[{"count":1,"href":"http:\/\/fmriachuelo.it10.com.ar\/index.php\/wp-json\/wp\/v2\/posts\/459\/revisions"}],"predecessor-version":[{"id":23407,"href":"http:\/\/fmriachuelo.it10.com.ar\/index.php\/wp-json\/wp\/v2\/posts\/459\/revisions\/23407"}],"wp:attachment":[{"href":"http:\/\/fmriachuelo.it10.com.ar\/index.php\/wp-json\/wp\/v2\/media?parent=459"}],"wp:term":[{"taxonomy":"category","embeddable":true,"href":"http:\/\/fmriachuelo.it10.com.ar\/index.php\/wp-json\/wp\/v2\/categories?post=459"},{"taxonomy":"post_tag","embeddable":true,"href":"http:\/\/fmriachuelo.it10.com.ar\/index.php\/wp-json\/wp\/v2\/tags?post=459"}],"curies":[{"name":"wp","href":"https:\/\/api.w.org\/{rel}","templated":true}]}}