{"id":4583,"date":"2017-05-19T00:45:51","date_gmt":"2017-05-19T00:45:51","guid":{"rendered":"http:\/\/fmriachuelo.com.ar\/ljkjklj\/?p=4583"},"modified":"2017-05-19T00:45:51","modified_gmt":"2017-05-19T00:45:51","slug":"venezuela-no-esta-sola-solidaridad-de-las-organizaciones-populares-en-argentina","status":"publish","type":"post","link":"http:\/\/fmriachuelo.it10.com.ar\/index.php\/2017\/05\/19\/venezuela-no-esta-sola-solidaridad-de-las-organizaciones-populares-en-argentina\/","title":{"rendered":"VENEZUELA NO EST\u00c1 SOLA, SOLIDARIDAD DE LAS ORGANIZACIONES POPULARES EN ARGENTINA"},"content":{"rendered":"<p>[FM Riachuelo 18\/05\/2017] El pr\u00f3ximo s\u00e1bado 20 de mayo, las organizaciones populares de la Argentina se autoconvocaron para expresar un <span><strong><a style=\"color: #ff0000\" href=\"http:\/\/fmriachuelo.com.ar\/ljkjklj\/blog\/2017\/05\/19\/abrazo-solidario-a-la-revolucion-bolivariana\/\">\u00abABRAZO SOLIDARIO A LA REVOLUCI\u00d3N BOLIVARIANA\u00bb <\/a><span style=\"color: #ff0000\">\u00a0<\/span><span style=\"color: #000000\">.\u00a0<\/span><\/strong><\/span>\u00a0Con una concentraci\u00f3n que se realizar\u00e1 a las 16 hs. frente a la Embajada de la Rep\u00fablica Bolivariana de Venezuela, para expresar su solidaridad con el pueblo y el gobierno de Nicol\u00e1s Maduro,\u00a0\u00a0 frente a la escalada imperialista que asola al hermano pa\u00eds y que en nuestro pa\u00eds amenaza a sus m\u00e1ximos representantes con amenazas de muerte, que parecer\u00edan contar con complicidades desde el propio gobierno nacional.<\/p>\n<p>En la tarde de hoy entrevistamos al Secretario de Derechos Humanos de la CTEP, Lito Borello, que se expres\u00f3 sobre esta grave situaci\u00f3n que amenaza toda la regi\u00f3n, a partir de la espiral de violencia que crece en la Rep\u00fablica Bolivariana de Venezuela. Escuchalo a continuaci\u00f3n:<\/p>\n<p>En el d\u00eda de ayer, el embajador de la Rep\u00fablica Bolivariana de Venezuela, \u00a0en Argentina, \u00a0Carlos Mart\u00ednez Mendoza, en rueda de prensa denunci\u00f3 las amenazas de muerte que viene sufriendo, a trav\u00e9s de las redes sociales. Tambi\u00e9n aclar\u00f3\u00a0que en la noche del pasado martes se reprodujeron fotos de su vivienda con textos amenazantes en el que est\u00e1n involucrados venezolanos que residen en Argentina. Al mismo tiempo sostuvo que han sido\u00a0identificadas dos personas, \u00a0 funcionarios del gobierno argentino, \u00a0que est\u00e1n apoyando a la oposici\u00f3n venezolana en su intento desestabilizador contra el gobierno de Nicol\u00e1s Maduro. \u00a0El embajador desminti\u00f3 enf\u00e1ticamente que las manifestaciones que se vienen produciendo en su pa\u00eds sean \u00abpac\u00edficas\u00bb y expres\u00f3 que \u00abson grupos violentos arropados por la oposici\u00f3n\u00bb, dijo, sosteniendo que se trata de una escalada y un plan regional para derrocar al gobierno de Nicol\u00e1s Maduro.<\/p>\n","protected":false},"excerpt":{"rendered":"<p>[FM Riachuelo 18\/05\/2017] El pr\u00f3ximo s\u00e1bado 20 de mayo, las organizaciones populares de la Argentina se autoconvocaron para expresar un \u00abABRAZO SOLIDARIO A LA REVOLUCI\u00d3N BOLIVARIANA\u00bb \u00a0.\u00a0\u00a0Con una concentraci\u00f3n que se realizar\u00e1 a las 16 hs. frente a la Embajada de la Rep\u00fablica Bolivariana de Venezuela, para expresar su solidaridad con el pueblo y el [&hellip;]<\/p>\n","protected":false},"author":4,"featured_media":4590,"comment_status":"open","ping_status":"open","sticky":false,"template":"","format":"standard","meta":{"_monsterinsights_skip_tracking":false,"_monsterinsights_sitenote_active":false,"_monsterinsights_sitenote_note":"","_monsterinsights_sitenote_category":0,"jnews-multi-image_gallery":[],"jnews_single_post":[],"jnews_primary_category":[],"_joinchat":[],"footnotes":""},"categories":[79],"tags":[],"class_list":["post-4583","post","type-post","status-publish","format-standard","has-post-thumbnail","hentry","category-nadie-se-salva-solo"],"_links":{"self":[{"href":"http:\/\/fmriachuelo.it10.com.ar\/index.php\/wp-json\/wp\/v2\/posts\/4583","targetHints":{"allow":["GET"]}}],"collection":[{"href":"http:\/\/fmriachuelo.it10.com.ar\/index.php\/wp-json\/wp\/v2\/posts"}],"about":[{"href":"http:\/\/fmriachuelo.it10.com.ar\/index.php\/wp-json\/wp\/v2\/types\/post"}],"author":[{"embeddable":true,"href":"http:\/\/fmriachuelo.it10.com.ar\/index.php\/wp-json\/wp\/v2\/users\/4"}],"replies":[{"embeddable":true,"href":"http:\/\/fmriachuelo.it10.com.ar\/index.php\/wp-json\/wp\/v2\/comments?post=4583"}],"version-history":[{"count":0,"href":"http:\/\/fmriachuelo.it10.com.ar\/index.php\/wp-json\/wp\/v2\/posts\/4583\/revisions"}],"wp:featuredmedia":[{"embeddable":true,"href":"http:\/\/fmriachuelo.it10.com.ar\/index.php\/wp-json\/"}],"wp:attachment":[{"href":"http:\/\/fmriachuelo.it10.com.ar\/index.php\/wp-json\/wp\/v2\/media?parent=4583"}],"wp:term":[{"taxonomy":"category","embeddable":true,"href":"http:\/\/fmriachuelo.it10.com.ar\/index.php\/wp-json\/wp\/v2\/categories?post=4583"},{"taxonomy":"post_tag","embeddable":true,"href":"http:\/\/fmriachuelo.it10.com.ar\/index.php\/wp-json\/wp\/v2\/tags?post=4583"}],"curies":[{"name":"wp","href":"https:\/\/api.w.org\/{rel}","templated":true}]}}