{"id":458,"date":"2015-05-13T13:49:00","date_gmt":"2015-05-13T13:49:00","guid":{"rendered":"http:\/\/fmriachuelo.observatorioess.org.ar\/index.php\/2015\/05\/13\/caba-un-nuevo-caso-de-gatillo-facil\/"},"modified":"2025-03-28T16:43:43","modified_gmt":"2025-03-28T19:43:43","slug":"caba-un-nuevo-caso-de-gatillo-facil","status":"publish","type":"post","link":"http:\/\/fmriachuelo.it10.com.ar\/index.php\/2015\/05\/13\/caba-un-nuevo-caso-de-gatillo-facil\/","title":{"rendered":"CABA: UN NUEVO CASO DE GATILLO FACIL"},"content":{"rendered":"<p><span style=\"color: red;font-family: Verdana, sans-serif;font-size: large\"><strong>\u00a1NI UN PIBE MENOS!<\/strong><\/span><br \/><span style=\"font-family: Verdana, sans-serif\"><strong>Denuncian que un polic\u00eda mat\u00f3 a un alumno del Isauro Arancibia<\/strong><\/span><br \/><span style=\"font-family: Verdana\">Escuch\u00e1 el testimonio de la&nbsp;directora de la instituci\u00f3n <a href=\"http:\/\/www.mediafire.com\/listen\/cr5q9pv48grvcjv\/05-12-2015_-_ENTR._A_SUSANA_REYES_-_DIRECT._ISAURO_ARANCIBIA.mp3\"><span style=\"color: blue\"><strong>SUSANA REYES<\/strong><\/span><\/a><strong>&nbsp;en <\/strong>el programa <strong>Romp\u00e9 el Cerco Informativo <\/strong>por<strong> <span style=\"color: red\">Fm Riachuelo<\/span><\/strong><\/span><br \/><strong><span style=\"color: red;font-family: Verdana\"><\/span><\/strong><\/p>\n<div style=\"clear: both;text-align: center\"><a href=\"http:\/\/2.bp.blogspot.com\/-WQ2PnfvZiNY\/VVNJ8vpmZ6I\/AAAAAAAAEUE\/KYjOEJSiU9s\/s1600\/isauro.jpg\" style=\"clear: left;float: left;margin-bottom: 1em;margin-right: 1em\"><img loading=\"lazy\" decoding=\"async\" border=\"0\" height=\"213\" src=\"http:\/\/2.bp.blogspot.com\/-WQ2PnfvZiNY\/VVNJ8vpmZ6I\/AAAAAAAAEUE\/KYjOEJSiU9s\/s320\/isauro.jpg\" width=\"320\" \/><\/a><\/div>\n<p><span style=\"font-family: Verdana, sans-serif\">Docentes y alumnos del Isauro Arancibia, el sindicato docente UTE y organismos de DDHH, denunciar\u00e1n en la Legislatura que Roberto Claudio Autero fue asesinado por un polic\u00eda de la Metropolitana en febrero.<\/span><br \/><span style=\"font-family: Verdana\"><\/span><\/p>\n<div style=\"text-align: justify\"><span style=\"font-family: Verdana, sans-serif\">\u201cLa madrugada del s\u00e1bado 7 de febrero, un grupo de j\u00f3venes entre los que se encontraba Roberto fue visto por el agente metropolitano Sebasti\u00e1n Ezequiel Torres en las cercan\u00edas de un autom\u00f3vil estacionado en la calle Rosario, entre Viel y Beauchef\u201d, informa un comunicado de la agrupaci\u00f3n Seamos Libres.<\/p>\n<p>\u201cTorres consider\u00f3 que los chicos se encontraban en una actitud sospechosa, por lo que dio la voz de alto. Al escucharlo, los j\u00f3venes corrieron en distintas direcciones, pero el efectivo dispar\u00f3 su arma reglamentaria, alcanzando a Roberto en la nuca, que muri\u00f3 al instante\u201d, agregaron.<\/span><br \/><a name='more'><\/a><span style=\"font-family: Verdana, sans-serif\"><br \/>Torres dijo que fue Roberto quien se dio vuelta para dispararle y que \u00e9l dispar\u00f3 para defenderse, y asegur\u00f3 que la bala se introdujo entre las dos cejas del chico. Sin embargo, su relato se contradice con los resultados de la autopsia judicial, que confirman que la bala ingres\u00f3 por la nuca y sali\u00f3 por la frente.<\/p>\n<p>De la conferencia participaron la directora del Isauro Arancibia, Susana Reyes; legisladores, representantes del Centro de Estudios Legales y Sociales (CELS), de la Asamblea Permanente por los Derechos Humanos de La Matanza y de la Direcci\u00f3n de Orientaci\u00f3n, Acompa\u00f1amiento y Protecci\u00f3n a V\u00edctimas de la Procuraci\u00f3n General de la Naci\u00f3n.<\/p>\n<p>Los docentes del Arancibia difundieron esta carta:<\/p>\n<p>\u201cQue un polic\u00eda de la metropolitana asesine a un chico de 16 a\u00f1os por la espalda no es noticia. Las v\u00edctimas de gatillo f\u00e1cil no son noticia,<br \/> \u00bfPorque son pobres?<br \/> \u00bfPorque no son ni\u00f1os?<br \/> \u00bfPorque no son importantes?<br \/> \u00bfPorque sobran?<br \/> \u00bfporque un sector de la sociedad los ubica como los responsables de \u201cla falta de seguridad\u201d?.<\/p>\n<p>Hace meses que estamos tratando de averiguar qu\u00e9 ocurri\u00f3 y de saber qu\u00e9 acciones legales se iniciar\u00e1n para hacer justicia por Roberto.<\/p>\n<p>Los y las estudiantes del Isauro Arancibia son todos Robertito, chicas y chicos pobres, desprotegidos, abandonados por las pol\u00edticas excluyentes del gobierno de la ciudad.<br \/> Estos chicos\/as, primero por la Dictadura y luego por los gobiernos neoliberales, fueron condenados a no poder gozar de sus derechos inalienables.<br \/> Ellos, los percibidos como peligrosos son los que estuvieron y est\u00e1n en peligro.<\/p>\n<p>LOS MAESTROS Y MAESTRAS DEL CENTRO EDUCATIVO ISAURO ARANCIBIA EXIGIMOS JUSTICIA POR ROBERTITO Y<br \/> POL\u00cdTICAS P\u00daBLICAS DE PROTECCION A LOS CHICOS Y CHICAS EN SITUACI\u00d3N DE VULNERABILIDAD SOCIAL.<\/p>\n<p>BASTA DE BANCOS VAC\u00cdOS<\/p>\n<p> <span style=\"color: blue\">Fuente: Diario Z, Romp\u00e9 el Cerco Informativo, &nbsp;Producci\u00f3n Riachuelo<\/span><\/span><br \/>&nbsp;<\/div>\n","protected":false},"excerpt":{"rendered":"<p>\u00a1NI UN PIBE MENOS!Denuncian que un polic\u00eda mat\u00f3 a un alumno del Isauro ArancibiaEscuch\u00e1 el testimonio de la&nbsp;directora de la instituci\u00f3n SUSANA REYES&nbsp;en el programa Romp\u00e9 el Cerco Informativo por Fm Riachuelo Docentes y alumnos del Isauro Arancibia, el sindicato docente UTE y organismos de DDHH, denunciar\u00e1n en la Legislatura que Roberto Claudio Autero fue [&hellip;]<\/p>\n","protected":false},"author":4,"featured_media":0,"comment_status":"open","ping_status":"open","sticky":false,"template":"","format":"standard","meta":{"_monsterinsights_skip_tracking":false,"_monsterinsights_sitenote_active":false,"_monsterinsights_sitenote_note":"","_monsterinsights_sitenote_category":0,"jnews-multi-image_gallery":[],"jnews_single_post":{"format":"standard"},"jnews_primary_category":[],"_joinchat":[],"footnotes":""},"categories":[58],"tags":[89],"class_list":["post-458","post","type-post","status-publish","format-standard","hentry","category-noticiariachuelo","tag-violencia-institucional"],"_links":{"self":[{"href":"http:\/\/fmriachuelo.it10.com.ar\/index.php\/wp-json\/wp\/v2\/posts\/458","targetHints":{"allow":["GET"]}}],"collection":[{"href":"http:\/\/fmriachuelo.it10.com.ar\/index.php\/wp-json\/wp\/v2\/posts"}],"about":[{"href":"http:\/\/fmriachuelo.it10.com.ar\/index.php\/wp-json\/wp\/v2\/types\/post"}],"author":[{"embeddable":true,"href":"http:\/\/fmriachuelo.it10.com.ar\/index.php\/wp-json\/wp\/v2\/users\/4"}],"replies":[{"embeddable":true,"href":"http:\/\/fmriachuelo.it10.com.ar\/index.php\/wp-json\/wp\/v2\/comments?post=458"}],"version-history":[{"count":1,"href":"http:\/\/fmriachuelo.it10.com.ar\/index.php\/wp-json\/wp\/v2\/posts\/458\/revisions"}],"predecessor-version":[{"id":23408,"href":"http:\/\/fmriachuelo.it10.com.ar\/index.php\/wp-json\/wp\/v2\/posts\/458\/revisions\/23408"}],"wp:attachment":[{"href":"http:\/\/fmriachuelo.it10.com.ar\/index.php\/wp-json\/wp\/v2\/media?parent=458"}],"wp:term":[{"taxonomy":"category","embeddable":true,"href":"http:\/\/fmriachuelo.it10.com.ar\/index.php\/wp-json\/wp\/v2\/categories?post=458"},{"taxonomy":"post_tag","embeddable":true,"href":"http:\/\/fmriachuelo.it10.com.ar\/index.php\/wp-json\/wp\/v2\/tags?post=458"}],"curies":[{"name":"wp","href":"https:\/\/api.w.org\/{rel}","templated":true}]}}