{"id":456,"date":"2015-05-14T02:39:00","date_gmt":"2015-05-14T02:39:00","guid":{"rendered":"http:\/\/fmriachuelo.observatorioess.org.ar\/index.php\/2015\/05\/14\/caba-movilizacion-frente-al-instituto-de-vivienda-de-la-ciudad-por-solucion-habitacional\/"},"modified":"2025-03-31T11:54:40","modified_gmt":"2025-03-31T14:54:40","slug":"caba-movilizacion-frente-al-instituto-de-vivienda-de-la-ciudad-por-solucion-habitacional","status":"publish","type":"post","link":"http:\/\/fmriachuelo.it10.com.ar\/index.php\/2015\/05\/14\/caba-movilizacion-frente-al-instituto-de-vivienda-de-la-ciudad-por-solucion-habitacional\/","title":{"rendered":"CABA: MOVILIZACION FRENTE AL INSTITUTO DE VIVIENDA DE LA CIUDAD POR SOLUCI\u00d3N HABITACIONAL"},"content":{"rendered":"<table align=\"center\" border=\"0\" cellpadding=\"0\" cellspacing=\"0\">\n<tbody><!--StartFragment --><\/p>\n<tr>\n<td>\n<table align=\"center\" border=\"0\" style=\"width: 500px\">\n<tbody>\n<tr>\n<td>\n<div align=\"justify\">\ufeff<\/div>\n<\/td>\n<\/tr>\n<\/tbody>\n<\/table>\n<\/td>\n<\/tr>\n<tr>\n<td><span style=\"color: red;font-family: Verdana, sans-serif;font-size: large\"><strong>LAS POLITICAS DEL GOBIERNO DE LA CIUDAD<\/strong><\/span><br \/><span style=\"color: black;font-family: Verdana, sans-serif\"><strong>POR VIVIENDA DIGNA<\/strong><\/span><br \/><span style=\"font-family: Verdana, sans-serif\"><strong>Vecinos de Boedo se movilizan al IVC porte\u00f1o en rechazo al desalojo de Pav\u00f3n 4127<\/strong><\/span><\/p>\n<div style=\"clear: both;text-align: center\"><a href=\"http:\/\/1.bp.blogspot.com\/-8jaN0iRpG7Q\/VVQJ-7SFbXI\/AAAAAAAAEUc\/cighaBMXE0s\/s1600\/pavon.jpg\" style=\"clear: left;float: left;margin-bottom: 1em;margin-right: 1em\"><img loading=\"lazy\" decoding=\"async\" border=\"0\" height=\"211\" src=\"http:\/\/1.bp.blogspot.com\/-8jaN0iRpG7Q\/VVQJ-7SFbXI\/AAAAAAAAEUc\/cighaBMXE0s\/s320\/pavon.jpg\" width=\"320\" \/><\/a><\/div>\n<p><span style=\"font-family: Verdana\">La delegaci\u00f3n de vecinos del edificio de la calle Pav\u00f3n 4127 se movilizar\u00e1 ma\u00f1ana, mi\u00e9rcoles 13 de mayo, a las 10 hs. a la sede del Instituto de Vivienda de la Ciudad (IVC) para reclamar una soluci\u00f3n habitacional urgente para las 37 familias que lo habitan y en rechazo al desalojo ordenado para el pr\u00f3ximo 20 de mayo por el Juzgado Nacional de Primera Instancia en lo Civil 46, a cargo de Fernando Christello. Adem\u00e1s, los vecinos presentar\u00e1n hoy dos cartas a los diputados que integran las comisiones de Vivienda y Derechos Humanos de la Legislatura porte\u00f1a para ponerlos al tanto de la situaci\u00f3n.<\/span><br \/><a name='more'><\/a><br \/><span style=\"font-family: Verdana\"><\/span><span style=\"font-family: Verdana\">El pasado 18 de marzo, los vecinos -que viven en el inmueble hace 25 a\u00f1os junto a unos 70 ni\u00f1os en edad escolar- evitaron el desalojo ordenado por Christello a pedido de la empresa Pav\u00f3n Plaza S.A. para el desarrollo de un proyecto inmobiliario. La compra del inmueble por parte de esa firma se encuentra investigada por la Inspecci\u00f3n General de Justicia (IGJ) por presuntas irregularidades. Adem\u00e1s, los vecinos denunciaron al oficial de justicia Alejandro Miguenz por haberlos amenazado para que abandonen el lugar. Actualmente, se espera la resoluci\u00f3n de la Sala H de la C\u00e1mara Nacional de Apelaciones en lo Civil a una medida de amparo que fue rechazada por Christello en primera instancia.<\/span><br \/><span style=\"font-family: Verdana\">Al respecto, Luis Rold\u00e1n, uno de los delegados de las familias, destac\u00f3: \u00abEl IVC sigue sin dar una soluci\u00f3n habitacional concreta a nuestra situaci\u00f3n. Hace 25 a\u00f1os que vivimos ac\u00e1, hay 70 chicos en edad escolar que, de ser desalojados, ver\u00edan afectada su educaci\u00f3n, salud y alimentaci\u00f3n. Sin embargo, ninguno de los organismos de la Ciudad muestra la m\u00e1s m\u00ednima voluntad para resolver el problema. En tanto, la justicia contin\u00faa defendiendo los intereses de una sociedad an\u00f3nima muy sospechosa y el juez ordena un nuevo desalojo para el 20 de mayo. Vamos a resistir, porque ac\u00e1 vivimos 200 personas que no tenemos d\u00f3nde ir\u00bb.<\/span><br \/><span style=\"font-family: Verdana\">Por su parte, Pl\u00e1cido Guti\u00e9rrez, quien tambi\u00e9n representa a las familias de Pav\u00f3n, explic\u00f3: \u00abLuego de haber frenado el primer intento de desalojo, logramos la conformaci\u00f3n de una mesa de di\u00e1logo con el objetivo de alcanzar un acuerdo, pero los representantes de Pav\u00f3n Plaza S.A. abandonaron las reuniones y el IVC no s\u00f3lo no present\u00f3 ninguna propuesta, sino que rechaz\u00f3 todas nuestras iniciativas. Incluso, legisladores porte\u00f1os presentaron un proyecto de expropiaci\u00f3n para que la propiedad pase a manos del IVC y sea destinada a la construcci\u00f3n de viviendas sociales, pero el PRO bloque\u00f3 la iniciativa. Es importante que se suspenda el desalojo para lograr que los organismos estatales que deben garantizar nuestro derecho a una vivienda digna, como la Secretar\u00eda Nacional de Acceso al H\u00e1bitat, el IVC el Ministerio de Desarrollo Social de la Ciudad cuenten con el tiempo necesario para acordar una soluci\u00f3n\u00bb.<\/span><br \/><span style=\"font-family: Verdana\">La movilizaci\u00f3n de este mi\u00e9rcoles al IVC (Pasaje Carabelas 258, CABA) contar\u00e1 con el apoyo de organizaciones pol\u00edticas y sociales, organismos de derechos humanos y legisladores de la Ciudad.<\/p>\n<p><span style=\"font-size: x-small\">Tel\u00e9fono de contacto<br \/>Luis Rold\u00e1n 15.2415.5085<\/span><\/span><\/p>\n<div>\n<table align=\"center\" border=\"0\" cellpadding=\"0\" cellspacing=\"0\">\n<tbody>\n<tr>\n<td>\n<table align=\"center\" border=\"0\" style=\"width: 600px\">\n<tbody>\n<tr>\n<td style=\"text-align: justify\"><span style=\"font-family: Verdana, sans-serif\"><\/p>\n<p>&nbsp; <\/span><\/td>\n<\/tr>\n<\/tbody>\n<\/table>\n<\/td>\n<\/tr>\n<\/tbody>\n<\/table>\n<\/div>\n<p><span style=\"color: blue;font-family: Verdana, sans-serif\">Fuente: Ctep Argentina, Producci\u00f3n Riachuelo<\/span><\/td>\n<\/tr>\n<p><!--EndFragment --><\/tbody>\n<\/table>\n","protected":false},"excerpt":{"rendered":"<p>\ufeff LAS POLITICAS DEL GOBIERNO DE LA CIUDADPOR VIVIENDA DIGNAVecinos de Boedo se movilizan al IVC porte\u00f1o en rechazo al desalojo de Pav\u00f3n 4127 La delegaci\u00f3n de vecinos del edificio de la calle Pav\u00f3n 4127 se movilizar\u00e1 ma\u00f1ana, mi\u00e9rcoles 13 de mayo, a las 10 hs. a la sede del Instituto de Vivienda de la [&hellip;]<\/p>\n","protected":false},"author":4,"featured_media":0,"comment_status":"open","ping_status":"open","sticky":false,"template":"","format":"standard","meta":{"_monsterinsights_skip_tracking":false,"_monsterinsights_sitenote_active":false,"_monsterinsights_sitenote_note":"","_monsterinsights_sitenote_category":0,"jnews-multi-image_gallery":[],"jnews_single_post":{"format":"standard"},"jnews_primary_category":[],"_joinchat":[],"footnotes":""},"categories":[58],"tags":[147,89],"class_list":["post-456","post","type-post","status-publish","format-standard","hentry","category-noticiariachuelo","tag-habitat","tag-violencia-institucional"],"_links":{"self":[{"href":"http:\/\/fmriachuelo.it10.com.ar\/index.php\/wp-json\/wp\/v2\/posts\/456","targetHints":{"allow":["GET"]}}],"collection":[{"href":"http:\/\/fmriachuelo.it10.com.ar\/index.php\/wp-json\/wp\/v2\/posts"}],"about":[{"href":"http:\/\/fmriachuelo.it10.com.ar\/index.php\/wp-json\/wp\/v2\/types\/post"}],"author":[{"embeddable":true,"href":"http:\/\/fmriachuelo.it10.com.ar\/index.php\/wp-json\/wp\/v2\/users\/4"}],"replies":[{"embeddable":true,"href":"http:\/\/fmriachuelo.it10.com.ar\/index.php\/wp-json\/wp\/v2\/comments?post=456"}],"version-history":[{"count":1,"href":"http:\/\/fmriachuelo.it10.com.ar\/index.php\/wp-json\/wp\/v2\/posts\/456\/revisions"}],"predecessor-version":[{"id":23411,"href":"http:\/\/fmriachuelo.it10.com.ar\/index.php\/wp-json\/wp\/v2\/posts\/456\/revisions\/23411"}],"wp:attachment":[{"href":"http:\/\/fmriachuelo.it10.com.ar\/index.php\/wp-json\/wp\/v2\/media?parent=456"}],"wp:term":[{"taxonomy":"category","embeddable":true,"href":"http:\/\/fmriachuelo.it10.com.ar\/index.php\/wp-json\/wp\/v2\/categories?post=456"},{"taxonomy":"post_tag","embeddable":true,"href":"http:\/\/fmriachuelo.it10.com.ar\/index.php\/wp-json\/wp\/v2\/tags?post=456"}],"curies":[{"name":"wp","href":"https:\/\/api.w.org\/{rel}","templated":true}]}}