{"id":455,"date":"2015-05-14T02:49:00","date_gmt":"2015-05-14T02:49:00","guid":{"rendered":"http:\/\/fmriachuelo.observatorioess.org.ar\/index.php\/2015\/05\/14\/bolivia-y-chile-en-vias-de-encontrar-una-solucion-al-diferendo-por-la-salida-al-mar\/"},"modified":"2025-03-31T11:57:00","modified_gmt":"2025-03-31T14:57:00","slug":"bolivia-y-chile-en-vias-de-encontrar-una-solucion-al-diferendo-por-la-salida-al-mar","status":"publish","type":"post","link":"http:\/\/fmriachuelo.it10.com.ar\/index.php\/2015\/05\/14\/bolivia-y-chile-en-vias-de-encontrar-una-solucion-al-diferendo-por-la-salida-al-mar\/","title":{"rendered":"BOLIVIA Y CHILE EN V\u00cdAS DE ENCONTRAR UNA SOLUCI\u00d3N AL DIFERENDO POR LA SALIDA AL MAR"},"content":{"rendered":"<p><span style=\"color: red;font-family: Verdana, sans-serif;font-size: large\"><strong>ENCONTRAR UNA SALIDA<\/strong><\/span><br \/><span style=\"font-family: Verdana, sans-serif\"><strong>Bolivia y Chile definieron \u201cacceso soberano al mar\u201d<\/strong><\/span><br \/><strong><span style=\"font-family: Verdana\"><\/span><\/strong><\/p>\n<div style=\"clear: both;text-align: center\"><a href=\"http:\/\/3.bp.blogspot.com\/-SqEjxus3YRc\/VVQMTzEVnJI\/AAAAAAAAEUo\/zQBMDqAGkNI\/s1600\/bolivia_jpg_1718483346.jpg\" style=\"clear: left;float: left;margin-bottom: 1em;margin-right: 1em\"><img loading=\"lazy\" decoding=\"async\" border=\"0\" height=\"181\" src=\"http:\/\/3.bp.blogspot.com\/-SqEjxus3YRc\/VVQMTzEVnJI\/AAAAAAAAEUo\/zQBMDqAGkNI\/s320\/bolivia_jpg_1718483346.jpg\" width=\"320\" \/><\/a><\/div>\n<p><span style=\"font-family: Verdana, sans-serif\">Bolivia y Chile presentaron este mi\u00e9rcoles ante la Corte Internacional de Justicia (CIJ) de La Haya lo que para ambos gobiernos significa un \u201cacceso soberano al amar\u201d en respuesta al plazo previsto por el juez japon\u00e9s Hisashi Owada.  <\/p>\n<p>De acuerdo con el organismo internacional ambos gobiernos tendr\u00e1n 48 horas para emitir una contra respuesta de las posiciones del adversario, por lo que esa fase se dar\u00e1 por concluida el pr\u00f3ximo 15 de mayo de 2015.  <\/span><a name='more'><\/a><span style=\"font-family: Verdana, sans-serif\"><br \/>El vicecanciller boliviano Juan Carlos Alurralde anunci\u00f3 que las respuestas que presentaron Chile y Bolivia ser\u00e1n enviadas a la delegaci\u00f3n contraria para evaluar el criterio de cada Gobierno en relaci\u00f3n a la <\/span><span style=\"font-family: Verdana, sans-serif\">salida soberana al mar para el pa\u00eds andino. <\/span><span style=\"font-family: Verdana, sans-serif\"> <\/p>\n<p>\u201cLa Corte inmediatamente recibe ambas respuestas, siempre hace conocer a ambas partes, en este caso la respuesta chilena va a ser remitida a la delegaci\u00f3n boliviana y viceversa, para que tanto la representaci\u00f3n de Chile, como de Bolivia hagan los comentarios necesarios hacia las respuestas\u201d, a\u00f1adi\u00f3 el diplom\u00e1tico.&nbsp;<\/span><br \/><span style=\"font-family: Verdana, sans-serif\">M\u00e1s temprano, el vicepresidente boliviano \u00c1lvaro Garc\u00eda Linera, explic\u00f3 desde la La Paz (capital) que el documento de respuesta fue elaborado en coordinaci\u00f3n con el<\/span><a href=\"http:\/\/www.telesurtv.net\/news\/Bolivia-Reclamo-de-salida-al-mar-representa-la-justicia--20150304-0062.html\"><span style=\"font-family: Verdana, sans-serif\"> <\/span><\/a><span style=\"font-family: Verdana, sans-serif\">equipo jur\u00eddico y el grupo de <\/span><span style=\"font-family: Verdana, sans-serif\">exautoridades que asesoran al Gobierno <\/span><span style=\"font-family: Verdana, sans-serif\">del Presidente Morales en la demanda mar\u00edtima.<\/span><br \/><span style=\"font-family: Verdana, sans-serif\">Chile ha rechazado el reclamo boliviano alegando que entre ambos pa\u00edses quedaron establecidos los l\u00edmites en un tratado suscrito en 1904, -25 a\u00f1os despu\u00e9s del conflicto-, y present\u00f3<\/span><span style=\"font-family: Verdana, sans-serif\"> objeciones a la demanda.&nbsp;<\/span><span style=\"font-family: Verdana, sans-serif\"><\/span><br \/><span style=\"font-family: Verdana, sans-serif\"><strong>En contexto<\/strong><\/span><br \/><span style=\"font-family: Verdana, sans-serif\">Chile invadi\u00f3 suelo boliviano en febrero de 1879 y desat\u00f3 una contienda b\u00e9lica que termin\u00f3 cercenando 400 kil\u00f3metros de playa y 120 mil kil\u00f3metros de territorio.&nbsp;<\/span><br \/><span style=\"font-family: Verdana, sans-serif\">En 2013, Bolivia demand\u00f3 a Chile ante la Corte Internacional de Justicia (CIJ) de La Haya a fin de que ese tribunal concediera una justa salida soberana al Oc\u00e9ano Pac\u00edfico, que el pa\u00eds andino perdi\u00f3 tras la invasi\u00f3n chilena.<\/span><br \/><span style=\"font-family: Verdana\"><\/span><br \/><span style=\"color: blue;font-family: Verdana\">Fuente: Telesur, Producci\u00f3n Riachuelo<\/span><\/p>\n","protected":false},"excerpt":{"rendered":"<p>ENCONTRAR UNA SALIDABolivia y Chile definieron \u201cacceso soberano al mar\u201d Bolivia y Chile presentaron este mi\u00e9rcoles ante la Corte Internacional de Justicia (CIJ) de La Haya lo que para ambos gobiernos significa un \u201cacceso soberano al amar\u201d en respuesta al plazo previsto por el juez japon\u00e9s Hisashi Owada. De acuerdo con el organismo internacional ambos [&hellip;]<\/p>\n","protected":false},"author":4,"featured_media":0,"comment_status":"open","ping_status":"open","sticky":false,"template":"","format":"standard","meta":{"_monsterinsights_skip_tracking":false,"_monsterinsights_sitenote_active":false,"_monsterinsights_sitenote_note":"","_monsterinsights_sitenote_category":0,"jnews-multi-image_gallery":[],"jnews_single_post":{"format":"standard"},"jnews_primary_category":[],"_joinchat":[],"footnotes":""},"categories":[58],"tags":[70,167],"class_list":["post-455","post","type-post","status-publish","format-standard","hentry","category-noticiariachuelo","tag-de-la-patria-grande","tag-politica-internacional"],"_links":{"self":[{"href":"http:\/\/fmriachuelo.it10.com.ar\/index.php\/wp-json\/wp\/v2\/posts\/455","targetHints":{"allow":["GET"]}}],"collection":[{"href":"http:\/\/fmriachuelo.it10.com.ar\/index.php\/wp-json\/wp\/v2\/posts"}],"about":[{"href":"http:\/\/fmriachuelo.it10.com.ar\/index.php\/wp-json\/wp\/v2\/types\/post"}],"author":[{"embeddable":true,"href":"http:\/\/fmriachuelo.it10.com.ar\/index.php\/wp-json\/wp\/v2\/users\/4"}],"replies":[{"embeddable":true,"href":"http:\/\/fmriachuelo.it10.com.ar\/index.php\/wp-json\/wp\/v2\/comments?post=455"}],"version-history":[{"count":1,"href":"http:\/\/fmriachuelo.it10.com.ar\/index.php\/wp-json\/wp\/v2\/posts\/455\/revisions"}],"predecessor-version":[{"id":23413,"href":"http:\/\/fmriachuelo.it10.com.ar\/index.php\/wp-json\/wp\/v2\/posts\/455\/revisions\/23413"}],"wp:attachment":[{"href":"http:\/\/fmriachuelo.it10.com.ar\/index.php\/wp-json\/wp\/v2\/media?parent=455"}],"wp:term":[{"taxonomy":"category","embeddable":true,"href":"http:\/\/fmriachuelo.it10.com.ar\/index.php\/wp-json\/wp\/v2\/categories?post=455"},{"taxonomy":"post_tag","embeddable":true,"href":"http:\/\/fmriachuelo.it10.com.ar\/index.php\/wp-json\/wp\/v2\/tags?post=455"}],"curies":[{"name":"wp","href":"https:\/\/api.w.org\/{rel}","templated":true}]}}