{"id":454,"date":"2015-05-15T02:35:00","date_gmt":"2015-05-15T02:35:00","guid":{"rendered":"http:\/\/fmriachuelo.observatorioess.org.ar\/index.php\/2015\/05\/15\/recordamos-el-nacimiento-de-floreal-el-negrito-avellaneda\/"},"modified":"2025-03-31T11:58:35","modified_gmt":"2025-03-31T14:58:35","slug":"recordamos-el-nacimiento-de-floreal-el-negrito-avellaneda","status":"publish","type":"post","link":"http:\/\/fmriachuelo.it10.com.ar\/index.php\/2015\/05\/15\/recordamos-el-nacimiento-de-floreal-el-negrito-avellaneda\/","title":{"rendered":"RECORDAMOS EL NACIMIENTO DE FLOREAL \u00abEL NEGRITO\u00bb AVELLANEDA"},"content":{"rendered":"<div style=\"clear: both;text-align: justify\"><span style=\"color: red;font-family: Verdana, sans-serif;font-size: large\"><strong>UN COMPROMISO DE DIGNIDAD Y LUCHA<\/strong><\/span><\/div>\n<div style=\"clear: both;text-align: center\"><a href=\"http:\/\/3.bp.blogspot.com\/-dsuMO_4Ujxg\/VVVYytZLX3I\/AAAAAAAAEVA\/9ov7naxSJq0\/s1600\/floreal.jpg\" style=\"margin-left: 1em;margin-right: 1em\"><img decoding=\"async\" border=\"0\" src=\"http:\/\/3.bp.blogspot.com\/-dsuMO_4Ujxg\/VVVYytZLX3I\/AAAAAAAAEVA\/9ov7naxSJq0\/s1600\/floreal.jpg\" \/><\/a><\/div>\n<p><span style=\"font-family: Verdana, sans-serif\"><\/span><br \/><span style=\"font-family: Verdana\">Su madre Iris Pereyra lo recuerda as\u00ed:<\/span><br \/><span style=\"font-family: Verdana, sans-serif\">Hoy 14 de Mayo cumpliria el Negrito ,55 a\u00f1os ,el nacio en Rosario ,como el CHE el mismo dia ,seg\u00fan la historia, y un chiquilin tan chico,lleno de vida. El 15 de Abril de 1976 el golpe militar tan obsesionado por hacer desaparecer tantos NI\u00d1OS ,JOVENES ,que era esa epoca del 70 donde se daban luchas tan comprometidas por un pais bueno y de luchas obreras en todo el cinturon de Zona Norte , donde justamente en la Empresa que trabajaba su Papa FLOREAL que en el a\u00f1o 1974 habia un conflicto en esa empresa T.E.N.S.A , en Munro donde la patronal juntamente con el sindicato , ,no reconocieron las elecciones en esa empresa y los despidieron a la comision interna y a raiz de ese conflicto ,EL GOLPE DE ESTADO CIVICO MILITAR , allanaron mi casa en munro y nos secuestraron a los dos ,, fue tanta la maldad que tuvieron que lo matan ac\u00e1 y por los VUELOS de la Muerte ,aparece en las costas Uruguayas ,,\u00bfYo pregunto que maldad puede tener un ni\u00f1o de esa edad ?,, por que tanta haza\u00f1a en matar ,eso es tener la mente atrofiada ,, ,Por que el Negrito pensaba distinto a ellos ,a pesar de su corta edad ,sabia muy bien que queria para sus pares , sin maldad y con mucha convicci\u00f3n ,era defensor de los Derechos Humanos en su corta vida ,, <br \/> \u00b4 Hoy es su cumplea\u00f1os y lo quiero recordar como era ,inquieto ,revolucionario y capaz de defender ,sus ideales ,y muy cari\u00f1oso.<br \/> \u00b4 NEGRITO querido hasta el poder POPULAR no parare y siempre pidiendo <br \/> \u00b4 JUSTICIA PARA LOS ASESINOS QUE COMETIERON TU ASESINATO <br \/> \u00b4 TAN TERRIBLE C\u00c1RCEL COMUN Y EFECTIVA <br \/> \u00b4 Y MIENTRAS VIVA LO SEGUIR\u00c9 PIDIENDO <br \/> \u00b4 POR MEMORIA ,VERDAD y JUSTICIA <br \/> \u00b4 HASTA LA VICTORIA<br \/> EL NEGRITO VIVE EN TODOS NOSOTROS<\/span><br \/><span style=\"font-family: Verdana\"><\/span><br \/><span style=\"font-family: Verdana\"><strong>Un poquito de historia<\/strong><\/span><\/p>\n<p><span style=\"font-family: Verdana\"><span style=\"font-family: Verdana, sans-serif\">[Por&nbsp;Adriana Meyer\/Pagina 12]<\/span><a name='more'><\/a><\/p>\n<div style=\"text-align: justify\">Floreal  \u201cNegrito\u201d Avellaneda ten\u00eda 15 cuando fue asesinado, y su  cuerpo  mutilado y sin vida apareci\u00f3 en la costa uruguaya en 1976. Luego  de 33  a\u00f1os su caso llega a juicio oral y p\u00fablico. \u201cEsperamos que los  milicos  paguen lo que hicieron, que los metan en cana con perpetua, no  s\u00f3lo por  el Negrito sino por los 30 mil desaparecidos\u201d, dice a  P\u00e1gina\/12 su  madre, Iris Pereyra. A partir del 21 de marzo, cinco  represores van al  banquillo de los acusados, entre ellos el general  Santiago Omar Riveros,  defendido por el ex camarista de Casaci\u00f3n y  actual abogado de  represores, Alfredo Bisordi.<\/div>\n<div style=\"text-align: justify\">\u201cTrato de estar lo mejor posible, que esto llegue a su fin porque la   lucha es dura y la Justicia deja bastante que desear, por ejemplo, a\u00fan   no sabemos el lugar del juicio\u201d, agreg\u00f3 Iris, de casi 70 a\u00f1os y   sobreviviente de la noche en que la secuestraron junto a su hijo, cuando   en realidad buscaban a su marido.<\/div>\n<div style=\"text-align: justify\">El Negrito, como le dec\u00edan, naci\u00f3 en un hogar de trabajadores con   compromiso social. Su abuela fue una de las primeras en organizar la   solidaridad con los presos pol\u00edticos de la D\u00e9cada Infame en los \u201930,   mientras que sus padres, Iris y Floreal, fueron y son militantes   comunistas. Al tiempo del golpe de Estado de 1976 Floreal padre   trabajaba en Tensa, una f\u00e1brica metal\u00fargica del norte bonaerense, y   hab\u00eda sido elegido delegado junto a otros compa\u00f1eros de izquierda y de   la Juventud Peronista. Todos fueron reprimidos y algunos permanecen   desaparecidos. En la madrugada del 15 de abril una banda del Ej\u00e9rcito   asalt\u00f3 el hogar de los Avellaneda en busca del dirigente, que alcanz\u00f3 a   escapar por los techos y casi logra llevarse al Negrito. Los  uniformados  se llevaron a su mujer, Iris Pereyra, y a su hijo Floreal a  la  comisar\u00eda de Villa Martelli, donde fueron sometidos a brutales  torturas.  Fue la \u00faltima vez que Iris vio a su hijo. Los documentos que  pudieron  ser rescatados son el acta de allanamiento de la vivienda y el   certificado de defunci\u00f3n de Floreal realizado en Montevideo. Los  m\u00e9dicos  forenses encontraron se\u00f1as de que el joven hab\u00eda sido empalado,  tal  como lo denunci\u00f3 el escritor y periodista Rodolfo Walsh en su  Carta  Abierta a la Junta Militar: \u201c\u2026 incluyendo el chico de 15 a\u00f1os  Floreal  Avellaneda, atado de pies y manos, con lastimaduras en la  regi\u00f3n anal y  fracturas visibles\u201d.<\/div>\n<div style=\"text-align: justify\">Los familiares y compa\u00f1eros de militancia de los Avellaneda no se   quedaron quietos. Recorrieron comisar\u00edas, jefaturas militares y   despachos judiciales. El abogado Julio Viaggio, dirigente de la Liga   Argentina por los Derechos del Hombre, logr\u00f3 que se ordenara la   identificaci\u00f3n del cad\u00e1ver de Floreal, en mayo de 1976. Iris Pereyra   sobrevivi\u00f3 y dio su conmovedor testimonio en el Juicio a las Juntas   Militares.<\/div>\n<div style=\"text-align: justify\">La causa que llega a juicio oral, la primera del megaproceso sobre   los cr\u00edmenes cometidos en jurisdicci\u00f3n de Campo de Mayo, tiene 33 a\u00f1os   de existencia. Dormida durante la dictadura, en 1984 fue impulsada con   la detenci\u00f3n de algunos represores. El ex presidente Ra\u00fal Alfons\u00edn los   liber\u00f3 y su sucesor, Carlos Menem, indult\u00f3 a sus jefes. A seis a\u00f1os de   la anulaci\u00f3n de las leyes de impunidad y tras lograr el reconocimiento   de la inconstitucionalidad del indulto a Riveros, este general, que fue   uno de los jefes m\u00e1ximos de la dictadura e integr\u00f3 la Junta   Interamericana de Defensa, comenzar\u00e1 a ser juzgado a partir del 21 de   marzo, junto a los oficiales Ra\u00fal Horacio Harsich y C\u00e9sar Amadeo Fragni,   al director de la Escuela de Infanter\u00eda Osvaldo Jorge Garc\u00eda, y a   Alberto Angel Aneto, que revistaba en la comisar\u00eda de Villa Martelli.<\/div>\n<div style=\"text-align: justify\">A Riveros lo defender\u00e1 quien hasta el a\u00f1o pasado integraba la C\u00e1mara   Nacional de Casaci\u00f3n Penal, Alfredo Bisordi. El ex camarista logr\u00f3   jubilarse en junio mientras se realizaba su juicio pol\u00edtico, acusado de   demorar las causas sobre violaciones a los derechos humanos. En agosto   obtuvo su matr\u00edcula como abogado, con las felicitaciones de las huestes   de la activista castrense Cecilia Pando, para seguir beneficiando a  los  represores. Con los dos demonios como marco te\u00f3rico, ya intent\u00f3  abrir  una causa sobre el copamiento del regimiento de Formosa realizado  por  Montoneros, donde murieron militantes y soldados, y se hizo cargo  de la  defensa del ex agente de inteligencia del Batall\u00f3n 601 Julio  Cirino,  detenido en noviembre.<\/div>\n<div style=\"text-align: justify\">La querella de la familia estar\u00e1 representada por el abogado Jorge   Brioso, la de la agrupaci\u00f3n Justicia Ya! por Liliana Mazea, y Guadalupe   Godoy y Carlos Zamorano representar\u00e1n al Partido Comunista, al que   pertenec\u00edan las v\u00edctimas, en la primera vez que un partido pol\u00edtico   act\u00faa como querellante en un juicio de estas caracter\u00edsticas. La Liga   Argentina por los Derechos del Hombre y Justicia Ya! iniciaron una   campa\u00f1a previa al juicio con la consigna \u201cA la calle que ya es hora de   justicia\u201d.<\/div>\n<p><\/span><\/p>\n","protected":false},"excerpt":{"rendered":"<p>UN COMPROMISO DE DIGNIDAD Y LUCHA Su madre Iris Pereyra lo recuerda as\u00ed:Hoy 14 de Mayo cumpliria el Negrito ,55 a\u00f1os ,el nacio en Rosario ,como el CHE el mismo dia ,seg\u00fan la historia, y un chiquilin tan chico,lleno de vida. El 15 de Abril de 1976 el golpe militar tan obsesionado por hacer desaparecer [&hellip;]<\/p>\n","protected":false},"author":4,"featured_media":0,"comment_status":"open","ping_status":"open","sticky":false,"template":"","format":"standard","meta":{"_monsterinsights_skip_tracking":false,"_monsterinsights_sitenote_active":false,"_monsterinsights_sitenote_note":"","_monsterinsights_sitenote_category":0,"jnews-multi-image_gallery":[],"jnews_single_post":{"format":"standard"},"jnews_primary_category":[],"_joinchat":[],"footnotes":""},"categories":[58],"tags":[70,72],"class_list":["post-454","post","type-post","status-publish","format-standard","hentry","category-noticiariachuelo","tag-de-la-patria-grande","tag-historia-de-la-lucha-de-los-pueblos"],"_links":{"self":[{"href":"http:\/\/fmriachuelo.it10.com.ar\/index.php\/wp-json\/wp\/v2\/posts\/454","targetHints":{"allow":["GET"]}}],"collection":[{"href":"http:\/\/fmriachuelo.it10.com.ar\/index.php\/wp-json\/wp\/v2\/posts"}],"about":[{"href":"http:\/\/fmriachuelo.it10.com.ar\/index.php\/wp-json\/wp\/v2\/types\/post"}],"author":[{"embeddable":true,"href":"http:\/\/fmriachuelo.it10.com.ar\/index.php\/wp-json\/wp\/v2\/users\/4"}],"replies":[{"embeddable":true,"href":"http:\/\/fmriachuelo.it10.com.ar\/index.php\/wp-json\/wp\/v2\/comments?post=454"}],"version-history":[{"count":1,"href":"http:\/\/fmriachuelo.it10.com.ar\/index.php\/wp-json\/wp\/v2\/posts\/454\/revisions"}],"predecessor-version":[{"id":23415,"href":"http:\/\/fmriachuelo.it10.com.ar\/index.php\/wp-json\/wp\/v2\/posts\/454\/revisions\/23415"}],"wp:attachment":[{"href":"http:\/\/fmriachuelo.it10.com.ar\/index.php\/wp-json\/wp\/v2\/media?parent=454"}],"wp:term":[{"taxonomy":"category","embeddable":true,"href":"http:\/\/fmriachuelo.it10.com.ar\/index.php\/wp-json\/wp\/v2\/categories?post=454"},{"taxonomy":"post_tag","embeddable":true,"href":"http:\/\/fmriachuelo.it10.com.ar\/index.php\/wp-json\/wp\/v2\/tags?post=454"}],"curies":[{"name":"wp","href":"https:\/\/api.w.org\/{rel}","templated":true}]}}