{"id":453,"date":"2015-05-15T02:45:00","date_gmt":"2015-05-15T02:45:00","guid":{"rendered":"http:\/\/fmriachuelo.observatorioess.org.ar\/index.php\/2015\/05\/15\/ernesto-che-guevara-para-el-mundo\/"},"modified":"2025-03-31T11:59:13","modified_gmt":"2025-03-31T14:59:13","slug":"ernesto-che-guevara-para-el-mundo","status":"publish","type":"post","link":"http:\/\/fmriachuelo.it10.com.ar\/index.php\/2015\/05\/15\/ernesto-che-guevara-para-el-mundo\/","title":{"rendered":"ERNESTO \u00abCHE\u00bb GUEVARA PARA EL MUNDO"},"content":{"rendered":"<p><span style=\"color: red;font-family: Verdana, sans-serif;font-size: large\"><strong>LUCHADOR&nbsp;POR LA LIBERACI\u00d3N DE LOS PUEBLOS OPRIMIDOS<\/strong><\/span><\/p>\n<div style=\"clear: both;text-align: center\"><a href=\"http:\/\/1.bp.blogspot.com\/-tuGsllCzXtA\/VVVcn1cTA3I\/AAAAAAAAEVM\/HoV3hlGrU2g\/s1600\/che-rene-burri.jpg\" style=\"clear: left;float: left;margin-bottom: 1em;margin-right: 1em\"><img decoding=\"async\" border=\"0\" src=\"http:\/\/1.bp.blogspot.com\/-tuGsllCzXtA\/VVVcn1cTA3I\/AAAAAAAAEVM\/HoV3hlGrU2g\/s1600\/che-rene-burri.jpg\" \/><\/a><\/div>\n<p><span style=\"font-family: Verdana\">Eduardo Galeano lo describe magistralmente en <strong>\u201cEl nacedor\u201d:<\/strong><\/span><\/p>\n<div style=\"text-align: justify\"><span style=\"font-size: 11pt\"><span style=\"font-family: Verdana\">\u00bfPor qu\u00e9 ser\u00e1 que el Che tiene esta peligrosa costumbre de&nbsp; seguir naciendo? <\/span><\/span><span style=\"font-family: Verdana\"><\/span><\/div>\n<p><span style=\"font-family: Verdana\"><\/p>\n<div style=\"text-align: justify\"><span style=\"font-size: 11pt\">Cuanto m\u00e1s lo insultan, lo manipulan,&nbsp; lo traicionan, m\u00e1s nace. <\/span><\/div>\n<div style=\"text-align: justify\"><span style=\"font-size: 11pt\">\u00c9l es el m\u00e1s nacedor de todos. <\/span><\/div>\n<div style=\"text-align: justify\"><span style=\"font-size: 11pt\">\u00bfNo ser\u00e1 porque el Che dec\u00eda lo que pensaba, y hac\u00eda lo que dec\u00eda? <\/span><\/div>\n<div style=\"text-align: justify\"><span style=\"font-size: 11pt\">\u00bfNo ser\u00e1 porque eso sigue siendo tan extraordinario, en un mundo donde las palabras y los hechos muy rara vez se encuentran, y cuando se encuentran no se saludan, porque no se reconocen?.<\/span><\/div>\n<p><\/span><\/p>\n<div style=\"text-align: justify\"><\/div>\n<p><span style=\"font-family: Verdana, sans-serif\">Hoy, 14 de mayo, se celebra en muchos lugares del planeta el aniversario del nacimiento de Ernesto Guevara de la Serna, conocido como el Che. <\/p>\n<p>Mucha gente se sorprender\u00e1 con la fecha, ya que durante d\u00e9cadas parec\u00eda irrefutable que su natalicio estaba datado en el 14 de junio, d\u00eda que aparece en su partida de nacimiento* y en todos los documentos oficiales que se conocen.<\/span><a name='more'><\/a><span style=\"font-family: Verdana, sans-serif\"><br \/>En el a\u00f1o 2004, la periodista y escritora argentina Julia Constenla saca a la luz Celia, la madre del Che. Buenos Aires: Editorial Sudamericana. En esa biograf\u00eda relata como Celia de la Serna, amiga personal de la autora y madre del guerrillero heroico, le confiesa que \u201cel Che naci\u00f3 el 14 de mayo. Sin embargo, fue anotado un mes despu\u00e9s, el 14 de junio, para ser presentado como sietemesino\u201d, porque Celia de la Serna, asegura la periodista en una entrevista al peri\u00f3dico argentino P\u00e1gina\/12**, \u201cse cas\u00f3 embarazada, pero siempre quiso ocult\u00e1rselo a su familia por temor a represalias\u201d.<br \/><\/span><br \/><span style=\"font-family: Verdana\"><span style=\"color: blue\">Fuente: La Rep\u00fablica, Producci\u00f3n Riachuelo<\/span><\/p>\n<div style=\"text-align: justify\">&nbsp;<\/div>\n<p><\/span><\/p>\n","protected":false},"excerpt":{"rendered":"<p>LUCHADOR&nbsp;POR LA LIBERACI\u00d3N DE LOS PUEBLOS OPRIMIDOS Eduardo Galeano lo describe magistralmente en \u201cEl nacedor\u201d: \u00bfPor qu\u00e9 ser\u00e1 que el Che tiene esta peligrosa costumbre de&nbsp; seguir naciendo? Cuanto m\u00e1s lo insultan, lo manipulan,&nbsp; lo traicionan, m\u00e1s nace. \u00c9l es el m\u00e1s nacedor de todos. \u00bfNo ser\u00e1 porque el Che dec\u00eda lo que pensaba, y [&hellip;]<\/p>\n","protected":false},"author":4,"featured_media":0,"comment_status":"open","ping_status":"open","sticky":false,"template":"","format":"standard","meta":{"_monsterinsights_skip_tracking":false,"_monsterinsights_sitenote_active":false,"_monsterinsights_sitenote_note":"","_monsterinsights_sitenote_category":0,"jnews-multi-image_gallery":[],"jnews_single_post":{"format":"standard"},"jnews_primary_category":[],"_joinchat":[],"footnotes":""},"categories":[58],"tags":[70,72],"class_list":["post-453","post","type-post","status-publish","format-standard","hentry","category-noticiariachuelo","tag-de-la-patria-grande","tag-historia-de-la-lucha-de-los-pueblos"],"_links":{"self":[{"href":"http:\/\/fmriachuelo.it10.com.ar\/index.php\/wp-json\/wp\/v2\/posts\/453","targetHints":{"allow":["GET"]}}],"collection":[{"href":"http:\/\/fmriachuelo.it10.com.ar\/index.php\/wp-json\/wp\/v2\/posts"}],"about":[{"href":"http:\/\/fmriachuelo.it10.com.ar\/index.php\/wp-json\/wp\/v2\/types\/post"}],"author":[{"embeddable":true,"href":"http:\/\/fmriachuelo.it10.com.ar\/index.php\/wp-json\/wp\/v2\/users\/4"}],"replies":[{"embeddable":true,"href":"http:\/\/fmriachuelo.it10.com.ar\/index.php\/wp-json\/wp\/v2\/comments?post=453"}],"version-history":[{"count":1,"href":"http:\/\/fmriachuelo.it10.com.ar\/index.php\/wp-json\/wp\/v2\/posts\/453\/revisions"}],"predecessor-version":[{"id":23416,"href":"http:\/\/fmriachuelo.it10.com.ar\/index.php\/wp-json\/wp\/v2\/posts\/453\/revisions\/23416"}],"wp:attachment":[{"href":"http:\/\/fmriachuelo.it10.com.ar\/index.php\/wp-json\/wp\/v2\/media?parent=453"}],"wp:term":[{"taxonomy":"category","embeddable":true,"href":"http:\/\/fmriachuelo.it10.com.ar\/index.php\/wp-json\/wp\/v2\/categories?post=453"},{"taxonomy":"post_tag","embeddable":true,"href":"http:\/\/fmriachuelo.it10.com.ar\/index.php\/wp-json\/wp\/v2\/tags?post=453"}],"curies":[{"name":"wp","href":"https:\/\/api.w.org\/{rel}","templated":true}]}}