{"id":451,"date":"2015-05-15T13:41:00","date_gmt":"2015-05-15T13:41:00","guid":{"rendered":"http:\/\/fmriachuelo.observatorioess.org.ar\/index.php\/2015\/05\/15\/gran-conquista-de-la-lucha-organizada-expropian-las-tierras-de-abasto\/"},"modified":"2025-03-31T12:02:06","modified_gmt":"2025-03-31T15:02:06","slug":"gran-conquista-de-la-lucha-organizada-expropian-las-tierras-de-abasto","status":"publish","type":"post","link":"http:\/\/fmriachuelo.it10.com.ar\/index.php\/2015\/05\/15\/gran-conquista-de-la-lucha-organizada-expropian-las-tierras-de-abasto\/","title":{"rendered":"GRAN CONQUISTA DE LA LUCHA ORGANIZADA: EXPROPIAN LAS TIERRAS DE ABASTO"},"content":{"rendered":"<p><span style=\"color: red;font-family: Verdana, sans-serif;font-size: large\"><strong>UNA CONQUISTA DE LA LUCHA ORGANIZADA:<\/strong><\/span><br \/><span style=\"color: red;font-family: Verdana, sans-serif;font-size: large\"><strong>TIERRA PARA EL QUE LA TRABAJA<\/strong><\/span><br \/><strong><span style=\"color: red;font-family: Verdana;font-size: large\"><\/span><\/strong><\/p>\n<div style=\"clear: both;text-align: center\"><a href=\"http:\/\/1.bp.blogspot.com\/-N6KiDjh_Sh4\/VVX3TNR1fyI\/AAAAAAAAEVw\/F-K9mXA3QNk\/s1600\/abasto.jpg\" style=\"margin-left: 1em;margin-right: 1em\"><img loading=\"lazy\" decoding=\"async\" border=\"0\" height=\"213\" src=\"http:\/\/1.bp.blogspot.com\/-N6KiDjh_Sh4\/VVX3TNR1fyI\/AAAAAAAAEVw\/F-K9mXA3QNk\/s320\/abasto.jpg\" width=\"320\" \/><\/a><\/div>\n<div style=\"text-align: justify\"><span style=\"font-family: Verdana, sans-serif\">El pasado Mi\u00e9rcoles 13 de mayo  se movilizaron a la Legislatura de la Provincia de Buenos Aires los trabajadores agremiados en la Confederaci\u00f3n de Trabajadores de la Econom\u00eda Popular, Ctep para reclamar la expropiaci\u00f3n de los terrenos ociosos que estaban ocupados por m\u00e1s de 300 familias. <br \/>La movilizaci\u00f3n popular tuvo como resultado la expropiaci\u00f3n de los terrenos a partir de una ley impulsada por las organizaciones y que fue aprobada en ambas c\u00e1maras del Poder Legislativo provincial. Con gran alegr\u00eda las m\u00e1s de 3000 personas&nbsp;presentes, en la movilizaci\u00f3n, &nbsp;celebraron la conquista de la lucha organizada.<\/span><\/div>\n<div style=\"text-align: justify\"><span style=\"font-family: Verdana\"><\/span>&nbsp;<\/div>\n<div style=\"text-align: justify\"><span style=\"color: blue;font-family: Verdana\">Fuente: Producci\u00f3n Riachuelo<\/span><\/div>\n","protected":false},"excerpt":{"rendered":"<p>UNA CONQUISTA DE LA LUCHA ORGANIZADA:TIERRA PARA EL QUE LA TRABAJA El pasado Mi\u00e9rcoles 13 de mayo se movilizaron a la Legislatura de la Provincia de Buenos Aires los trabajadores agremiados en la Confederaci\u00f3n de Trabajadores de la Econom\u00eda Popular, Ctep para reclamar la expropiaci\u00f3n de los terrenos ociosos que estaban ocupados por m\u00e1s de [&hellip;]<\/p>\n","protected":false},"author":4,"featured_media":0,"comment_status":"open","ping_status":"open","sticky":false,"template":"","format":"standard","meta":{"_monsterinsights_skip_tracking":false,"_monsterinsights_sitenote_active":false,"_monsterinsights_sitenote_note":"","_monsterinsights_sitenote_category":0,"jnews-multi-image_gallery":[],"jnews_single_post":{"format":"standard"},"jnews_primary_category":[],"_joinchat":[],"footnotes":""},"categories":[58],"tags":[71,64,147],"class_list":["post-451","post","type-post","status-publish","format-standard","hentry","category-noticiariachuelo","tag-de-la-tierra","tag-economia-popular","tag-habitat"],"_links":{"self":[{"href":"http:\/\/fmriachuelo.it10.com.ar\/index.php\/wp-json\/wp\/v2\/posts\/451","targetHints":{"allow":["GET"]}}],"collection":[{"href":"http:\/\/fmriachuelo.it10.com.ar\/index.php\/wp-json\/wp\/v2\/posts"}],"about":[{"href":"http:\/\/fmriachuelo.it10.com.ar\/index.php\/wp-json\/wp\/v2\/types\/post"}],"author":[{"embeddable":true,"href":"http:\/\/fmriachuelo.it10.com.ar\/index.php\/wp-json\/wp\/v2\/users\/4"}],"replies":[{"embeddable":true,"href":"http:\/\/fmriachuelo.it10.com.ar\/index.php\/wp-json\/wp\/v2\/comments?post=451"}],"version-history":[{"count":1,"href":"http:\/\/fmriachuelo.it10.com.ar\/index.php\/wp-json\/wp\/v2\/posts\/451\/revisions"}],"predecessor-version":[{"id":23419,"href":"http:\/\/fmriachuelo.it10.com.ar\/index.php\/wp-json\/wp\/v2\/posts\/451\/revisions\/23419"}],"wp:attachment":[{"href":"http:\/\/fmriachuelo.it10.com.ar\/index.php\/wp-json\/wp\/v2\/media?parent=451"}],"wp:term":[{"taxonomy":"category","embeddable":true,"href":"http:\/\/fmriachuelo.it10.com.ar\/index.php\/wp-json\/wp\/v2\/categories?post=451"},{"taxonomy":"post_tag","embeddable":true,"href":"http:\/\/fmriachuelo.it10.com.ar\/index.php\/wp-json\/wp\/v2\/tags?post=451"}],"curies":[{"name":"wp","href":"https:\/\/api.w.org\/{rel}","templated":true}]}}