{"id":4499,"date":"2017-05-12T13:50:37","date_gmt":"2017-05-12T13:50:37","guid":{"rendered":"http:\/\/fmriachuelo.com.ar\/ljkjklj\/?p=4499"},"modified":"2017-05-12T13:50:37","modified_gmt":"2017-05-12T13:50:37","slug":"microfonazo-frente-al-enacom-sin-medios-comunitarios-no-hay-democracia","status":"publish","type":"post","link":"http:\/\/fmriachuelo.it10.com.ar\/index.php\/2017\/05\/12\/microfonazo-frente-al-enacom-sin-medios-comunitarios-no-hay-democracia\/","title":{"rendered":"MICROFONAZO FRENTE AL ENACOM: SIN MEDIOS COMUNITARIOS NO HAY DEMOCRACIA"},"content":{"rendered":"<p>[FM Riachuelo 12\/05\/2017] En la tarde de ayer frente a las oficinas del ENACOM, los medios comunitarios realizaron una medida de protesta: \u00abMICROFONAZO\u00bb a 500 d\u00edas de la entrada en vigencia del Decreto 267, que anul\u00f3 la Ley de Servicios de Comunicaci\u00f3n Audiovisual y cercen\u00f3 los derechos a la comunicaci\u00f3n de los medios comunitarios, \u00a0que cumplimos una importante funci\u00f3n social en todo el pa\u00eds. Una medida de protesta que reclama por la falta de cumplimiento de los pagos comprometidos\u00a0por el ENACOM,\u00a0la creciente criminalizaci\u00f3n de comunicadores y el avance represivo contra los medios comunitarios.<\/p>\n<p>Escuch\u00e1 la cobertura completa del MICROFONAZO:<\/p>\n<p>Convocado por el espacio Interredes, la medida de preotesta se realiz\u00f3 en distintas ciudades del pa\u00eds. En la CABA se instal\u00f3 frente a la sede del ENACOM una radio abierta donde se hicieron presentes referentes de los diferentes\u00a0de medios comunitarios. \u00a0La medida de protesta reclama\u00a0por la falta de cumplimiento del ENACOM con los art\u00edculos que a\u00fan siguen vigentes de la Ley y el pago comprometido que a\u00fan est\u00e1 pendiente de cumplimiento y que en la pr\u00e1ctica cercena el derecho a la comunicaci\u00f3n y la libertad de expresi\u00f3n, \u00a0al ahogar a los medios y restarle los recursos econ\u00f3micos que les corresponden.\u00a0La entrada en vigencia del decreto, \u00a0que dict\u00f3 el Poder Ejecutivo Nacional a pocas horas de asumir, dejo a los \u00a0medios comunitarios en condiciones de gran vulnerabilidad frente a la concentraci\u00f3n de medios, a la vez que parece haber facilitado el hostigamiento estatal y la criminalizaci\u00f3n de comunicadores, que diariamente sufren los medios populares, muchas veces con la confiscaci\u00f3n de equipos, bajo argumentos sospechosos.<\/p>\n<p>Los medios comunitarios somos los que diariamente hacemos escuchar las voces de los distintos territorios y as\u00ed contamos las distintas realidades que no tienen difusi\u00f3n, y que cuentan la vida de nuestro pueblo. Sin medios comunitarios no hay democracia.<\/p>\n\n","protected":false},"excerpt":{"rendered":"<p>[FM Riachuelo 12\/05\/2017] En la tarde de ayer frente a las oficinas del ENACOM, los medios comunitarios realizaron una medida de protesta: \u00abMICROFONAZO\u00bb a 500 d\u00edas de la entrada en vigencia del Decreto 267, que anul\u00f3 la Ley de Servicios de Comunicaci\u00f3n Audiovisual y cercen\u00f3 los derechos a la comunicaci\u00f3n de los medios comunitarios, \u00a0que [&hellip;]<\/p>\n","protected":false},"author":4,"featured_media":4504,"comment_status":"open","ping_status":"open","sticky":false,"template":"","format":"standard","meta":{"_monsterinsights_skip_tracking":false,"_monsterinsights_sitenote_active":false,"_monsterinsights_sitenote_note":"","_monsterinsights_sitenote_category":0,"jnews-multi-image_gallery":[],"jnews_single_post":[],"jnews_primary_category":[],"_joinchat":[],"footnotes":""},"categories":[76,77],"tags":[],"class_list":["post-4499","post","type-post","status-publish","format-standard","has-post-thumbnail","hentry","category-salud-comunitaria","category-soberania"],"_links":{"self":[{"href":"http:\/\/fmriachuelo.it10.com.ar\/index.php\/wp-json\/wp\/v2\/posts\/4499","targetHints":{"allow":["GET"]}}],"collection":[{"href":"http:\/\/fmriachuelo.it10.com.ar\/index.php\/wp-json\/wp\/v2\/posts"}],"about":[{"href":"http:\/\/fmriachuelo.it10.com.ar\/index.php\/wp-json\/wp\/v2\/types\/post"}],"author":[{"embeddable":true,"href":"http:\/\/fmriachuelo.it10.com.ar\/index.php\/wp-json\/wp\/v2\/users\/4"}],"replies":[{"embeddable":true,"href":"http:\/\/fmriachuelo.it10.com.ar\/index.php\/wp-json\/wp\/v2\/comments?post=4499"}],"version-history":[{"count":0,"href":"http:\/\/fmriachuelo.it10.com.ar\/index.php\/wp-json\/wp\/v2\/posts\/4499\/revisions"}],"wp:featuredmedia":[{"embeddable":true,"href":"http:\/\/fmriachuelo.it10.com.ar\/index.php\/wp-json\/"}],"wp:attachment":[{"href":"http:\/\/fmriachuelo.it10.com.ar\/index.php\/wp-json\/wp\/v2\/media?parent=4499"}],"wp:term":[{"taxonomy":"category","embeddable":true,"href":"http:\/\/fmriachuelo.it10.com.ar\/index.php\/wp-json\/wp\/v2\/categories?post=4499"},{"taxonomy":"post_tag","embeddable":true,"href":"http:\/\/fmriachuelo.it10.com.ar\/index.php\/wp-json\/wp\/v2\/tags?post=4499"}],"curies":[{"name":"wp","href":"https:\/\/api.w.org\/{rel}","templated":true}]}}