{"id":4485,"date":"2017-05-11T02:58:25","date_gmt":"2017-05-11T02:58:25","guid":{"rendered":"http:\/\/fmriachuelo.com.ar\/ljkjklj\/?p=4485"},"modified":"2017-05-11T02:58:25","modified_gmt":"2017-05-11T02:58:25","slug":"ningungenocidasuelto-masiva-marcha-contra-el-2-x-1","status":"publish","type":"post","link":"http:\/\/fmriachuelo.it10.com.ar\/index.php\/2017\/05\/11\/ningungenocidasuelto-masiva-marcha-contra-el-2-x-1\/","title":{"rendered":"#NINGUNGENOCIDASUELTO, MASIVA MARCHA CONTRA EL 2 X 1"},"content":{"rendered":"<p>[FM Riachuelo 10\/05\/2017] Una multitud se hizo presente hoy para marchar hacia Plaza de Mayo en muestra de repudio contra la sentencia de la Corte Suprema de Justicia que reduce las condenas, \u00a0a\u00a0los responsables del genocidio cometido durante la \u00faltima dictadura c\u00edvico militar. Una impresionante manifestaci\u00f3n de rechazo, del conjunto de la sociedad, \u00a0que desbord\u00f3 cualquier calculo, donde se hicieron presentes distintas organizaciones sociales, pol\u00edticas, gremiales, barriales, expresiones culturales y agrupaciones que llegaron, junto a familias y personas que se fueron acercando con la necesidad de hacerse presentes para visibilizar el generalizada impugnaci\u00f3n a la sentencia judicial.<\/p>\n<p>Escuch\u00e1 a continuaci\u00f3n la cobertura de <strong><span style=\"color: #ff0000\">FM Riachuelo<\/span><\/strong>:<\/p>\n<p>Tambi\u00e9n los trabajadores de la econom\u00eda popular se movilizaron. La Confederaci\u00f3n de Trabajadores de la Econom\u00eda Popular, CTEP, march\u00f3 desde 9 de Julio y Av. Belgrano hacia Plaza de Mayo, con una importante presencia de sus diferentes ramas y expresiones gremiales, junto a organizaciones compa\u00f1eras como Barrios de Pie y la Corriente Clasista y Combativa, que vienen moviliz\u00e1ndose en unidad, en\u00a0una muestra clara de repudio que acompa\u00f1a el reclamo un\u00e1nime de la sociedad. As\u00ed lo expres\u00f3 el Secretario de DD.HH. de la CTEP, Lito Borello: \u00ablos trabajadores de la econom\u00eda popular est\u00e1n presentes al lado de las luchas de todo el pueblo\u00bb, al tiempo que fue enf\u00e1tico al caracterizar la \u00abofensa que hace el gobierno nacional con este 2 x 1\u00bb. En el contexto de este Poder Judicial, que dicta estas sentencias que benefician a los genocidas, Borello tambi\u00e9n fue consultado por la situaci\u00f3n que atraviesa, al ser juzgado por \u00abla toma de la comisaria\u00bb y en ese sentido respondi\u00f3 que: \u00abesta claro que esta quebrado el estado de derecho, que la justicia es subsidiaria de la pol\u00edtica que Mauricio Macri est\u00e1 implementando\u00bb mientras agreg\u00f3 que la creciente situaci\u00f3n de pobreza que se suma a un contrato social quebrado, pone en duda la legitimidad de esta\u00a0democracia.<\/p>\n<p>Una masiva expresi\u00f3n popular visibiliz\u00f3 en el d\u00eda de hoy el fuerte rechazo y condena de la sociedad en su conjunto, que a lo largo y ancho del pa\u00eds se manifest\u00f3 de manera masiva, en cada plaza.<\/p>\n<p>&nbsp;<\/p>\n\n<p>&nbsp;<\/p>\n<p>&nbsp;<\/p>\n<p>&nbsp;<\/p>\n","protected":false},"excerpt":{"rendered":"<p>[FM Riachuelo 10\/05\/2017] Una multitud se hizo presente hoy para marchar hacia Plaza de Mayo en muestra de repudio contra la sentencia de la Corte Suprema de Justicia que reduce las condenas, \u00a0a\u00a0los responsables del genocidio cometido durante la \u00faltima dictadura c\u00edvico militar. Una impresionante manifestaci\u00f3n de rechazo, del conjunto de la sociedad, \u00a0que desbord\u00f3 [&hellip;]<\/p>\n","protected":false},"author":4,"featured_media":4491,"comment_status":"open","ping_status":"open","sticky":false,"template":"","format":"standard","meta":{"_monsterinsights_skip_tracking":false,"_monsterinsights_sitenote_active":false,"_monsterinsights_sitenote_note":"","_monsterinsights_sitenote_category":0,"jnews-multi-image_gallery":[],"jnews_single_post":[],"jnews_primary_category":[],"_joinchat":[],"footnotes":""},"categories":[78,76],"tags":[],"class_list":["post-4485","post","type-post","status-publish","format-standard","has-post-thumbnail","hentry","category-economia-popular","category-salud-comunitaria"],"_links":{"self":[{"href":"http:\/\/fmriachuelo.it10.com.ar\/index.php\/wp-json\/wp\/v2\/posts\/4485","targetHints":{"allow":["GET"]}}],"collection":[{"href":"http:\/\/fmriachuelo.it10.com.ar\/index.php\/wp-json\/wp\/v2\/posts"}],"about":[{"href":"http:\/\/fmriachuelo.it10.com.ar\/index.php\/wp-json\/wp\/v2\/types\/post"}],"author":[{"embeddable":true,"href":"http:\/\/fmriachuelo.it10.com.ar\/index.php\/wp-json\/wp\/v2\/users\/4"}],"replies":[{"embeddable":true,"href":"http:\/\/fmriachuelo.it10.com.ar\/index.php\/wp-json\/wp\/v2\/comments?post=4485"}],"version-history":[{"count":0,"href":"http:\/\/fmriachuelo.it10.com.ar\/index.php\/wp-json\/wp\/v2\/posts\/4485\/revisions"}],"wp:featuredmedia":[{"embeddable":true,"href":"http:\/\/fmriachuelo.it10.com.ar\/index.php\/wp-json\/"}],"wp:attachment":[{"href":"http:\/\/fmriachuelo.it10.com.ar\/index.php\/wp-json\/wp\/v2\/media?parent=4485"}],"wp:term":[{"taxonomy":"category","embeddable":true,"href":"http:\/\/fmriachuelo.it10.com.ar\/index.php\/wp-json\/wp\/v2\/categories?post=4485"},{"taxonomy":"post_tag","embeddable":true,"href":"http:\/\/fmriachuelo.it10.com.ar\/index.php\/wp-json\/wp\/v2\/tags?post=4485"}],"curies":[{"name":"wp","href":"https:\/\/api.w.org\/{rel}","templated":true}]}}